{"id":1887,"date":"2012-09-15T16:43:53","date_gmt":"2012-09-15T19:43:53","guid":{"rendered":"http:\/\/jornalcontato.com.br\/home\/?p=1887"},"modified":"2012-09-24T09:37:07","modified_gmt":"2012-09-24T12:37:07","slug":"lula-na-campanha-eleitoral-de-taubate","status":"publish","type":"post","link":"https:\/\/www.jornalcontato.com.br\/home\/index.php\/lula-na-campanha-eleitoral-de-taubate\/","title":{"rendered":"Lula na campanha eleitoral de Taubat\u00e9"},"content":{"rendered":"<p>Na noite de sexta-feira, dia 14, a campanha eleitoral de Isaac do Carmo (PT), candidato a prefeito, exibiu um v\u00eddeo dele com o ex-Presidente Lula. Foi a entrada oficial de Lula na campanha eleitoral em Taubat\u00e9. <!--more-->\u00a0Ao mesmo tempo, a campanha petista iniciou um servi\u00e7o de telemarketing. Eles ligam para a casa das pessoas e, ap\u00f3s breve apresenta\u00e7\u00e3o, reproduzem grava\u00e7\u00e3o de Lula pedindo votos para Isaac do Carmo (PT).\u00a0O efeito dessas a\u00e7\u00f5es junto ao eleitorado s\u00f3 poder\u00e1 ser medido nos pr\u00f3ximos dias.<\/p>\n<p>No programa de TV exibido no hor\u00e1rio eleitoral, Lula gasta um bom tempo para falar de si mesmo e de seu governo. Ele tamb\u00e9m atacou a &#8220;elite brasileira que governa o pa\u00eds h\u00e1 500 anos&#8221;, sem, evidentemente, fala de seu patrim\u00f4nio pessoal estimado em torno de 2 bilh\u00f5es de d\u00f3lares, segundo levantamento realizado pela revista Forbes.<\/p>\n<p>Quando Isaac do Carmo (PT) prometeu remover a linha f\u00e9rrea do centro da cidade, Lula respondeu: &#8220;certamente se o prefeito [Roberto Peixoto] tivesse feito o pedido quando eu estava na Presid\u00eancia, eu teria feito&#8221;. \u00c9 claro que Lula omitiu o fato de ter gravado um v\u00eddeo exclusivo para a campanha de reelei\u00e7\u00e3o de Roberto Peixoto em 2008, quando o PT tinha o cargo de vice-prefeito. Clique <a href=\"http:\/\/www.youtube.com\/watch?v=mh2tUGJAspE&amp;feature=player_embedded#!\">AQUI<\/a> para assistir o v\u00eddeo de Lula com Isaac do Carmo (PT).<\/p>\n<p>&nbsp;<\/p>\n<p>&nbsp;<\/p>\n","protected":false},"excerpt":{"rendered":"<p>Na noite de sexta-feira, dia 14, a campanha eleitoral de Isaac do Carmo (PT), candidato a prefeito, exibiu um v\u00eddeo dele com o ex-Presidente Lula. &#8230;<\/p>\n","protected":false},"author":1,"featured_media":1888,"comment_status":"open","ping_status":"open","sticky":false,"template":"","format":"standard","meta":{"footnotes":""},"categories":[7],"tags":[],"class_list":["post-1887","post","type-post","status-publish","format-standard","has-post-thumbnail","hentry","category-reportagem"],"_links":{"self":[{"href":"https:\/\/www.jornalcontato.com.br\/home\/index.php\/wp-json\/wp\/v2\/posts\/1887","targetHints":{"allow":["GET"]}}],"collection":[{"href":"https:\/\/www.jornalcontato.com.br\/home\/index.php\/wp-json\/wp\/v2\/posts"}],"about":[{"href":"https:\/\/www.jornalcontato.com.br\/home\/index.php\/wp-json\/wp\/v2\/types\/post"}],"author":[{"embeddable":true,"href":"https:\/\/www.jornalcontato.com.br\/home\/index.php\/wp-json\/wp\/v2\/users\/1"}],"replies":[{"embeddable":true,"href":"https:\/\/www.jornalcontato.com.br\/home\/index.php\/wp-json\/wp\/v2\/comments?post=1887"}],"version-history":[{"count":5,"href":"https:\/\/www.jornalcontato.com.br\/home\/index.php\/wp-json\/wp\/v2\/posts\/1887\/revisions"}],"predecessor-version":[{"id":2229,"href":"https:\/\/www.jornalcontato.com.br\/home\/index.php\/wp-json\/wp\/v2\/posts\/1887\/revisions\/2229"}],"wp:featuredmedia":[{"embeddable":true,"href":"https:\/\/www.jornalcontato.com.br\/home\/index.php\/wp-json\/wp\/v2\/media\/1888"}],"wp:attachment":[{"href":"https:\/\/www.jornalcontato.com.br\/home\/index.php\/wp-json\/wp\/v2\/media?parent=1887"}],"wp:term":[{"taxonomy":"category","embeddable":true,"href":"https:\/\/www.jornalcontato.com.br\/home\/index.php\/wp-json\/wp\/v2\/categories?post=1887"},{"taxonomy":"post_tag","embeddable":true,"href":"https:\/\/www.jornalcontato.com.br\/home\/index.php\/wp-json\/wp\/v2\/tags?post=1887"}],"curies":[{"name":"wp","href":"https:\/\/api.w.org\/{rel}","templated":true}]}}