{"id":18839,"date":"2021-03-05T18:57:49","date_gmt":"2021-03-05T21:57:49","guid":{"rendered":"http:\/\/www.jornalcontato.com.br\/home\/?p=18839"},"modified":"2021-03-05T19:54:47","modified_gmt":"2021-03-05T22:54:47","slug":"a-ponta-do-iceberg-a-petrobras-camuflada-por-caminhoneiros-paulo-de-tarso","status":"publish","type":"post","link":"https:\/\/www.jornalcontato.com.br\/home\/index.php\/a-ponta-do-iceberg-a-petrobras-camuflada-por-caminhoneiros-paulo-de-tarso\/","title":{"rendered":"A ponta do iceberg: a Petrobr\u00e1s camuflada por caminhoneiros (Paulo de Tarso)"},"content":{"rendered":"<p>Um golpe milion\u00e1rio na maior empresa brasileira quase passa batido, apesar de veiculado pelo Jornal Nacional de ter\u00e7a-feira, 02. Em apenas alguns minutos, especialistas do mercado financeiro agiram com informa\u00e7\u00f5es privilegiadas (<em>insider trading<\/em>) e levaram um troco de R$ 18 milh\u00f5es no final da tarde de 18 de fevereiro. A CVM (Comiss\u00e3o de Valores Mobili\u00e1rios) detectou que as compras foram realizadas fora dos padr\u00f5es. \u00a0Mais detalhes <a href=\"https:\/\/g1.globo.com\/jornal-nacional\/noticia\/2021\/03\/02\/cvm-pode-abrir-processo-para-investigar-operacoes-suspeitas-com-acoes-da-petrobras.ghtml\">AQUI<\/a>.<\/p>\n<p>Curiosidade: na sequ\u00eancia, o presidente anunciou em <em>live <\/em>para seus correligion\u00e1rios que \u201calguma coisa ia acontecer com a Petrobr\u00e1s\u201d, a demiss\u00e3o do presidente da empresa devidamente camuflada pelo aumento do pre\u00e7o dos combust\u00edveis que teria provocado o \u201cdescontentamento\u201d dos caminhoneiros de sua base eleitoral.<\/p>\n<p><a href=\"http:\/\/jornalcontato.com.br\/home\/wp-content\/uploads\/2021\/03\/CVM-Petrobras.jpg\"><img loading=\"lazy\" decoding=\"async\" class=\"aligncenter size-large wp-image-18840\" src=\"http:\/\/jornalcontato.com.br\/home\/wp-content\/uploads\/2021\/03\/CVM-Petrobras-450x270.jpg\" alt=\"\" width=\"450\" height=\"270\" srcset=\"https:\/\/jornalcontato.com.br\/home\/wp-content\/uploads\/2021\/03\/CVM-Petrobras-450x270.jpg 450w, https:\/\/jornalcontato.com.br\/home\/wp-content\/uploads\/2021\/03\/CVM-Petrobras-300x180.jpg 300w, https:\/\/jornalcontato.com.br\/home\/wp-content\/uploads\/2021\/03\/CVM-Petrobras-768x461.jpg 768w, https:\/\/jornalcontato.com.br\/home\/wp-content\/uploads\/2021\/03\/CVM-Petrobras.jpg 1086w\" sizes=\"auto, (max-width: 450px) 100vw, 450px\" \/><\/a><\/p>\n<p style=\"text-align: center;\"><em><strong>Em minutos, insider trading levam milh\u00f5es; Bolsonaro sabia?<\/strong><\/em><\/p>\n<p>Mais uma aberra\u00e7\u00e3o do presidente? H\u00e1 ind\u00edcios que Bolsonaro apenas segue as orienta\u00e7\u00f5es que constam na cartilha que Steve Bannon produziu para a vitoriosa campanha de Donald Trump. Por exemplo, o personagem (candidato ou autoridade) deve dar declara\u00e7\u00f5es pol\u00eamicas ou agir diariamente, por mais absurdas que sejam. Objetivo: disputar espa\u00e7o nos notici\u00e1rios. O tempo\/espa\u00e7o que a imprensa gastar com isso ela deixar\u00e1 de veicular not\u00edcias cr\u00edticas que afetam o desempenho do personagem\/autoridade.<\/p>\n<p>As declara\u00e7\u00f5es do presidente no Tri\u00e2ngulo Mineiro n\u00e3o seriam apenas destemperos. Elas serviram para lan\u00e7ar n\u00e9voas sobre o notici\u00e1rio pesado que predomina nos \u00faltimos dias: recorde mortes pela covid 19, a situa\u00e7\u00e3o da Petrobr\u00e1s, a compra de uma mans\u00e3o em Bras\u00edlia (\u201capenas um neg\u00f3cio de compra e venda\u201d) pelo filho senador e de quebra a \u201camea\u00e7a\u201d dos caminhoneiros.<\/p>\n<p>Os fatos dos \u00faltimos 26 meses indicam que se trata de mais um teste sobre os limites das institui\u00e7\u00f5es e assim calibrar discursos e manifesta\u00e7\u00f5es.<\/p>\n<p>Na Petrobr\u00e1s, os cinco conselheiros n\u00e3o indicados pelo governo n\u00e3o querem ser reconduzidos ao conselho da empresa na pr\u00f3xima Assembleia Geral. Eles tentam escapar do efeito Orloff vivido pela dire\u00e7\u00e3o da Petrobr\u00e1s no governo de Dilma Rousseff, descrito pela reportagem de Malu Gaspar no O Globo de hoje (ler <a href=\"https:\/\/digital.estadao.com.br\/@Reader11513378\/csb_XUKBmTD__Yy6LUXh_8yXF-YTyaQEwAcZkBu_0b0O_Q74cz_F5X2n49iGclesAka7\">AQUI<\/a>. Malu \u00e9 jornalista e autora da obra prima \u201cA Organiza\u00e7\u00e3o \u2013 A Odebrecht e o Esquema de Corrup\u00e7\u00e3o que Chocou o Mundo\u201d. Mais de 700 p\u00e1ginas. Leitura obrigat\u00f3ria.<\/p>\n<p>O dia a dia da pol\u00edtica nacional aponta para uma situa\u00e7\u00e3o imprevis\u00edvel, por enquanto. Sem partidos pol\u00edticos e lideran\u00e7as representativos s\u00f3 restam perguntas. E nenhum ind\u00edcio de respostas razoavelmente consistentes.<\/p>\n<p>Na \u00e1rea sanit\u00e1ria, a falta de coordena\u00e7\u00e3o e dire\u00e7\u00e3o tem deixado a popula\u00e7\u00e3o angustiada e desinformada. N\u00e3o fosse a trag\u00e9dia provocada pela pandemia, o papel do governo Bolsonaro j\u00e1 faz parte do anedot\u00e1rio internacional. Trag\u00e9dia provocada pelo presidente cujo negacionismo o levou a nomear um general como ministro da Sa\u00fade e cumprir rigorosamente as ordens do capit\u00e3o. A popula\u00e7\u00e3o de Manaus, at\u00e9 o momento, foi a mais castigada por essa pol\u00edtica antici\u00eancia.<\/p>\n<p>No campo pol\u00edtico, depois de sofrer derrotas no Congresso Nacional, abandonou a \u201cnova pol\u00edtica\u201d pregada durante da campanha eleitoral de 2018 e curvou-se ao centr\u00e3o e \u00e0s faturas que lhe s\u00e3o apresentadas diariamente. Apesar de ter sido um membro do centr\u00e3o, parece que se esqueceu que esse grupo n\u00e3o tem qualquer compromisso \u00e9tico. Se os equipamentos meteorol\u00f3gicos pol\u00edticos apontarem qualquer ind\u00edcio de mudan\u00e7a de vento com certeza o centr\u00e3o estar\u00e1 \u00e0 sua espera na outra margem.<\/p>\n<p><a href=\"http:\/\/jornalcontato.com.br\/home\/wp-content\/uploads\/2021\/03\/Caminhoneiros.png\"><img loading=\"lazy\" decoding=\"async\" class=\"aligncenter size-large wp-image-18841\" src=\"http:\/\/jornalcontato.com.br\/home\/wp-content\/uploads\/2021\/03\/Caminhoneiros-450x334.png\" alt=\"\" width=\"450\" height=\"334\" srcset=\"https:\/\/jornalcontato.com.br\/home\/wp-content\/uploads\/2021\/03\/Caminhoneiros-450x334.png 450w, https:\/\/jornalcontato.com.br\/home\/wp-content\/uploads\/2021\/03\/Caminhoneiros-300x223.png 300w, https:\/\/jornalcontato.com.br\/home\/wp-content\/uploads\/2021\/03\/Caminhoneiros-768x570.png 768w, https:\/\/jornalcontato.com.br\/home\/wp-content\/uploads\/2021\/03\/Caminhoneiros.png 868w\" sizes=\"auto, (max-width: 450px) 100vw, 450px\" \/><\/a><\/p>\n<p style=\"text-align: center;\"><em><strong>Caminhoneiros seriam usados como massa de manobra de Bolsonaro?<\/strong><\/em><\/p>\n<p>Os militares s\u00e3o uma inc\u00f3gnita. Nunca essa corpora\u00e7\u00e3o teve tanta for\u00e7a e poder. General Villas Boas foi um dos principais articuladores e avalista do golpe que destituiu Dilma Rousseff e impediu a liberta\u00e7\u00e3o de Lula que disputaria a presid\u00eancia com Lula. Bolsonaro j\u00e1 explicitou em v\u00e1rias ocasi\u00f5es que Villas Boas \u00e9 um dos respons\u00e1veis pela sua elei\u00e7\u00e3o. General Santos Cruz, talvez o mais profissional dessa gera\u00e7\u00e3o fardada e respeitad\u00edssimo pelos seus pares e pela tropa, transformou-se em cr\u00edtico mordaz pelo desgoverno do qual fez parte durante o primeiro semestre de 2019.<\/p>\n<p>Na economia tamb\u00e9m pairam d\u00favidas no horizonte. Paulo Guedes est\u00e1 literalmente desmoralizado. Sua proposta liberal encalhou quando Bolsonaro assumiu. E o desgaste provocado pela demiss\u00e3o do presidente da Petrobr\u00e1s ainda n\u00e3o cessou. Seus principais assessores j\u00e1 abandonaram o barco. As prometidas privatiza\u00e7\u00f5es ainda n\u00e3o passam de promessas. Em todo balan\u00e7o que apresenta, os verbos s\u00e3o conjugados no futuro.<\/p>\n<p>Semana que vem as faturas dever\u00e3o ser apresentadas. O m\u00eas de mar\u00e7o promete.<\/p>\n<p>&nbsp;<\/p>\n","protected":false},"excerpt":{"rendered":"<p>Um golpe milion\u00e1rio na maior empresa brasileira quase passa batido, apesar de veiculado pelo Jornal Nacional de ter\u00e7a-feira, 02. Em apenas alguns minutos, especialistas do &#8230;<\/p>\n","protected":false},"author":1,"featured_media":18844,"comment_status":"open","ping_status":"open","sticky":false,"template":"","format":"standard","meta":{"footnotes":""},"categories":[1],"tags":[],"class_list":["post-18839","post","type-post","status-publish","format-standard","has-post-thumbnail","hentry","category-nacional"],"_links":{"self":[{"href":"https:\/\/www.jornalcontato.com.br\/home\/index.php\/wp-json\/wp\/v2\/posts\/18839","targetHints":{"allow":["GET"]}}],"collection":[{"href":"https:\/\/www.jornalcontato.com.br\/home\/index.php\/wp-json\/wp\/v2\/posts"}],"about":[{"href":"https:\/\/www.jornalcontato.com.br\/home\/index.php\/wp-json\/wp\/v2\/types\/post"}],"author":[{"embeddable":true,"href":"https:\/\/www.jornalcontato.com.br\/home\/index.php\/wp-json\/wp\/v2\/users\/1"}],"replies":[{"embeddable":true,"href":"https:\/\/www.jornalcontato.com.br\/home\/index.php\/wp-json\/wp\/v2\/comments?post=18839"}],"version-history":[{"count":3,"href":"https:\/\/www.jornalcontato.com.br\/home\/index.php\/wp-json\/wp\/v2\/posts\/18839\/revisions"}],"predecessor-version":[{"id":18846,"href":"https:\/\/www.jornalcontato.com.br\/home\/index.php\/wp-json\/wp\/v2\/posts\/18839\/revisions\/18846"}],"wp:featuredmedia":[{"embeddable":true,"href":"https:\/\/www.jornalcontato.com.br\/home\/index.php\/wp-json\/wp\/v2\/media\/18844"}],"wp:attachment":[{"href":"https:\/\/www.jornalcontato.com.br\/home\/index.php\/wp-json\/wp\/v2\/media?parent=18839"}],"wp:term":[{"taxonomy":"category","embeddable":true,"href":"https:\/\/www.jornalcontato.com.br\/home\/index.php\/wp-json\/wp\/v2\/categories?post=18839"},{"taxonomy":"post_tag","embeddable":true,"href":"https:\/\/www.jornalcontato.com.br\/home\/index.php\/wp-json\/wp\/v2\/tags?post=18839"}],"curies":[{"name":"wp","href":"https:\/\/api.w.org\/{rel}","templated":true}]}}