{"id":18832,"date":"2021-03-01T13:44:57","date_gmt":"2021-03-01T16:44:57","guid":{"rendered":"http:\/\/www.jornalcontato.com.br\/home\/?p=18832"},"modified":"2021-03-01T13:45:31","modified_gmt":"2021-03-01T16:45:31","slug":"bolsonaro-e-a-construcao-do-caos-fernando-gabeira-o-globo","status":"publish","type":"post","link":"https:\/\/www.jornalcontato.com.br\/home\/index.php\/bolsonaro-e-a-construcao-do-caos-fernando-gabeira-o-globo\/","title":{"rendered":"Bolsonaro e a constru\u00e7\u00e3o do caos (Fernando Gabeira, O Globo)"},"content":{"rendered":"<p style=\"text-align: center;\"><em><strong>O retorno do tradicionalismo e da ascens\u00e3o da direita populista<\/strong><\/em><\/p>\n<p>Na semana em que as mortes pela pandemia atingem a marca de 255 mil, toda a atmosfera pol\u00edtica parece sombria. N\u00e3o \u00e9 caso de desespero, apenas a constata\u00e7\u00e3o de que vivemos um momento especialmente dif\u00edcil.<\/p>\n<p>Enquanto sonhamos com a imuniza\u00e7\u00e3o do povo contra a Covid-19, quem recebe vacinas \u00e9 Fl\u00e1vio Bolsonaro, filho do presidente, e os congressistas do Brasil. Fl\u00e1vio ganhou uma vacina contra a puni\u00e7\u00e3o no caso das rachadinhas. Os congressistas foram mais longe e produziram um projeto que os vacina contra a pris\u00e3o em flagrante.<\/p>\n<p>Impressionante ver como o populismo de direita se associa aos pol\u00edticos tradicionais para criar uma intranspon\u00edvel blindagem para toda sorte de crimes.<\/p>\n<p>E logo eles, os populistas de direita, que afirmam a decad\u00eancia de um mundo materialista, distante dos valores espirituais que pretendem restaurar.<\/p>\n<p><a href=\"http:\/\/jornalcontato.com.br\/home\/wp-content\/uploads\/2021\/03\/Bozo-e-Flavio.jpg\"><img loading=\"lazy\" decoding=\"async\" class=\"aligncenter size-large wp-image-18833\" src=\"http:\/\/jornalcontato.com.br\/home\/wp-content\/uploads\/2021\/03\/Bozo-e-Flavio-450x300.jpg\" alt=\"\" width=\"450\" height=\"300\" srcset=\"https:\/\/jornalcontato.com.br\/home\/wp-content\/uploads\/2021\/03\/Bozo-e-Flavio-450x300.jpg 450w, https:\/\/jornalcontato.com.br\/home\/wp-content\/uploads\/2021\/03\/Bozo-e-Flavio-300x200.jpg 300w, https:\/\/jornalcontato.com.br\/home\/wp-content\/uploads\/2021\/03\/Bozo-e-Flavio.jpg 768w\" sizes=\"auto, (max-width: 450px) 100vw, 450px\" \/><\/a><\/p>\n<p style=\"text-align: center;\"><em><strong>Presidente Bolsonaro investe pesado na defesa do filho Fl\u00e1vio 01<\/strong><\/em><\/p>\n<p>Acabo de ler \u201cGuerra pela eternidade\u201d, um livro de Benjamin Teitelbaum. O livro fala do retorno do tradicionalismo e da ascens\u00e3o da direita populista. Infelizmente, n\u00e3o posso fazer uma resenha aqui, sen\u00e3o meu espa\u00e7o iria para o espa\u00e7o, se me perdoam o jogo de palavras.<\/p>\n<p>Teitelbaum \u00e9 etn\u00f3grafo, e seu m\u00e9todo de pesquisa consiste em observar e interagir com as pessoas que estuda. Dois personagens, entre outros, se destacam em seu livro: Steve Bannon e Olavo de Carvalho. A leitura do livro me ensinou alguma coisa sobre o pensamento da direita, embora a tese central n\u00e3o tenha me parecido muito s\u00f3lida. Ele tenta enquadrar Steve Bannon e Olavo de Carvalho no figurino do tradicionalismo, mas algumas partes do corpo ficam do lado de fora, n\u00e3o cabem exatamente.<\/p>\n<p>O tradicionalismo tem uma vis\u00e3o circular do tempo. As \u00e9pocas se sucedem da Idade do Ouro, o tempo dos sacerdotes, passando pelos guerreiros e comerciantes, at\u00e9 o dos escravos, a decad\u00eancia que se vive hoje no mundo material, globalizado, dominado por uma alian\u00e7a entre o liberalismo e a China.<\/p>\n<p><a href=\"http:\/\/jornalcontato.com.br\/home\/wp-content\/uploads\/2021\/03\/Benjamin-Teitelbaum.jpg\"><img loading=\"lazy\" decoding=\"async\" class=\"aligncenter size-full wp-image-18834\" src=\"http:\/\/jornalcontato.com.br\/home\/wp-content\/uploads\/2021\/03\/Benjamin-Teitelbaum.jpg\" alt=\"\" width=\"401\" height=\"401\" srcset=\"https:\/\/jornalcontato.com.br\/home\/wp-content\/uploads\/2021\/03\/Benjamin-Teitelbaum.jpg 401w, https:\/\/jornalcontato.com.br\/home\/wp-content\/uploads\/2021\/03\/Benjamin-Teitelbaum-300x300.jpg 300w, https:\/\/jornalcontato.com.br\/home\/wp-content\/uploads\/2021\/03\/Benjamin-Teitelbaum-150x150.jpg 150w, https:\/\/jornalcontato.com.br\/home\/wp-content\/uploads\/2021\/03\/Benjamin-Teitelbaum-80x80.jpg 80w, https:\/\/jornalcontato.com.br\/home\/wp-content\/uploads\/2021\/03\/Benjamin-Teitelbaum-360x360.jpg 360w\" sizes=\"auto, (max-width: 401px) 100vw, 401px\" \/><\/a><\/p>\n<p style=\"text-align: center;\"><em><strong>Teitelbaum \u00e9 etn\u00f3grafo e observa e interage com as pessoas que estuda<\/strong><\/em><\/p>\n<p>Steve Bannon e Olavo de Carvalho sonham com um novo mundo, em que os moradores das \u00e1reas rurais americanas e o povo religioso do Brasil (no caso de Olavo) aparecem como as for\u00e7as novas que v\u00e3o restaur\u00e1-lo.<\/p>\n<p>\u00c9 um pouco parecido, num outro plano, com a vis\u00e3o rom\u00e2ntica dos comunistas, que viam a reden\u00e7\u00e3o na classe oper\u00e1ria. O mais importante, no entanto, \u00e9 que, assim como a velha extrema esquerda, Bannon quer implodir as institui\u00e7\u00f5es existentes.<\/p>\n<p>Isso explica, no governo Trump, a escolha de uma secret\u00e1ria de Educa\u00e7\u00e3o que distribu\u00eda vouchers para usarem em escolas particulares, anulando o ensino p\u00fablico. Ou mesmo a escolha de um diretor da ag\u00eancia ambiental cujo grande objetivo era acabar com seu ativismo.<\/p>\n<p><a href=\"http:\/\/jornalcontato.com.br\/home\/wp-content\/uploads\/2021\/03\/Bannon-e-Olavo.png\"><img loading=\"lazy\" decoding=\"async\" class=\"aligncenter size-large wp-image-18835\" src=\"http:\/\/jornalcontato.com.br\/home\/wp-content\/uploads\/2021\/03\/Bannon-e-Olavo-337x450.png\" alt=\"\" width=\"337\" height=\"450\" srcset=\"https:\/\/jornalcontato.com.br\/home\/wp-content\/uploads\/2021\/03\/Bannon-e-Olavo-337x450.png 337w, https:\/\/jornalcontato.com.br\/home\/wp-content\/uploads\/2021\/03\/Bannon-e-Olavo-225x300.png 225w, https:\/\/jornalcontato.com.br\/home\/wp-content\/uploads\/2021\/03\/Bannon-e-Olavo-768x1026.png 768w, https:\/\/jornalcontato.com.br\/home\/wp-content\/uploads\/2021\/03\/Bannon-e-Olavo.png 994w\" sizes=\"auto, (max-width: 337px) 100vw, 337px\" \/><\/a><\/p>\n<p style=\"text-align: center;\"><em><strong>Olavo de Carvalho e Steve Bannon, gurus de Bolsonaro<\/strong><\/em><\/p>\n<p>H\u00e1 correspond\u00eancia dessas escolhas no Brasil. Ricardo Salles foi apontado para destruir o trabalho legal pelo meio ambiente. Ernesto Ara\u00fajo, para realizar uma diplomacia que rompe com as pr\u00e1ticas tradicionais.<\/p>\n<p>Ara\u00fajo n\u00e3o se importa que o Brasil se transforme num p\u00e1ria. Num mundo decadente, isso \u00e9 um elogio: significa que h\u00e1 um papel na nova idade do ouro, em que os s\u00edmbolos superam a raz\u00e3o.<\/p>\n<p>N\u00e3o tenho espa\u00e7o para as contradi\u00e7\u00f5es. Lembro apenas que Bannon se diz espiritualista, mas recebia um sal\u00e1rio de US$ 1 milh\u00e3o de um bilion\u00e1rio chin\u00eas e foi acusado de desviar dinheiro destinado a construir o muro na fronteira com o M\u00e9xico.<\/p>\n<p>O ponto central \u00e9 que essas ideias influenciam o governo Bolsonaro. Ele mesmo \u00e9 uma esp\u00e9cie de antipresidente, algu\u00e9m destinado a explodir a institui\u00e7\u00e3o. O caos \u00e9 algo promissor para quem julga antever a aurora de uma nova era.<\/p>\n<p>\u00c9 assim que entendo sua interven\u00e7\u00e3o na Petrobr\u00e1s e os decretos para armar o povo. Na verdade, foi assim que li as principais declara\u00e7\u00f5es dos quadros da <em>alt-right<\/em>, a direita alternativa. A t\u00e1tica se parece muito com as velhas teorias revolucion\u00e1rias, s\u00f3 que com o sinal trocado.<\/p>\n","protected":false},"excerpt":{"rendered":"<p>O retorno do tradicionalismo e da ascens\u00e3o da direita populista Na semana em que as mortes pela pandemia atingem a marca de 255 mil, toda &#8230;<\/p>\n","protected":false},"author":1,"featured_media":18836,"comment_status":"open","ping_status":"open","sticky":false,"template":"","format":"standard","meta":{"footnotes":""},"categories":[1],"tags":[],"class_list":["post-18832","post","type-post","status-publish","format-standard","has-post-thumbnail","hentry","category-nacional"],"_links":{"self":[{"href":"https:\/\/www.jornalcontato.com.br\/home\/index.php\/wp-json\/wp\/v2\/posts\/18832","targetHints":{"allow":["GET"]}}],"collection":[{"href":"https:\/\/www.jornalcontato.com.br\/home\/index.php\/wp-json\/wp\/v2\/posts"}],"about":[{"href":"https:\/\/www.jornalcontato.com.br\/home\/index.php\/wp-json\/wp\/v2\/types\/post"}],"author":[{"embeddable":true,"href":"https:\/\/www.jornalcontato.com.br\/home\/index.php\/wp-json\/wp\/v2\/users\/1"}],"replies":[{"embeddable":true,"href":"https:\/\/www.jornalcontato.com.br\/home\/index.php\/wp-json\/wp\/v2\/comments?post=18832"}],"version-history":[{"count":1,"href":"https:\/\/www.jornalcontato.com.br\/home\/index.php\/wp-json\/wp\/v2\/posts\/18832\/revisions"}],"predecessor-version":[{"id":18837,"href":"https:\/\/www.jornalcontato.com.br\/home\/index.php\/wp-json\/wp\/v2\/posts\/18832\/revisions\/18837"}],"wp:featuredmedia":[{"embeddable":true,"href":"https:\/\/www.jornalcontato.com.br\/home\/index.php\/wp-json\/wp\/v2\/media\/18836"}],"wp:attachment":[{"href":"https:\/\/www.jornalcontato.com.br\/home\/index.php\/wp-json\/wp\/v2\/media?parent=18832"}],"wp:term":[{"taxonomy":"category","embeddable":true,"href":"https:\/\/www.jornalcontato.com.br\/home\/index.php\/wp-json\/wp\/v2\/categories?post=18832"},{"taxonomy":"post_tag","embeddable":true,"href":"https:\/\/www.jornalcontato.com.br\/home\/index.php\/wp-json\/wp\/v2\/tags?post=18832"}],"curies":[{"name":"wp","href":"https:\/\/api.w.org\/{rel}","templated":true}]}}