{"id":18813,"date":"2021-02-26T14:01:53","date_gmt":"2021-02-26T17:01:53","guid":{"rendered":"http:\/\/www.jornalcontato.com.br\/home\/?p=18813"},"modified":"2021-02-26T14:03:18","modified_gmt":"2021-02-26T17:03:18","slug":"tragedia-na-tragedia-o-desgoverno-de-bolsonaro-na-pandemia-bernardo-mello-franco-o-globo","status":"publish","type":"post","link":"https:\/\/www.jornalcontato.com.br\/home\/index.php\/tragedia-na-tragedia-o-desgoverno-de-bolsonaro-na-pandemia-bernardo-mello-franco-o-globo\/","title":{"rendered":"Trag\u00e9dia na trag\u00e9dia: O desgoverno de Bolsonaro na pandemia (Bernardo Mello Franco, O Globo)"},"content":{"rendered":"<p style=\"text-align: center;\"><em><strong>Um retrato da irresponsabilidade do desgoverno Bolsonaro<\/strong><\/em><\/p>\n<p style=\"text-align: center;\"><strong><em>\u201cO pa\u00eds corre o risco de virar uma grande Manaus\u201d Luiz Henrique Mandetta<\/em><\/strong><\/p>\n<p>Em meados de dezembro, Jair Bolsonaro disse que o Brasil vivia \u201cum finalzinho de pandemia\u201d. Os n\u00fameros indicavam outra coisa, mas o presidente insistia em subestimar a Covid. Dois meses e meio depois, a crise sanit\u00e1ria atinge seu pior momento. Ontem o pa\u00eds registrou 1.582 mortes em 24 horas, um recorde desde a chegada do v\u00edrus.<\/p>\n<p>Em um ano, j\u00e1 morreram mais de 250 mil brasileiros. Agora a nova explos\u00e3o de casos se soma \u00e0 escassez de vacinas. O pa\u00eds amarga uma trag\u00e9dia dentro da trag\u00e9dia: o desgoverno do Capit\u00e3o Corona aumenta o poder de destrui\u00e7\u00e3o da doen\u00e7a.<\/p>\n<p>Bolsonaro conspirou abertamente contra a sa\u00fade p\u00fablica. Estimulou aglomera\u00e7\u00f5es, fez campanha contra o uso de m\u00e1scaras, travou a negocia\u00e7\u00e3o de vacinas e ejetou dois m\u00e9dicos do minist\u00e9rio. Entregou a pasta a um paraquedista trapalh\u00e3o, escolhido por n\u00e3o contestar as ordens do chefe.<\/p>\n<p>Em janeiro, o general Eduardo Pazuello deixou faltar oxig\u00eanio em Manaus. Ele havia sido avisado com dias de anteced\u00eancia, mas n\u00e3o se mexeu para evitar o colapso nos hospitais. Nesta quarta, o minist\u00e9rio militarizado admitiu outro erro grotesco: enviou para o Amap\u00e1 vacinas destinadas ao Amazonas.<\/p>\n<p><a href=\"http:\/\/jornalcontato.com.br\/home\/wp-content\/uploads\/2021\/02\/Bozo-e-Pazuello.jpg\"><img loading=\"lazy\" decoding=\"async\" class=\"aligncenter size-large wp-image-18814\" src=\"http:\/\/jornalcontato.com.br\/home\/wp-content\/uploads\/2021\/02\/Bozo-e-Pazuello-450x271.jpg\" alt=\"\" width=\"450\" height=\"271\" srcset=\"https:\/\/jornalcontato.com.br\/home\/wp-content\/uploads\/2021\/02\/Bozo-e-Pazuello-450x271.jpg 450w, https:\/\/jornalcontato.com.br\/home\/wp-content\/uploads\/2021\/02\/Bozo-e-Pazuello-300x180.jpg 300w, https:\/\/jornalcontato.com.br\/home\/wp-content\/uploads\/2021\/02\/Bozo-e-Pazuello.jpg 645w\" sizes=\"auto, (max-width: 450px) 100vw, 450px\" \/><\/a><\/p>\n<p style=\"text-align: center;\"><em><strong>General Pazuello cumpre fielmente todas as ordens do capit\u00e3o Corona<\/strong><\/em><\/p>\n<p>A pane na imuniza\u00e7\u00e3o \u00e9 mais um reflexo do desgoverno. O Brasil registra 10% das mortes pela Covid em todo o mundo, mas aplicou apenas 3% das vacinas. Ontem o Rio retomou a vacina\u00e7\u00e3o de idosos, que havia sido suspensa por falta de doses. No s\u00e1bado, ter\u00e1 que interromper a campanha pela segunda vez.<\/p>\n<p>\u201cN\u00e3o sei onde vamos parar. Se o Brasil mantiver a vacina\u00e7\u00e3o a conta-gotas, o n\u00famero de mortos pode ultrapassar os dois mil por dia. O pa\u00eds corre o risco de virar uma grande Manaus\u201d, alerta o ex-ministro Luiz Henrique Mandetta.<\/p>\n<p>Demitido por Bolsonaro no in\u00edcio da pandemia, ele projeta um cen\u00e1rio de \u201cdesastre anunciado\u201d nas pr\u00f3ximas semanas. \u201cO sistema de sa\u00fade est\u00e1 se despeda\u00e7ando. Quem est\u00e1 no comando sabe o que \u00e9 coturno, mas n\u00e3o sabe o que \u00e9 seringa ou agulha. E os t\u00e9cnicos que restaram no minist\u00e9rio est\u00e3o morrendo de medo\u201d, conta.<\/p>\n<p>\u201cNo meio da crise, o Paulo Guedes ainda quer aprovar o fim da vincula\u00e7\u00e3o de recursos para a sa\u00fade. Se isso passar, ser\u00e1 o tiro de miseric\u00f3rdia no SUS\u201d, afirma Mandetta.<\/p>\n","protected":false},"excerpt":{"rendered":"<p>Um retrato da irresponsabilidade do desgoverno Bolsonaro \u201cO pa\u00eds corre o risco de virar uma grande Manaus\u201d Luiz Henrique Mandetta Em meados de dezembro, Jair &#8230;<\/p>\n","protected":false},"author":1,"featured_media":18815,"comment_status":"open","ping_status":"open","sticky":false,"template":"","format":"standard","meta":{"footnotes":""},"categories":[1],"tags":[],"class_list":["post-18813","post","type-post","status-publish","format-standard","has-post-thumbnail","hentry","category-nacional"],"_links":{"self":[{"href":"https:\/\/www.jornalcontato.com.br\/home\/index.php\/wp-json\/wp\/v2\/posts\/18813","targetHints":{"allow":["GET"]}}],"collection":[{"href":"https:\/\/www.jornalcontato.com.br\/home\/index.php\/wp-json\/wp\/v2\/posts"}],"about":[{"href":"https:\/\/www.jornalcontato.com.br\/home\/index.php\/wp-json\/wp\/v2\/types\/post"}],"author":[{"embeddable":true,"href":"https:\/\/www.jornalcontato.com.br\/home\/index.php\/wp-json\/wp\/v2\/users\/1"}],"replies":[{"embeddable":true,"href":"https:\/\/www.jornalcontato.com.br\/home\/index.php\/wp-json\/wp\/v2\/comments?post=18813"}],"version-history":[{"count":1,"href":"https:\/\/www.jornalcontato.com.br\/home\/index.php\/wp-json\/wp\/v2\/posts\/18813\/revisions"}],"predecessor-version":[{"id":18816,"href":"https:\/\/www.jornalcontato.com.br\/home\/index.php\/wp-json\/wp\/v2\/posts\/18813\/revisions\/18816"}],"wp:featuredmedia":[{"embeddable":true,"href":"https:\/\/www.jornalcontato.com.br\/home\/index.php\/wp-json\/wp\/v2\/media\/18815"}],"wp:attachment":[{"href":"https:\/\/www.jornalcontato.com.br\/home\/index.php\/wp-json\/wp\/v2\/media?parent=18813"}],"wp:term":[{"taxonomy":"category","embeddable":true,"href":"https:\/\/www.jornalcontato.com.br\/home\/index.php\/wp-json\/wp\/v2\/categories?post=18813"},{"taxonomy":"post_tag","embeddable":true,"href":"https:\/\/www.jornalcontato.com.br\/home\/index.php\/wp-json\/wp\/v2\/tags?post=18813"}],"curies":[{"name":"wp","href":"https:\/\/api.w.org\/{rel}","templated":true}]}}