{"id":18805,"date":"2021-02-23T18:20:03","date_gmt":"2021-02-23T21:20:03","guid":{"rendered":"http:\/\/www.jornalcontato.com.br\/home\/?p=18805"},"modified":"2021-02-23T18:21:14","modified_gmt":"2021-02-23T21:21:14","slug":"flavio-bolsonaro-vence-o-1o-round-no-stj-paulo-de-tarso","status":"publish","type":"post","link":"https:\/\/www.jornalcontato.com.br\/home\/index.php\/flavio-bolsonaro-vence-o-1o-round-no-stj-paulo-de-tarso\/","title":{"rendered":"Fl\u00e1vio Bolsonaro vence o 1\u00ba round no STJ (Paulo de Tarso)"},"content":{"rendered":"<p style=\"text-align: center;\"><em><strong>Fl\u00e1vio Bolsonaro, o 01, \u00e9 velho amigo de Fabr\u00edcio Queiroz<\/strong><\/em><\/p>\n<p>O ministro Jo\u00e3o Ot\u00e1vio de Noronha, do Superior Tribunal de Justi\u00e7a (STJ) comandou a vit\u00f3ria por 4 X 1 de Fl\u00e1vio Bolsonaro, o filho 01 do presidente Bolsonaro. Noronha \u00e9 um velho conhecido dos taubateanos menos alienados. Foi ele quem se sentou sobre o processo que, mais tarde condenaria o ent\u00e3o prefeito Ortiz Jr (PSDB) antes de ser absolvido no STF sob a batuta de Gilmar Mendes. O Mundo gira apenas para os pobres mortais. Em Bras\u00edlia, por\u00e9m, tudo parece permanecer como antes, independente do governo da vez.<\/p>\n<p>Com a decis\u00e3o do STJ, os dados n\u00e3o poder\u00e3o ser usados como prova na den\u00fancia j\u00e1 apresentada contra o senador por peculato, lavagem de dinheiro e organiza\u00e7\u00e3o criminosa. Noronha foi o primeiro a votar depois que o relator Felix Fischer manteve a manuten\u00e7\u00e3o da medida. Al\u00e9m de Noronha, votaram a favor do senador os ministros Reynaldo Soares da Fonseca, Marcelo Ribeiro Dantas e Joel Ilan Paciornik.<\/p>\n<p>&nbsp;<\/p>\n<p><a href=\"http:\/\/jornalcontato.com.br\/home\/wp-content\/uploads\/2021\/02\/Joao-Noronha-reduzida.jpg\"><img loading=\"lazy\" decoding=\"async\" class=\"size-large wp-image-18806 aligncenter\" src=\"http:\/\/jornalcontato.com.br\/home\/wp-content\/uploads\/2021\/02\/Joao-Noronha-reduzida-450x300.jpg\" alt=\"\" width=\"450\" height=\"300\" srcset=\"https:\/\/jornalcontato.com.br\/home\/wp-content\/uploads\/2021\/02\/Joao-Noronha-reduzida-450x300.jpg 450w, https:\/\/jornalcontato.com.br\/home\/wp-content\/uploads\/2021\/02\/Joao-Noronha-reduzida-300x200.jpg 300w, https:\/\/jornalcontato.com.br\/home\/wp-content\/uploads\/2021\/02\/Joao-Noronha-reduzida-768x512.jpg 768w, https:\/\/jornalcontato.com.br\/home\/wp-content\/uploads\/2021\/02\/Joao-Noronha-reduzida.jpg 800w\" sizes=\"auto, (max-width: 450px) 100vw, 450px\" \/><\/a><\/p>\n<p style=\"text-align: center;\"><em><strong>Jo\u00e3o Ot\u00e1vio de Noronha, ministro do STJ, ajudou muito o ex-prefeito Ortiz Jr (PSDB)<\/strong><\/em><\/p>\n<p>A maioria considerou que n\u00e3o havia fundamenta\u00e7\u00e3o suficiente para a medida, autorizada numa curta decis\u00e3o. \u201cEstou reconhecendo a nulidade do compartilhamento de dados por meio dos relat\u00f3rios, reconhecendo a nulidade, por deriva\u00e7\u00e3o, das demais dilig\u00eancias realizadas a partir da ordem il\u00edcita indicada, a nulidade do afastamento de sigilo banc\u00e1rio e fiscal, por n\u00e3o possu\u00edrem fundamento adequado e a nulidade de todas as dilig\u00eancias que se ampararam nas decis\u00f5es judiciais nulas respectivas\u201d, disse Noronha ao abrir a diverg\u00eancia.<\/p>\n<p><a href=\"http:\/\/jornalcontato.com.br\/home\/wp-content\/uploads\/2021\/02\/Flavio-e-Wassef.jpeg\"><img loading=\"lazy\" decoding=\"async\" class=\"aligncenter size-large wp-image-18807\" src=\"http:\/\/jornalcontato.com.br\/home\/wp-content\/uploads\/2021\/02\/Flavio-e-Wassef-450x216.jpeg\" alt=\"\" width=\"450\" height=\"216\" srcset=\"https:\/\/jornalcontato.com.br\/home\/wp-content\/uploads\/2021\/02\/Flavio-e-Wassef-450x216.jpeg 450w, https:\/\/jornalcontato.com.br\/home\/wp-content\/uploads\/2021\/02\/Flavio-e-Wassef-300x144.jpeg 300w, https:\/\/jornalcontato.com.br\/home\/wp-content\/uploads\/2021\/02\/Flavio-e-Wassef-768x369.jpeg 768w, https:\/\/jornalcontato.com.br\/home\/wp-content\/uploads\/2021\/02\/Flavio-e-Wassef.jpeg 1250w\" sizes=\"auto, (max-width: 450px) 100vw, 450px\" \/><\/a><\/p>\n<p style=\"text-align: center;\"><em><strong>Fl\u00e1vio Bolsonaro e o advogado Frederick Wassef, que acompanhou o julgamento no STJ<\/strong><\/em><\/p>\n<p>O filho 01 do presidente Bolsonaro \u00e9 uma figura muito conhecida no Rio e nas cidades que possuem poderosos n\u00facleos de milicianos como Rio da Pedras, Nova Igua\u00e7u entre outras. Fl\u00e1vio fez quest\u00e3o de provar seu compromisso com esses grupos quando, em 2005, prop\u00f4s e aprovou a Medalha Tiradentes, a mais alta honraria da Assembleia Legislativa do Rio (Alerj), ao ex-capit\u00e3o da PM Adriano N\u00f3brega, morto no dia 9 de fevereiro de 2020 em uma emboscada no interior da Bahia. Na ocasi\u00e3o da homenagem, o hoje presidente fez quest\u00e3o de afirmar que foi ele quem determinou que Fl\u00e1vio condecorasse o ex-policial militar, \u201cum her\u00f3i\u201d. Detalhe, Adriano estava detido quando foi homenageado por Fl\u00e1vio Bolsonaro.<\/p>\n<p><a href=\"http:\/\/jornalcontato.com.br\/home\/wp-content\/uploads\/2021\/02\/veja-adriano-da-nobrega-recortada.jpg\"><img loading=\"lazy\" decoding=\"async\" class=\"aligncenter size-large wp-image-18808\" src=\"http:\/\/jornalcontato.com.br\/home\/wp-content\/uploads\/2021\/02\/veja-adriano-da-nobrega-recortada-370x450.jpg\" alt=\"\" width=\"370\" height=\"450\" srcset=\"https:\/\/jornalcontato.com.br\/home\/wp-content\/uploads\/2021\/02\/veja-adriano-da-nobrega-recortada-370x450.jpg 370w, https:\/\/jornalcontato.com.br\/home\/wp-content\/uploads\/2021\/02\/veja-adriano-da-nobrega-recortada-246x300.jpg 246w, https:\/\/jornalcontato.com.br\/home\/wp-content\/uploads\/2021\/02\/veja-adriano-da-nobrega-recortada.jpg 487w\" sizes=\"auto, (max-width: 370px) 100vw, 370px\" \/><\/a><\/p>\n<p style=\"text-align: center;\"><em><strong>Capa de revista Veja por ocasi\u00e3o da morte do miliciano Adriano da N\u00f3brega<\/strong><\/em><\/p>\n<p>Al\u00e9m disso, a \u201camizade\u201d da fam\u00edlia Bolsonaro com Fabr\u00edcio Queiroz tirou qualquer d\u00favida sobre o relacionamento estreito com as mil\u00edcias fluminenses. E a presen\u00e7a do advogado Frederick Wassef no julgamento do 01 ajuda a entender a dimens\u00e3o desse esquema. Queiroz \u00e9 quem fazia a ponte da fam\u00edlia com as mil\u00edcias. Oficialmente, Wassef foi afastado do caso em junho do ano passado, depois que o ex-assessor de Fl\u00e1vio, Fabr\u00edcio Queiroz, foi preso em uma propriedade de Wassef em Atibaia, interior de S\u00e3o Paulo.<\/p>\n<p>Maiores informa\u00e7\u00f5es sobre a atua\u00e7\u00e3o de Jo\u00e3o Noronha e Gilmar Mendes na terra de Lobato est\u00e3o \u00e0 disposi\u00e7\u00e3o do leitor no Arquivo Digital no site www.jornalcontato.com.br.<\/p>\n","protected":false},"excerpt":{"rendered":"<p>Fl\u00e1vio Bolsonaro, o 01, \u00e9 velho amigo de Fabr\u00edcio Queiroz O ministro Jo\u00e3o Ot\u00e1vio de Noronha, do Superior Tribunal de Justi\u00e7a (STJ) comandou a vit\u00f3ria &#8230;<\/p>\n","protected":false},"author":1,"featured_media":18809,"comment_status":"open","ping_status":"open","sticky":false,"template":"","format":"standard","meta":{"footnotes":""},"categories":[1],"tags":[],"class_list":["post-18805","post","type-post","status-publish","format-standard","has-post-thumbnail","hentry","category-nacional"],"_links":{"self":[{"href":"https:\/\/www.jornalcontato.com.br\/home\/index.php\/wp-json\/wp\/v2\/posts\/18805","targetHints":{"allow":["GET"]}}],"collection":[{"href":"https:\/\/www.jornalcontato.com.br\/home\/index.php\/wp-json\/wp\/v2\/posts"}],"about":[{"href":"https:\/\/www.jornalcontato.com.br\/home\/index.php\/wp-json\/wp\/v2\/types\/post"}],"author":[{"embeddable":true,"href":"https:\/\/www.jornalcontato.com.br\/home\/index.php\/wp-json\/wp\/v2\/users\/1"}],"replies":[{"embeddable":true,"href":"https:\/\/www.jornalcontato.com.br\/home\/index.php\/wp-json\/wp\/v2\/comments?post=18805"}],"version-history":[{"count":2,"href":"https:\/\/www.jornalcontato.com.br\/home\/index.php\/wp-json\/wp\/v2\/posts\/18805\/revisions"}],"predecessor-version":[{"id":18811,"href":"https:\/\/www.jornalcontato.com.br\/home\/index.php\/wp-json\/wp\/v2\/posts\/18805\/revisions\/18811"}],"wp:featuredmedia":[{"embeddable":true,"href":"https:\/\/www.jornalcontato.com.br\/home\/index.php\/wp-json\/wp\/v2\/media\/18809"}],"wp:attachment":[{"href":"https:\/\/www.jornalcontato.com.br\/home\/index.php\/wp-json\/wp\/v2\/media?parent=18805"}],"wp:term":[{"taxonomy":"category","embeddable":true,"href":"https:\/\/www.jornalcontato.com.br\/home\/index.php\/wp-json\/wp\/v2\/categories?post=18805"},{"taxonomy":"post_tag","embeddable":true,"href":"https:\/\/www.jornalcontato.com.br\/home\/index.php\/wp-json\/wp\/v2\/tags?post=18805"}],"curies":[{"name":"wp","href":"https:\/\/api.w.org\/{rel}","templated":true}]}}