{"id":18795,"date":"2021-02-19T11:05:06","date_gmt":"2021-02-19T14:05:06","guid":{"rendered":"http:\/\/www.jornalcontato.com.br\/home\/?p=18795"},"modified":"2021-02-19T11:05:06","modified_gmt":"2021-02-19T14:05:06","slug":"bolsonarismo-tenta-usar-armas-da-democracia-para-mata-la-bernardo-mello-franco","status":"publish","type":"post","link":"https:\/\/www.jornalcontato.com.br\/home\/index.php\/bolsonarismo-tenta-usar-armas-da-democracia-para-mata-la-bernardo-mello-franco\/","title":{"rendered":"Bolsonarismo tenta usar armas da democracia para mat\u00e1-la (Bernardo Mello Franco)"},"content":{"rendered":"<p>Na den\u00fancia apresentada ao Supremo, a Procuradoria-Geral da Rep\u00fablica descreve Daniel Silveira como \u201cum ex-soldado da Pol\u00edcia Militar do Rio, institui\u00e7\u00e3o na qual se notabilizou pelo mau comportamento\u201d. O deputado fez da indisciplina um trampolim para trocar o quartel pelo palanque. N\u00e3o \u00e9 sua \u00fanica semelhan\u00e7a com Jair Bolsonaro.<\/p>\n<p>A exemplo do capit\u00e3o, o ex-soldado usa a misoginia para se promover. Bolsonaro atraiu holofotes quando chamou uma colega de \u201cvagabunda\u201d e disse que ela \u201cn\u00e3o merecia\u201d ser estuprada. Silveira se projetou ao vandalizar uma homenagem a Marielle Franco, vereadora executada pela mil\u00edcia.<\/p>\n<p>Os dois descobriram que a trucul\u00eancia pode render votos. O mau militar enfileirou sete mandatos at\u00e9 chegar ao Planalto. O mau policial foi premiado com uma cadeira na C\u00e2mara.<\/p>\n<p>O caso do deputado marombado imp\u00f5e um teste \u00e0 democracia brasileira. Desde que subiu a rampa com Bolsonaro, a extrema direita mant\u00e9m as institui\u00e7\u00f5es sob ataque permanente. Agora surgiu uma oportunidade de frear a escalada autorit\u00e1ria.<\/p>\n<p>Na Quarta-feira de Cinzas, o Supremo esqueceu as divis\u00f5es internas e manteve a pris\u00e3o de Silveira por 11 a 0. Hoje ser\u00e1 a vez de a C\u00e2mara decidir o futuro do extremista.<\/p>\n<p><a href=\"http:\/\/jornalcontato.com.br\/home\/wp-content\/uploads\/2021\/02\/Soco-na-propria-cabeca.jpg\"><img loading=\"lazy\" decoding=\"async\" class=\"aligncenter size-large wp-image-18797\" src=\"http:\/\/jornalcontato.com.br\/home\/wp-content\/uploads\/2021\/02\/Soco-na-propria-cabeca-315x450.jpg\" alt=\"\" width=\"315\" height=\"450\" srcset=\"https:\/\/jornalcontato.com.br\/home\/wp-content\/uploads\/2021\/02\/Soco-na-propria-cabeca-315x450.jpg 315w, https:\/\/jornalcontato.com.br\/home\/wp-content\/uploads\/2021\/02\/Soco-na-propria-cabeca-210x300.jpg 210w, https:\/\/jornalcontato.com.br\/home\/wp-content\/uploads\/2021\/02\/Soco-na-propria-cabeca.jpg 390w\" sizes=\"auto, (max-width: 315px) 100vw, 315px\" \/><\/a><\/p>\n<p>O bolsonarismo n\u00e3o disfar\u00e7a. Seu projeto envolve o aliciamento das pol\u00edcias, a coopta\u00e7\u00e3o do Legislativo e a submiss\u00e3o do Judici\u00e1rio. O deputado Eduardo Bolsonaro j\u00e1 havia sugerido fechar o Supremo com \u201cum soldado e um cabo\u201d. Silveira prop\u00f4s uma solu\u00e7\u00e3o mais violenta: espancar, cassar e prender os ministros da Corte.<\/p>\n<p>Os golpistas tentam usar as armas da democracia para mat\u00e1-la. O ex-PM evoca a imunidade parlamentar para defender a ditadura. Exalta o AI-5, mas quer liberdade de express\u00e3o para conspirar. Por ironia, ele foi enquadrado na Lei de Seguran\u00e7a Nacional, um entulho autorit\u00e1rio do regime dos generais.<\/p>\n<p>A C\u00e2mara tem sido conivente com a prega\u00e7\u00e3o fascista desde 1999, quando um deputado exaltou a ditadura e defendeu o fuzilamento do presidente Fernando Henrique Cardoso. Na \u00e9poca, os parlamentares optaram por deixar o extremista falando sozinho. A experi\u00eancia mostra que a omiss\u00e3o foi um erro grave. Agora o Congresso pode come\u00e7ar a repar\u00e1-lo.<\/p>\n","protected":false},"excerpt":{"rendered":"<p>Na den\u00fancia apresentada ao Supremo, a Procuradoria-Geral da Rep\u00fablica descreve Daniel Silveira como \u201cum ex-soldado da Pol\u00edcia Militar do Rio, institui\u00e7\u00e3o na qual se notabilizou &#8230;<\/p>\n","protected":false},"author":1,"featured_media":18796,"comment_status":"open","ping_status":"open","sticky":false,"template":"","format":"standard","meta":{"footnotes":""},"categories":[1],"tags":[],"class_list":["post-18795","post","type-post","status-publish","format-standard","has-post-thumbnail","hentry","category-nacional"],"_links":{"self":[{"href":"https:\/\/www.jornalcontato.com.br\/home\/index.php\/wp-json\/wp\/v2\/posts\/18795","targetHints":{"allow":["GET"]}}],"collection":[{"href":"https:\/\/www.jornalcontato.com.br\/home\/index.php\/wp-json\/wp\/v2\/posts"}],"about":[{"href":"https:\/\/www.jornalcontato.com.br\/home\/index.php\/wp-json\/wp\/v2\/types\/post"}],"author":[{"embeddable":true,"href":"https:\/\/www.jornalcontato.com.br\/home\/index.php\/wp-json\/wp\/v2\/users\/1"}],"replies":[{"embeddable":true,"href":"https:\/\/www.jornalcontato.com.br\/home\/index.php\/wp-json\/wp\/v2\/comments?post=18795"}],"version-history":[{"count":1,"href":"https:\/\/www.jornalcontato.com.br\/home\/index.php\/wp-json\/wp\/v2\/posts\/18795\/revisions"}],"predecessor-version":[{"id":18798,"href":"https:\/\/www.jornalcontato.com.br\/home\/index.php\/wp-json\/wp\/v2\/posts\/18795\/revisions\/18798"}],"wp:featuredmedia":[{"embeddable":true,"href":"https:\/\/www.jornalcontato.com.br\/home\/index.php\/wp-json\/wp\/v2\/media\/18796"}],"wp:attachment":[{"href":"https:\/\/www.jornalcontato.com.br\/home\/index.php\/wp-json\/wp\/v2\/media?parent=18795"}],"wp:term":[{"taxonomy":"category","embeddable":true,"href":"https:\/\/www.jornalcontato.com.br\/home\/index.php\/wp-json\/wp\/v2\/categories?post=18795"},{"taxonomy":"post_tag","embeddable":true,"href":"https:\/\/www.jornalcontato.com.br\/home\/index.php\/wp-json\/wp\/v2\/tags?post=18795"}],"curies":[{"name":"wp","href":"https:\/\/api.w.org\/{rel}","templated":true}]}}