{"id":18787,"date":"2021-02-14T07:32:37","date_gmt":"2021-02-14T10:32:37","guid":{"rendered":"http:\/\/www.jornalcontato.com.br\/home\/?p=18787"},"modified":"2021-02-14T07:32:37","modified_gmt":"2021-02-14T10:32:37","slug":"moral-da-vacina-ou-a-vacina-imoral-jc-sebe-bom-meihy","status":"publish","type":"post","link":"https:\/\/www.jornalcontato.com.br\/home\/index.php\/moral-da-vacina-ou-a-vacina-imoral-jc-sebe-bom-meihy\/","title":{"rendered":"\u00a0MORAL DA VACINA&#8230; OU A VACINA IMORAL (JC Sebe Bom Meihy)  \u00a0"},"content":{"rendered":"<p>Sei de muitos que como eu est\u00e3o estonteados com quest\u00f5es afeitas \u00e0 \u00e9tica neste tempo dominado pela Covid 19. Sem d\u00favidas, o confinamento tem promovido altera\u00e7\u00f5es nas rela\u00e7\u00f5es humanas, e as redes sociais cumprem papeis compensat\u00f3rios no isolamento. A urg\u00eancia mec\u00e2nica das comunica\u00e7\u00f5es eletr\u00f4nicas, por sua vez, tem apressado racioc\u00ednios e o apelo para respostas instant\u00e2neas anda anulando espa\u00e7os de pondera\u00e7\u00f5es. Tudo \u00e9 \u201cpara ontem\u201d, e essa pressa nos obriga a respostas que ficam devendo ao bom senso. Por vezes, me vejo perdido em meio a arrependimentos, repetindo para meus bot\u00f5es: pois \u00e9, poderia ter esperado um pouco mais, ajuizado melhor, antes de responder a esta ou \u00e0quela instiga\u00e7\u00e3o.<\/p>\n<p>A prop\u00f3sito, lembrei-me de uma historinha que ilumina perplexidades repontadas no terreno da l\u00f3gica e da moral modernas. Vamos a ela: \u201cera uma vez um atendente de loja de latic\u00ednios que teria que prestar servi\u00e7o a uma fila que ia longe. Basicamente, ele se dividia entre venda de presunto e de queijo. Mediante reclama\u00e7\u00f5es pela demora no fatiamento, optou por potencializar o melhor atendimento separando duas filas: os que queriam presunto \u00e0 esquerda, os que buscavam queijo \u00e0 direita. Para ele foi um alento, posto que n\u00e3o precisava trocar a mercadoria a cada fregu\u00eas\u201d. Pois bem, em termos de gest\u00e3o n\u00e3o h\u00e1 o que reparar nessa conduta racional, n\u00e9?! Analisemos, contudo, o dilema: de um lado, o servente teve seu mister facilitado, a fila andava c\u00e9lere e ele exercia a efici\u00eancia requerida. Fordismo aplicado. Instalou-se, por\u00e9m, um outro problema: e quem quisesse ambos? E mais grave ainda, qual o sentido de chegar primeiro e compor a fila? Que crit\u00e9rio seria praticado para determinar o momento de mudan\u00e7a de uma para outra pe\u00e7a? Esta esp\u00e9cie de \u201cpar\u00e1bola capitalista\u201d se me acentuou frente ao controle da aplica\u00e7\u00e3o das vacinas contra o v\u00edrus da Covid 19. Vejamos&#8230;<\/p>\n<p>Os jornais t\u00eam noticiado, com insistente indigna\u00e7\u00e3o, aberrantes casos de pessoas que corrompem a ordem estabelecida e furam as filas das vacinas. Vejam que estou falando de cerca de 3 mil den\u00fancias comprovadas. Nem vou discutir quest\u00f5es de ansiedade coletiva, de direito natural \u00e0 luta pela vida, pois tais iner\u00eancias s\u00e3o instintivas e, diga-se, os animais tamb\u00e9m as exercitam. Mas estamos tocando na situa\u00e7\u00e3o de pessoas, gente que vive em sociedade segundo pactos sociais firmados. Frente \u00e0 inevit\u00e1vel agress\u00e3o ao sentido de vida p\u00fablica, levanta-se uma quest\u00e3o imposta pela crueza das consequ\u00eancias: como agir? Que fazer ent\u00e3o? A pergunta que est\u00e1 no ar exige respostas: os fur\u00f5es, merecem tomar a segunda dose? Que devem ser punidos \u00e9 resposta pronta, mas n\u00e3o \u00e9 t\u00e3o simples assim, pois outro problema se apresenta: mas e a \u201cimuniza\u00e7\u00e3o de rebanho\u201d? Caso confirme-se a segunda aplica\u00e7\u00e3o, n\u00e3o estar\u00edamos dando ben\u00e7\u00e3os \u00e0 a\u00e7\u00e3o bandida e admitindo injusti\u00e7as? A quem compete decidir sobre essa mat\u00e9ria, aos ju\u00edzes ou os infectologistas? Notemos que os transgressores s\u00e3o sempre autoridades, empres\u00e1rios, pol\u00edticos, gente de poder, tipos que deveriam dar exemplo. E a piorar tudo temos que ter claro: desperdi\u00e7ar doses jamais!<\/p>\n<p><a href=\"http:\/\/jornalcontato.com.br\/home\/wp-content\/uploads\/2021\/02\/Idosos.jpg\"><img loading=\"lazy\" decoding=\"async\" class=\"aligncenter size-large wp-image-18788\" src=\"http:\/\/jornalcontato.com.br\/home\/wp-content\/uploads\/2021\/02\/Idosos-450x301.jpg\" alt=\"\" width=\"450\" height=\"301\" srcset=\"https:\/\/jornalcontato.com.br\/home\/wp-content\/uploads\/2021\/02\/Idosos-450x301.jpg 450w, https:\/\/jornalcontato.com.br\/home\/wp-content\/uploads\/2021\/02\/Idosos-300x200.jpg 300w, https:\/\/jornalcontato.com.br\/home\/wp-content\/uploads\/2021\/02\/Idosos.jpg 512w\" sizes=\"auto, (max-width: 450px) 100vw, 450px\" \/><\/a><\/p>\n<p style=\"text-align: center;\"><em><strong>Os fura filas n\u00e3o respeitam os crit\u00e9rios b\u00e1sicos definidos<\/strong><\/em><\/p>\n<p>Frente \u00e0 essas quest\u00f5es de fundo moral preside uma alternativa que vem sendo cultivada em particular por defensores da aplica\u00e7\u00e3o do Direito P\u00fablico: mesmo os errados devem sim receber a segunda dose, mas merecem outras penalidades severas (discute-se a reclus\u00e3o de 1 a 3 anos + multa). Vago, n\u00e9? Vago, mas indicador de uma alternativa que conduz aos argumentos dos infectologistas: a responsabilidade tamb\u00e9m \u00e9 da vigil\u00e2ncia sanit\u00e1ria que n\u00e3o teve compet\u00eancia para barrar os infratores. N\u00e3o h\u00e1 como deixar de considerar a responsabilidades de \u00f3rg\u00e3os de comando central \u2013 municipal, estadual e federal principalmente. A discuss\u00e3o est\u00e1 colocada a p\u00fablico e judicializada a partir de um caso que serve de par\u00e2metro nacional: o de Manaus, a cidade com maior n\u00famero proporcional de infectados no planeta. Como se sabe, na capital amazonense duas jovens m\u00e9dicas, filhas de empres\u00e1rio destacado na economia local, tomaram sem devido respeito a primeira dose. O fato foi amplamente mostrado pela m\u00eddia. O Minist\u00e9rio P\u00fablico Federal, frente a isso, condenou a atitude, mas abriu brecha para que as irm\u00e3s tenham acesso \u00e0 dose complementar. E da\u00ed? Como nos posicionar?<\/p>\n<p><a href=\"http:\/\/jornalcontato.com.br\/home\/wp-content\/uploads\/2021\/02\/Drive-thru.jpg\"><img loading=\"lazy\" decoding=\"async\" class=\"aligncenter size-large wp-image-18789\" src=\"http:\/\/jornalcontato.com.br\/home\/wp-content\/uploads\/2021\/02\/Drive-thru-450x270.jpg\" alt=\"\" width=\"450\" height=\"270\" srcset=\"https:\/\/jornalcontato.com.br\/home\/wp-content\/uploads\/2021\/02\/Drive-thru-450x270.jpg 450w, https:\/\/jornalcontato.com.br\/home\/wp-content\/uploads\/2021\/02\/Drive-thru-300x180.jpg 300w, https:\/\/jornalcontato.com.br\/home\/wp-content\/uploads\/2021\/02\/Drive-thru-768x461.jpg 768w, https:\/\/jornalcontato.com.br\/home\/wp-content\/uploads\/2021\/02\/Drive-thru.jpg 1086w\" sizes=\"auto, (max-width: 450px) 100vw, 450px\" \/><\/a><\/p>\n<p style=\"text-align: center;\"><em><strong>Vacina\u00e7\u00e3o em drive thru no est\u00e1dio do Pacaembu em S\u00e3o apulo<\/strong><\/em><\/p>\n<p>No meu foro pessoal, esfor\u00e7o-me para ter uma resposta coerente, acontece, por\u00e9m, que a cada certeza alcan\u00e7ada resta alargar a responsabilidade do bem comum. Elas erram sim, mas no conjunto a atitude equivocada tem um efeito coletivo ao engrossar a lista final de imunizados. E, ademais, n\u00e3o podemos isolar os gestores que permitiram tais atos. N\u00e3o mesmo. \u00c9 a\u00ed que entra o personagem ausente: o governo em diferentes escalas, setor que tinha que assumir comando firme de tudo. Que se aplique a segunda dose, puna-se exemplarmente os corruptores e que saibamos cobrar a conta de tanta inc\u00faria nas pr\u00f3ximas elei\u00e7\u00f5es. Tudo sem esquecer que entre os \u201clar\u00e1pios beneficiados\u201d e n\u00f3s est\u00e3o os mediadores que nos representam.<\/p>\n","protected":false},"excerpt":{"rendered":"<p>Sei de muitos que como eu est\u00e3o estonteados com quest\u00f5es afeitas \u00e0 \u00e9tica neste tempo dominado pela Covid 19. Sem d\u00favidas, o confinamento tem promovido &#8230;<\/p>\n","protected":false},"author":1,"featured_media":18790,"comment_status":"open","ping_status":"open","sticky":false,"template":"","format":"standard","meta":{"footnotes":""},"categories":[1],"tags":[],"class_list":["post-18787","post","type-post","status-publish","format-standard","has-post-thumbnail","hentry","category-nacional"],"_links":{"self":[{"href":"https:\/\/www.jornalcontato.com.br\/home\/index.php\/wp-json\/wp\/v2\/posts\/18787","targetHints":{"allow":["GET"]}}],"collection":[{"href":"https:\/\/www.jornalcontato.com.br\/home\/index.php\/wp-json\/wp\/v2\/posts"}],"about":[{"href":"https:\/\/www.jornalcontato.com.br\/home\/index.php\/wp-json\/wp\/v2\/types\/post"}],"author":[{"embeddable":true,"href":"https:\/\/www.jornalcontato.com.br\/home\/index.php\/wp-json\/wp\/v2\/users\/1"}],"replies":[{"embeddable":true,"href":"https:\/\/www.jornalcontato.com.br\/home\/index.php\/wp-json\/wp\/v2\/comments?post=18787"}],"version-history":[{"count":1,"href":"https:\/\/www.jornalcontato.com.br\/home\/index.php\/wp-json\/wp\/v2\/posts\/18787\/revisions"}],"predecessor-version":[{"id":18791,"href":"https:\/\/www.jornalcontato.com.br\/home\/index.php\/wp-json\/wp\/v2\/posts\/18787\/revisions\/18791"}],"wp:featuredmedia":[{"embeddable":true,"href":"https:\/\/www.jornalcontato.com.br\/home\/index.php\/wp-json\/wp\/v2\/media\/18790"}],"wp:attachment":[{"href":"https:\/\/www.jornalcontato.com.br\/home\/index.php\/wp-json\/wp\/v2\/media?parent=18787"}],"wp:term":[{"taxonomy":"category","embeddable":true,"href":"https:\/\/www.jornalcontato.com.br\/home\/index.php\/wp-json\/wp\/v2\/categories?post=18787"},{"taxonomy":"post_tag","embeddable":true,"href":"https:\/\/www.jornalcontato.com.br\/home\/index.php\/wp-json\/wp\/v2\/tags?post=18787"}],"curies":[{"name":"wp","href":"https:\/\/api.w.org\/{rel}","templated":true}]}}