{"id":18759,"date":"2021-02-05T10:43:08","date_gmt":"2021-02-05T13:43:08","guid":{"rendered":"http:\/\/www.jornalcontato.com.br\/home\/?p=18759"},"modified":"2021-02-05T10:45:08","modified_gmt":"2021-02-05T13:45:08","slug":"o-terca-livre-e-so-o-comeco-pedro-doria-oesp-e-oglobo","status":"publish","type":"post","link":"https:\/\/www.jornalcontato.com.br\/home\/index.php\/o-terca-livre-e-so-o-comeco-pedro-doria-oesp-e-oglobo\/","title":{"rendered":"O Ter\u00e7a Livre \u00e9 s\u00f3 o come\u00e7o (Pedro D\u00f3ria, OESP e OGLOBO)"},"content":{"rendered":"<p style=\"text-align: center;\"><strong><em>Youtube encerra dois canais do blogueiro bolsonarista Allan dos Santos<\/em><\/strong><\/p>\n<p>O cerco contra a desinforma\u00e7\u00e3o est\u00e1 se fechando \u2014 e esta \u00e9 uma boa not\u00edcia para as democracias. Se o que marcou a semana no Brasil foi a guinada ao poder do Centr\u00e3o, talvez em alguns meses venhamos a perceber que, para o bolsonarismo, a not\u00edcia de maior impacto para seu futuro por esses dias foi outra. O banimento definitivo do canal Ter\u00e7a Livre do YouTube.<\/p>\n<p>A plataforma de v\u00eddeos do Google explicou num e-mail aos administradores que havia identificado \u201cviola\u00e7\u00f5es graves ou repetidas das diretrizes da comunidade\u201d. De sua parte, os respons\u00e1veis pelo canal seguiram o roteiro habitual da extrema-direita no mundo: gritaram que houve censura. Mas \u00e9 importante ver que viola\u00e7\u00f5es s\u00e3o estas que a rede identificou. Entre as mais gritantes est\u00e3o a de mentir a respeito do processo eleitoral americano, dizer que o pleito foi fraudado e que o presidente Joe Biden n\u00e3o foi eleito.<\/p>\n<p style=\"text-align: center;\"><strong><em>Para o YouTube, mentir a respeito do processo democr\u00e1tico \u00e9 falta grave.\u00a0<\/em><\/strong><strong><em>Est\u00e1 correto.<\/em><\/strong><\/p>\n<p><a href=\"http:\/\/jornalcontato.com.br\/home\/wp-content\/uploads\/2021\/02\/Nota-terca-livre.png\"><img loading=\"lazy\" decoding=\"async\" class=\"aligncenter size-large wp-image-18760\" src=\"http:\/\/jornalcontato.com.br\/home\/wp-content\/uploads\/2021\/02\/Nota-terca-livre-450x315.png\" alt=\"\" width=\"450\" height=\"315\" srcset=\"https:\/\/jornalcontato.com.br\/home\/wp-content\/uploads\/2021\/02\/Nota-terca-livre-450x315.png 450w, https:\/\/jornalcontato.com.br\/home\/wp-content\/uploads\/2021\/02\/Nota-terca-livre-300x210.png 300w, https:\/\/jornalcontato.com.br\/home\/wp-content\/uploads\/2021\/02\/Nota-terca-livre-768x538.png 768w, https:\/\/jornalcontato.com.br\/home\/wp-content\/uploads\/2021\/02\/Nota-terca-livre.png 862w\" sizes=\"auto, (max-width: 450px) 100vw, 450px\" \/><\/a><\/p>\n<p style=\"text-align: center;\"><em><strong>Print do site Ter\u00e7a Livre, do bolsonarista Allan dos Santos<\/strong><\/em><\/p>\n<p>H\u00e1 algumas semanas, o historiador Timothy Snyder, da Universidade Yale, escreveu um longo ensaio no New York Times lembrando qual a base das piores tiranias: \u00e9 a mentira. Os nazistas falavam de judeus que misteriosamente controlam o mundo e eram os respons\u00e1veis pelo colapso econ\u00f4mico alem\u00e3o. Stalin negava a fome que matou pelo menos sete milh\u00f5es na Ucr\u00e2nia. Por tempo demais pusemos nosso foco nas <em>fake news<\/em>. O problema \u00e9 maior.<\/p>\n<p>O problema n\u00e3o est\u00e1 em cada not\u00edcia falsa individualmente, mas no conjunto. Na cria\u00e7\u00e3o de toda uma realidade paralela. \u00c9 o que Donald Trump criou, \u00e9 o que o governo Jair Bolsonaro cria \u2014 e o Ter\u00e7a Livre \u00e9 uma das principais ferramentas. Constroem toda uma realidade paralela nas quais as pe\u00e7as se encaixam com surrealismo \u2014 o Foro de S\u00e3o Paulo tem um projeto comunista para a Am\u00e9rica Latina, de alguma forma refletido por proposta semelhante do Foro Econ\u00f4mico Mundial; a China amea\u00e7a o cristianismo e as vacinas carregam chips desenvolvidos ou por Bill Gates, ou por Pequim, e tudo tem algo a ver com o 5G. Dali para pregar o fim do casamento via ensino de sexualidade na escola p\u00fablica \u00e9 um pulo.<\/p>\n<p>Uma pesquisa realizada no in\u00edcio de dezembro para NPR e PBS, nos EUA, revelou que 60% dos americanos acreditavam que Joe Biden havia sido eleito presidente. Outra pesquisa, do instituto Morning Consult, tomada na \u00faltima semana de janeiro, indicava que 65% dos americanos confiavam na elei\u00e7\u00e3o. S\u00e3o n\u00fameros de uma sociedade que n\u00e3o acredita ser democr\u00e1tica. S\u00e3o os Estados Unidos.<\/p>\n<p style=\"text-align: center;\"><strong><em>A mentira erodiu a democracia americana. Est\u00e1 erodindo a nossa<\/em><\/strong><\/p>\n<p style=\"text-align: center;\"><a href=\"http:\/\/jornalcontato.com.br\/home\/wp-content\/uploads\/2021\/02\/Allan-Santos.jpg\"><img loading=\"lazy\" decoding=\"async\" class=\"aligncenter size-large wp-image-18761\" src=\"http:\/\/jornalcontato.com.br\/home\/wp-content\/uploads\/2021\/02\/Allan-Santos-450x282.jpg\" alt=\"\" width=\"450\" height=\"282\" srcset=\"https:\/\/jornalcontato.com.br\/home\/wp-content\/uploads\/2021\/02\/Allan-Santos-450x282.jpg 450w, https:\/\/jornalcontato.com.br\/home\/wp-content\/uploads\/2021\/02\/Allan-Santos-300x188.jpg 300w, https:\/\/jornalcontato.com.br\/home\/wp-content\/uploads\/2021\/02\/Allan-Santos.jpg 652w\" sizes=\"auto, (max-width: 450px) 100vw, 450px\" \/><\/a><strong><em>Allan dos Santos expressa o desprezo de Bolsonaro pela institui\u00e7\u00f5es democr\u00e1ticas<\/em><\/strong><\/p>\n<p>O m\u00e9todo que d\u00e1 origem \u00e0 tirania n\u00e3o \u00e9 secreto, pelo contr\u00e1rio. \u00c9 conhecido e antigo. Cria-se uma realidade paralela e, quando gente o suficiente troca o mundo real por um fantasioso, um no qual h\u00e1 sempre um inimigo poderoso e secreto \u00e0 espreita, aquele que deseja por fim \u00e0 democracia se oferece como o dono de uma solu\u00e7\u00e3o simples. Vamos exterminar os vermelhos, por exemplo.<\/p>\n<p>\u00c9 fundamental compreender que todos aqueles que alavancam na constru\u00e7\u00e3o desta realidade paralela s\u00e3o t\u00e3o respons\u00e1veis quanto os que contam a mentira. E \u00e9 onde entram as plataformas digitais. Custou a elas descobrir que as for\u00e7as da hist\u00f3ria n\u00e3o ficam paradas nas p\u00e1ginas dos livros. S\u00e3o vivas e se repetem. Est\u00e3o se repetindo. Em geral, quando uma rede bane um destes grupos extremistas, as outras seguem. Possivelmente acontecer\u00e1 com o Ter\u00e7a Livre e, depois, outros grupos bolsonaristas. Para as redes, a escolha \u00e9 simples. Ser conivente ou n\u00e3o.<\/p>\n","protected":false},"excerpt":{"rendered":"<p>Youtube encerra dois canais do blogueiro bolsonarista Allan dos Santos O cerco contra a desinforma\u00e7\u00e3o est\u00e1 se fechando \u2014 e esta \u00e9 uma boa not\u00edcia &#8230;<\/p>\n","protected":false},"author":1,"featured_media":18762,"comment_status":"open","ping_status":"open","sticky":false,"template":"","format":"standard","meta":{"footnotes":""},"categories":[1],"tags":[],"class_list":["post-18759","post","type-post","status-publish","format-standard","has-post-thumbnail","hentry","category-nacional"],"_links":{"self":[{"href":"https:\/\/www.jornalcontato.com.br\/home\/index.php\/wp-json\/wp\/v2\/posts\/18759","targetHints":{"allow":["GET"]}}],"collection":[{"href":"https:\/\/www.jornalcontato.com.br\/home\/index.php\/wp-json\/wp\/v2\/posts"}],"about":[{"href":"https:\/\/www.jornalcontato.com.br\/home\/index.php\/wp-json\/wp\/v2\/types\/post"}],"author":[{"embeddable":true,"href":"https:\/\/www.jornalcontato.com.br\/home\/index.php\/wp-json\/wp\/v2\/users\/1"}],"replies":[{"embeddable":true,"href":"https:\/\/www.jornalcontato.com.br\/home\/index.php\/wp-json\/wp\/v2\/comments?post=18759"}],"version-history":[{"count":3,"href":"https:\/\/www.jornalcontato.com.br\/home\/index.php\/wp-json\/wp\/v2\/posts\/18759\/revisions"}],"predecessor-version":[{"id":18765,"href":"https:\/\/www.jornalcontato.com.br\/home\/index.php\/wp-json\/wp\/v2\/posts\/18759\/revisions\/18765"}],"wp:featuredmedia":[{"embeddable":true,"href":"https:\/\/www.jornalcontato.com.br\/home\/index.php\/wp-json\/wp\/v2\/media\/18762"}],"wp:attachment":[{"href":"https:\/\/www.jornalcontato.com.br\/home\/index.php\/wp-json\/wp\/v2\/media?parent=18759"}],"wp:term":[{"taxonomy":"category","embeddable":true,"href":"https:\/\/www.jornalcontato.com.br\/home\/index.php\/wp-json\/wp\/v2\/categories?post=18759"},{"taxonomy":"post_tag","embeddable":true,"href":"https:\/\/www.jornalcontato.com.br\/home\/index.php\/wp-json\/wp\/v2\/tags?post=18759"}],"curies":[{"name":"wp","href":"https:\/\/api.w.org\/{rel}","templated":true}]}}