{"id":18631,"date":"2020-12-14T16:06:00","date_gmt":"2020-12-14T19:06:00","guid":{"rendered":"http:\/\/www.jornalcontato.com.br\/home\/?p=18631"},"modified":"2020-12-14T16:06:00","modified_gmt":"2020-12-14T19:06:00","slug":"trump-e-bolsonaro-voltar-seculos-para-tras-el-pais","status":"publish","type":"post","link":"https:\/\/www.jornalcontato.com.br\/home\/index.php\/trump-e-bolsonaro-voltar-seculos-para-tras-el-pais\/","title":{"rendered":"Trump e Bolsonaro: voltar s\u00e9culos para tr\u00e1s (El Pais)"},"content":{"rendered":"<p style=\"text-align: center;\"><strong>N\u00e3o confundir tradicional com Tradicional (T mai\u00fasculo) porque segundo pesquisa recente nos EUA t\u00eam conota\u00e7\u00f5es diametralmente opostas<\/strong><\/p>\n<p>O pesquisador da extrema direita e etn\u00f3grafo norte-americano Benjamin Teitelbaum passou 15 meses realizando entrevistas com os principais ide\u00f3logos conservadores atuais para escrever Guerra pela eternidade (<em>War for eternity: inside Bannon\u2019s far-right circle<\/em> \u2015no t\u00edtulo original, em ingl\u00eas).<\/p>\n<p>O estudo concluiu que, diferentemente do que pregam os opositores dos Governos de Jair Bolsonaro e Donald Trump, os mandat\u00e1rios n\u00e3o s\u00e3o adeptos do fascismo, mas sim de outra doutrina menos conhecida, o Tradicionalismo (com \u2018T\u2019 mai\u00fasculo, para diferenci\u00e1-lo do conservadorismo tradicional). N\u00e3o que a alternativa seja melhor, o autor se apressa em esclarecer. Para a publica\u00e7\u00e3o do livro, Teitelbaum ouviu gente como o ex-estrategista da Casa Branca Steve Bannon, o guru do Bolsonarismo Olavo de Carvalho, e o conselheiro do presidente russo Vladimir Putin, Aleksandr Dugin.<\/p>\n<p><a href=\"http:\/\/jornalcontato.com.br\/home\/wp-content\/uploads\/2020\/12\/olavo-de-carvalho-steve-bannon-e-aleksandr-dugin.jpg\"><img loading=\"lazy\" decoding=\"async\" class=\"aligncenter size-large wp-image-18632\" src=\"http:\/\/jornalcontato.com.br\/home\/wp-content\/uploads\/2020\/12\/olavo-de-carvalho-steve-bannon-e-aleksandr-dugin-450x225.jpg\" alt=\"\" width=\"450\" height=\"225\" srcset=\"https:\/\/jornalcontato.com.br\/home\/wp-content\/uploads\/2020\/12\/olavo-de-carvalho-steve-bannon-e-aleksandr-dugin-450x225.jpg 450w, https:\/\/jornalcontato.com.br\/home\/wp-content\/uploads\/2020\/12\/olavo-de-carvalho-steve-bannon-e-aleksandr-dugin-300x150.jpg 300w, https:\/\/jornalcontato.com.br\/home\/wp-content\/uploads\/2020\/12\/olavo-de-carvalho-steve-bannon-e-aleksandr-dugin-768x384.jpg 768w, https:\/\/jornalcontato.com.br\/home\/wp-content\/uploads\/2020\/12\/olavo-de-carvalho-steve-bannon-e-aleksandr-dugin-1536x768.jpg 1536w, https:\/\/jornalcontato.com.br\/home\/wp-content\/uploads\/2020\/12\/olavo-de-carvalho-steve-bannon-e-aleksandr-dugin.jpg 1600w\" sizes=\"auto, (max-width: 450px) 100vw, 450px\" \/><\/a><\/p>\n<p style=\"text-align: center;\"><em><strong>Olavo de Carvalho, no Brasil, Steve Bannon, nos EUA, e Aleksandr Dugin, na R\u00fassia, pregam \u201ca completa rejei\u00e7\u00e3o pol\u00edtica, ideol\u00f3gica e espiritual do status quo\u201d<\/strong><\/em><\/p>\n<p>O resultado n\u00e3o agradou os ide\u00f3logos, mas abriu uma discuss\u00e3o no mundo acad\u00eamico sobre essa doutrina menos conhecida, mas cujas ideias est\u00e3o presentes em v\u00e1rias partes do planeta onde hoje a extrema direita governa.&#8221;O \u00fanico jeito de compreender essa ideologia \u00e9 lev\u00e1-la a s\u00e9rio e ouvir o que ela realmente diz, em vez de olhar apenas a fachada.<\/p>\n<p><a href=\"http:\/\/jornalcontato.com.br\/home\/wp-content\/uploads\/2020\/12\/Benjamin-Teitelbaum.jpg\"><img loading=\"lazy\" decoding=\"async\" class=\"aligncenter size-large wp-image-18633\" src=\"http:\/\/jornalcontato.com.br\/home\/wp-content\/uploads\/2020\/12\/Benjamin-Teitelbaum-450x338.jpg\" alt=\"\" width=\"450\" height=\"338\" srcset=\"https:\/\/jornalcontato.com.br\/home\/wp-content\/uploads\/2020\/12\/Benjamin-Teitelbaum-450x338.jpg 450w, https:\/\/jornalcontato.com.br\/home\/wp-content\/uploads\/2020\/12\/Benjamin-Teitelbaum-300x225.jpg 300w, https:\/\/jornalcontato.com.br\/home\/wp-content\/uploads\/2020\/12\/Benjamin-Teitelbaum.jpg 758w\" sizes=\"auto, (max-width: 450px) 100vw, 450px\" \/><\/a><\/p>\n<p style=\"text-align: center;\"><em><strong>Benjamin Teitelbaum passou 15 meses realizando entrevistas com os principais ide\u00f3logos Tradicionais<\/strong><\/em><\/p>\n<p>O Tradicionalismo \u00e9 antiprogressista num n\u00edvel que raramente vemos. Muitas pessoas costumam chamar a si mesmas de conservadoras, mas quase todo mundo no campo conservador \u00e9 basicamente progressista no mundo ocidental. O Tradicionalismo vai na dire\u00e7\u00e3o diametralmente oposta. Eles n\u00e3o acreditam que \u00e9 poss\u00edvel mudar ou melhorar a hist\u00f3ria, acham que \u00e9 preciso desfazer todo o mal feito para as nossas sociedades, e isso n\u00e3o significa voltar apenas d\u00e9cadas para tr\u00e1s, mas s\u00e9culos&#8221;, afirma o pesquisador, em entrevista ao EL PA\u00cdS.<\/p>\n","protected":false},"excerpt":{"rendered":"<p>N\u00e3o confundir tradicional com Tradicional (T mai\u00fasculo) porque segundo pesquisa recente nos EUA t\u00eam conota\u00e7\u00f5es diametralmente opostas O pesquisador da extrema direita e etn\u00f3grafo norte-americano &#8230;<\/p>\n","protected":false},"author":1,"featured_media":18634,"comment_status":"open","ping_status":"open","sticky":false,"template":"","format":"standard","meta":{"footnotes":""},"categories":[1],"tags":[],"class_list":["post-18631","post","type-post","status-publish","format-standard","has-post-thumbnail","hentry","category-nacional"],"_links":{"self":[{"href":"https:\/\/www.jornalcontato.com.br\/home\/index.php\/wp-json\/wp\/v2\/posts\/18631","targetHints":{"allow":["GET"]}}],"collection":[{"href":"https:\/\/www.jornalcontato.com.br\/home\/index.php\/wp-json\/wp\/v2\/posts"}],"about":[{"href":"https:\/\/www.jornalcontato.com.br\/home\/index.php\/wp-json\/wp\/v2\/types\/post"}],"author":[{"embeddable":true,"href":"https:\/\/www.jornalcontato.com.br\/home\/index.php\/wp-json\/wp\/v2\/users\/1"}],"replies":[{"embeddable":true,"href":"https:\/\/www.jornalcontato.com.br\/home\/index.php\/wp-json\/wp\/v2\/comments?post=18631"}],"version-history":[{"count":1,"href":"https:\/\/www.jornalcontato.com.br\/home\/index.php\/wp-json\/wp\/v2\/posts\/18631\/revisions"}],"predecessor-version":[{"id":18635,"href":"https:\/\/www.jornalcontato.com.br\/home\/index.php\/wp-json\/wp\/v2\/posts\/18631\/revisions\/18635"}],"wp:featuredmedia":[{"embeddable":true,"href":"https:\/\/www.jornalcontato.com.br\/home\/index.php\/wp-json\/wp\/v2\/media\/18634"}],"wp:attachment":[{"href":"https:\/\/www.jornalcontato.com.br\/home\/index.php\/wp-json\/wp\/v2\/media?parent=18631"}],"wp:term":[{"taxonomy":"category","embeddable":true,"href":"https:\/\/www.jornalcontato.com.br\/home\/index.php\/wp-json\/wp\/v2\/categories?post=18631"},{"taxonomy":"post_tag","embeddable":true,"href":"https:\/\/www.jornalcontato.com.br\/home\/index.php\/wp-json\/wp\/v2\/tags?post=18631"}],"curies":[{"name":"wp","href":"https:\/\/api.w.org\/{rel}","templated":true}]}}