{"id":18541,"date":"2020-11-23T21:36:22","date_gmt":"2020-11-24T00:36:22","guid":{"rendered":"http:\/\/www.jornalcontato.com.br\/home\/?p=18541"},"modified":"2020-11-23T21:36:22","modified_gmt":"2020-11-24T00:36:22","slug":"a-campanha-desandou-paulo-de-tarso","status":"publish","type":"post","link":"https:\/\/www.jornalcontato.com.br\/home\/index.php\/a-campanha-desandou-paulo-de-tarso\/","title":{"rendered":"A campanha desandou (Paulo de Tarso)"},"content":{"rendered":"<p style=\"text-align: center;\"><em><strong>Provoca\u00e7\u00f5es na pra\u00e7a Dom Epaminondas tiraram senador Major Ol\u00edmpio do s\u00e9rio<\/strong><\/em><\/p>\n<p>A disputa pol\u00edtica tinha tudo para caminhar dentro dos conformes. Ledo engano. A terra de Lobato tamb\u00e9m \u00e9 conhecida como Taubat\u00e9. E a\u00ed tudo pode acontecer. Alguns acreditam que \u00e9 coisa do Saci. Outros afirmam que tem queixada de burro enterrada na pra\u00e7a Dom Epaminondas.<\/p>\n<p>Vamos por partes. Na minha opini\u00e3o, a campanha desandou. N\u00e3o se trata de maionese, mas muita gente escorregou. Pra quem n\u00e3o sabe, a palavra vem do verbo desandar. Significa fazer andar para tr\u00e1s ou em sentido contr\u00e1rio ao que seguia ou deveria seguir.<\/p>\n<p>Joguei uma moeda para cima e deu cara. Ou seja, vou come\u00e7ar pela candidata Loreny que todo taubateano conhece atrav\u00e9s da r\u00e1dio ou TV, ou na rua e nas carreatas. Trata-se de uma jovem de 29 anos, vereadora e bem formada.<\/p>\n<p>&nbsp;<\/p>\n<p>Antes da elei\u00e7\u00e3o do 1\u00ba turno, Loreny recebeu todo tipo de ataque. Principalmente dos setores mais conservadores que a acusavam de esquerdista por ter sido assessora do senador Roberto Freire, ex-partid\u00e3o, fundador do PPS e do Cidadania. A candidata foi filiada ao PPS, quando tinha bom relacionamento com a ex-deputada e ex-vereadora Pollyana Gama. Hoje disputa a prefeitura pelo Cidadania.<\/p>\n<p>Loreny bate no peito e afirma que n\u00e3o \u00e9 de esquerda e nem de direita. \u201cSou pra frente\u201d. No Nordeste, ela seria fruita como o cangaceiro que no alto de uma \u00e1rvore e cercado pela patrulha ouviu do tenente que comandava a tropa: \u201cQuem est\u00e1 a\u00ed em cima?\u201d. E respondeu: \u201cSou uma fruita\u201d.<\/p>\n<p>Mas n\u00e3o bastava falar. Loreny teria de provar com fatos. Seu vice, tenente coronel da PM, n\u00e3o era suficiente. Mas era um canal. Ele entrou em campo e angariou apoio expl\u00edcito do senador Major Ol\u00edmpio, seu colega de farda. Ol\u00edmpio \u00e9 um bolsonarista de raiz mas ao mesmo tempo rebelde, que n\u00e3o poupa cr\u00edticas a algumas atitudes de seu chefe, o presidente.<\/p>\n<p><a href=\"http:\/\/jornalcontato.com.br\/home\/wp-content\/uploads\/2020\/11\/Loreny-e-major-Olimpio.png\"><img loading=\"lazy\" decoding=\"async\" class=\"aligncenter size-large wp-image-18542\" src=\"http:\/\/jornalcontato.com.br\/home\/wp-content\/uploads\/2020\/11\/Loreny-e-major-Olimpio-450x237.png\" alt=\"\" width=\"450\" height=\"237\" srcset=\"https:\/\/jornalcontato.com.br\/home\/wp-content\/uploads\/2020\/11\/Loreny-e-major-Olimpio-450x237.png 450w, https:\/\/jornalcontato.com.br\/home\/wp-content\/uploads\/2020\/11\/Loreny-e-major-Olimpio-300x158.png 300w, https:\/\/jornalcontato.com.br\/home\/wp-content\/uploads\/2020\/11\/Loreny-e-major-Olimpio-768x404.png 768w, https:\/\/jornalcontato.com.br\/home\/wp-content\/uploads\/2020\/11\/Loreny-e-major-Olimpio.png 916w\" sizes=\"auto, (max-width: 450px) 100vw, 450px\" \/><\/a><\/p>\n<p style=\"text-align: center;\"><em><strong>Senador Major Ol\u00edmpio (PSL) foi para a rua com Loreny na segunda-feira 23<\/strong><\/em><\/p>\n<p>Na segunda-feira, 23, Major Ol\u00edmpio podia ser encontrado na zona do mercado em uma opera\u00e7\u00e3o arrast\u00e3o, de megafone na m\u00e3o para, aos berros, pedir votos para Loreny que estava ao seu lado. Quando os manifestantes chegaram na pra\u00e7a Dom Epaminondas, um grupo de jovens bolsonaristas passaram a provoc\u00e1-lo. Major Ol\u00edmpio rebateu chamando-os de \u201cladr\u00f5es de rachadinha\u201d. Ao mesmo tempo, os provocadores xingavam o senador de \u201ctra\u00edra, traidor do povo paulista, votei duas vezes no senhor, mas vai levar fumo na pr\u00f3xima elei\u00e7\u00e3o\u201d. O confronto durou alguns minutos, mas revelou como os \u00e2nimos est\u00e3o exaltados.<\/p>\n<p style=\"text-align: center;\"><a href=\"http:\/\/jornalcontato.com.br\/home\/wp-content\/uploads\/2020\/11\/Major-Olimpio-na-praca.png\"><img loading=\"lazy\" decoding=\"async\" class=\"aligncenter size-large wp-image-18543\" src=\"http:\/\/jornalcontato.com.br\/home\/wp-content\/uploads\/2020\/11\/Major-Olimpio-na-praca-246x450.png\" alt=\"\" width=\"246\" height=\"450\" srcset=\"https:\/\/jornalcontato.com.br\/home\/wp-content\/uploads\/2020\/11\/Major-Olimpio-na-praca-246x450.png 246w, https:\/\/jornalcontato.com.br\/home\/wp-content\/uploads\/2020\/11\/Major-Olimpio-na-praca-164x300.png 164w, https:\/\/jornalcontato.com.br\/home\/wp-content\/uploads\/2020\/11\/Major-Olimpio-na-praca.png 262w\" sizes=\"auto, (max-width: 246px) 100vw, 246px\" \/><\/a><em><strong>Senador Major Ol\u00edmpio, exaltado, responde aos manifestantes: &#8220;Ladr\u00f5es de rachadinha&#8221;<\/strong><\/em><\/p>\n<p>S\u00f3 falta perguntar para os frequentadores do cal\u00e7ad\u00e3o do mercad\u00e3o e pra\u00e7a da catedral se eles acreditaram e entenderam o discurso do senador as agress\u00f5es dos bolsonaristas.<\/p>\n<p>Foi a prova apresentada por Loreny.<\/p>\n<p>&nbsp;<\/p>\n<p>Do outro lado, Jos\u00e9 Ant\u00f4nio Saud abandonou o bairro onde mora e a zona central da cidade onde circula para mergulhar de cabe\u00e7a no meio do povo. \u00c9 f\u00e1cil explicar as raz\u00f5es. Seu desconhecimento sobre esse povo que vive na periferia. Al\u00e9m disso, as pesquisas indicaram e as urnas confirmaram que esse povo n\u00e3o conhece o candidato.<\/p>\n<p>Na mesma segunda-feira 23, Saud podia ser encontrado em um arrast\u00e3o na periferia, tal qual sua advers\u00e1ria fazia no mesmo hor\u00e1rio na zona do mercado. S\u00f3 n\u00e3o contava com um puxador de peso como Major Ol\u00edmpio. Mas o arrast\u00e3o sofria do mesmo problema que sua concorrente: pouca gente e falta de entusiasmo.<\/p>\n<p><a href=\"http:\/\/jornalcontato.com.br\/home\/wp-content\/uploads\/2020\/11\/Saud-na-perideria.png\"><img loading=\"lazy\" decoding=\"async\" class=\"aligncenter size-large wp-image-18544\" src=\"http:\/\/jornalcontato.com.br\/home\/wp-content\/uploads\/2020\/11\/Saud-na-perideria-450x446.png\" alt=\"\" width=\"450\" height=\"446\" srcset=\"https:\/\/jornalcontato.com.br\/home\/wp-content\/uploads\/2020\/11\/Saud-na-perideria-450x446.png 450w, https:\/\/jornalcontato.com.br\/home\/wp-content\/uploads\/2020\/11\/Saud-na-perideria-300x298.png 300w, https:\/\/jornalcontato.com.br\/home\/wp-content\/uploads\/2020\/11\/Saud-na-perideria-150x150.png 150w, https:\/\/jornalcontato.com.br\/home\/wp-content\/uploads\/2020\/11\/Saud-na-perideria-80x80.png 80w, https:\/\/jornalcontato.com.br\/home\/wp-content\/uploads\/2020\/11\/Saud-na-perideria.png 498w\" sizes=\"auto, (max-width: 450px) 100vw, 450px\" \/><\/a><\/p>\n<p style=\"text-align: center;\"><em><strong>Saud entre duas apoiadoras, a de azul \u00e9 corinthiana, como ele, que fez quest\u00e3o de registrar<\/strong><\/em><\/p>\n<p>Saud tem declarado que defende a fam\u00edlia. Mas omitiu a p\u00e1tria e a fam\u00edlia que antecedem a fam\u00edlia. E de quebra, levou a outra parte do bolsonarismo. \u00c9 o caso do Capit\u00e3o Souza da PM, derrotado nas urnas, um bolsonarista declarado que fazia quest\u00e3o de destacar o apoio do presidente e do vice Hamilton Mour\u00e3o do seu partido, o PRTB.<\/p>\n<p>Souza declarou seu apoio a Saud, que tamb\u00e9m conseguiu aglutinar outros segmentos do bolsonarismo taubateano.<\/p>\n<p>Esse movimento era previs\u00edvel. A vota\u00e7\u00e3o de Bolsonaro foi superior a 81 % no segundo turno em 2018. No Vale, Taubat\u00e9 s\u00f3 perdeu para Ca\u00e7apava. Al\u00e9m disso, Saud carrega 3 trunfos: um sobrenome tradicional; os conservadores e reacion\u00e1rios, marca registrada por Monteiro Lobato, Ces\u00eddio Ambrogi e outros ilustres intelectuais e pensadores taubateanos; e os bolsonaristas que se transformaram em cr\u00edticos da pol\u00edtica levada \u00e0 pr\u00e1tica em Bras\u00edlia.<\/p>\n<p><a href=\"http:\/\/jornalcontato.com.br\/home\/wp-content\/uploads\/2020\/11\/Saud-na-perideria-2.png\"><img loading=\"lazy\" decoding=\"async\" class=\"aligncenter size-large wp-image-18545\" src=\"http:\/\/jornalcontato.com.br\/home\/wp-content\/uploads\/2020\/11\/Saud-na-perideria-2-450x386.png\" alt=\"\" width=\"450\" height=\"386\" srcset=\"https:\/\/jornalcontato.com.br\/home\/wp-content\/uploads\/2020\/11\/Saud-na-perideria-2-450x386.png 450w, https:\/\/jornalcontato.com.br\/home\/wp-content\/uploads\/2020\/11\/Saud-na-perideria-2-300x257.png 300w, https:\/\/jornalcontato.com.br\/home\/wp-content\/uploads\/2020\/11\/Saud-na-perideria-2.png 490w\" sizes=\"auto, (max-width: 450px) 100vw, 450px\" \/><\/a><\/p>\n<p style=\"text-align: center;\"><em><strong>Apoiadores de Saud na periferia, na segunda-feira 23<\/strong><\/em><\/p>\n<p><strong>Conclus\u00f5es<\/strong><\/p>\n<p>A campanha mostra que de um lado a maioria dos jovens preferem a candidata, por\u00e9m, infelizmente, os dois candidatos disputam os mesmos eleitores entre os mais velhos: os origin\u00e1rios de camadas mais conservadoras e os bolsonaristas desiludidos. Eu diria que o segundo turno se transformou em grande balaio de gato onde existe de tudo, menos pol\u00edtica. E n\u00e3o estranharei se acontecer um confronto f\u00edsico.<\/p>\n<p>Na reta final da campanha, os ataques pessoais recrudesceram nas redes sociais contra e a favor. N\u00e3o existe inocente nessa hist\u00f3ria. E se perguntados sobre as fake News ouviremos dos dois candidatos que eles n\u00e3o fizeram e n\u00e3o concordam com esses ataques. Mas se renderem votos, tudo bem.<\/p>\n<p><em>E la nave va<\/em>!<\/p>\n","protected":false},"excerpt":{"rendered":"<p>Provoca\u00e7\u00f5es na pra\u00e7a Dom Epaminondas tiraram senador Major Ol\u00edmpio do s\u00e9rio A disputa pol\u00edtica tinha tudo para caminhar dentro dos conformes. Ledo engano. A terra &#8230;<\/p>\n","protected":false},"author":1,"featured_media":18543,"comment_status":"open","ping_status":"open","sticky":false,"template":"","format":"standard","meta":{"footnotes":""},"categories":[1],"tags":[],"class_list":["post-18541","post","type-post","status-publish","format-standard","has-post-thumbnail","hentry","category-nacional"],"_links":{"self":[{"href":"https:\/\/www.jornalcontato.com.br\/home\/index.php\/wp-json\/wp\/v2\/posts\/18541","targetHints":{"allow":["GET"]}}],"collection":[{"href":"https:\/\/www.jornalcontato.com.br\/home\/index.php\/wp-json\/wp\/v2\/posts"}],"about":[{"href":"https:\/\/www.jornalcontato.com.br\/home\/index.php\/wp-json\/wp\/v2\/types\/post"}],"author":[{"embeddable":true,"href":"https:\/\/www.jornalcontato.com.br\/home\/index.php\/wp-json\/wp\/v2\/users\/1"}],"replies":[{"embeddable":true,"href":"https:\/\/www.jornalcontato.com.br\/home\/index.php\/wp-json\/wp\/v2\/comments?post=18541"}],"version-history":[{"count":1,"href":"https:\/\/www.jornalcontato.com.br\/home\/index.php\/wp-json\/wp\/v2\/posts\/18541\/revisions"}],"predecessor-version":[{"id":18546,"href":"https:\/\/www.jornalcontato.com.br\/home\/index.php\/wp-json\/wp\/v2\/posts\/18541\/revisions\/18546"}],"wp:featuredmedia":[{"embeddable":true,"href":"https:\/\/www.jornalcontato.com.br\/home\/index.php\/wp-json\/wp\/v2\/media\/18543"}],"wp:attachment":[{"href":"https:\/\/www.jornalcontato.com.br\/home\/index.php\/wp-json\/wp\/v2\/media?parent=18541"}],"wp:term":[{"taxonomy":"category","embeddable":true,"href":"https:\/\/www.jornalcontato.com.br\/home\/index.php\/wp-json\/wp\/v2\/categories?post=18541"},{"taxonomy":"post_tag","embeddable":true,"href":"https:\/\/www.jornalcontato.com.br\/home\/index.php\/wp-json\/wp\/v2\/tags?post=18541"}],"curies":[{"name":"wp","href":"https:\/\/api.w.org\/{rel}","templated":true}]}}