{"id":18532,"date":"2020-11-23T12:24:43","date_gmt":"2020-11-23T15:24:43","guid":{"rendered":"http:\/\/www.jornalcontato.com.br\/home\/?p=18532"},"modified":"2020-11-23T12:24:43","modified_gmt":"2020-11-23T15:24:43","slug":"tudo-que-e-estupido-se-desmancha-no-ar-fernando-gabeira0","status":"publish","type":"post","link":"https:\/\/www.jornalcontato.com.br\/home\/index.php\/tudo-que-e-estupido-se-desmancha-no-ar-fernando-gabeira0\/","title":{"rendered":"Tudo que \u00e9 est\u00fapido se desmancha no ar (Fernando Gabeira0"},"content":{"rendered":"<p style=\"text-align: center;\"><strong><em>Foi dose a campanha institucional da hidroxicloroquina fabricada pelo Ex\u00e9rcito para combater a Covid<\/em><\/strong><\/p>\n<p>No auge da quarentena, pensei que a \u00faltima luta de minha vida seria contra um governo que destr\u00f3i a natureza, a autoestima e a imagem internacional do Brasil. Confesso que dramatizei. Sinto-me aliviado agora e ouso fazer planos mais ambiciosos para depois da chegada da vacina.<\/p>\n<p>O marco temporal dessa sensa\u00e7\u00e3o de al\u00edvio \u00e9 anterior \u00e0 importante derrota de Donald Trump. Ele come\u00e7a na pris\u00e3o de Fabr\u00edcio Queiroz. Ali emergiu com clareza o esquema de financiamento de Bolsonaro e seu cl\u00e3. Ele n\u00e3o teria mais condi\u00e7\u00f5es de pregar o fechamento do Congresso ou do STF. Os pr\u00f3prios militares, apesar de amb\u00edguos at\u00e9 ali, n\u00e3o o seguiriam na aventura.<\/p>\n<p>Bolsonaro n\u00e3o teve outro caminho al\u00e9m de buscar aliados no Congresso, precisamente aqueles para os quais o desvio de dinheiro p\u00fablico n\u00e3o \u00e9 um pecado capital. E de se aproximar desse tipo de juiz brasileiro que n\u00e3o hesita em absolver quando h\u00e1 excesso de provas contra o acusado.<\/p>\n<p>A elei\u00e7\u00e3o de Biden resultou de uma ampla compreens\u00e3o de que era necess\u00e1ria uma frente para derrotar Donald Trump e o Partido Republicano. A pr\u00f3pria esquerda dos democratas, que vive um momento de ascens\u00e3o, decidiu conceder para que a vit\u00f3ria fosse poss\u00edvel.<\/p>\n<p><a href=\"http:\/\/jornalcontato.com.br\/home\/wp-content\/uploads\/2020\/11\/Bolsonaro-e-Trump.png\"><img loading=\"lazy\" decoding=\"async\" class=\"aligncenter size-large wp-image-18533\" src=\"http:\/\/jornalcontato.com.br\/home\/wp-content\/uploads\/2020\/11\/Bolsonaro-e-Trump-450x376.png\" alt=\"\" width=\"450\" height=\"376\" srcset=\"https:\/\/jornalcontato.com.br\/home\/wp-content\/uploads\/2020\/11\/Bolsonaro-e-Trump-450x376.png 450w, https:\/\/jornalcontato.com.br\/home\/wp-content\/uploads\/2020\/11\/Bolsonaro-e-Trump-300x251.png 300w, https:\/\/jornalcontato.com.br\/home\/wp-content\/uploads\/2020\/11\/Bolsonaro-e-Trump-768x642.png 768w, https:\/\/jornalcontato.com.br\/home\/wp-content\/uploads\/2020\/11\/Bolsonaro-e-Trump.png 783w\" sizes=\"auto, (max-width: 450px) 100vw, 450px\" \/><\/a><\/p>\n<p style=\"text-align: center;\"><em><strong>Bolsonaro insiste na sua fidelidade canina e humilhante a Trmp<\/strong><\/em><\/p>\n<p>Ao t\u00e9rmino das elei\u00e7\u00f5es municipais, comecei a duvidar se era mesmo necess\u00e1ria uma frente para derrotar Bolsonaro. A constru\u00e7\u00e3o de um instrumento como esse d\u00e1 muito trabalho. \u00c9 preciso constantemente se livrar dos ca\u00e7adores de hereges, como chamava Churchill os que dentro de uma frente ampla estreitam e intoxicam o espa\u00e7o com uma permanente lavagem de roupa suja.<\/p>\n<p>E se Bolsonaro se derreter com a rapidez com que se derrete Russomanno em suas campanhas? Ou mesmo se for resiliente como Crivella e chegar ao segundo turno com um \u00edndice de rejei\u00e7\u00e3o t\u00e3o alto que perca para qualquer advers\u00e1rio?<\/p>\n<p>N\u00e3o consigo precisar o ritmo, mas acho que Bolsonaro toma decis\u00f5es est\u00fapidas diariamente e que ele vai se desmanchar no ar. Quando o vi selecionando uma lista de vereadores para apoiar, pensei: perdeu.<\/p>\n<p>N\u00e3o adianta conferir na urna se Wal do A\u00e7a\u00ed foi ou n\u00e3o eleita. Um presidente que se dedica a isso de certa forma est\u00e1 apenas dizendo que \u00e9 pequeno demais para o cargo. Na verdade, essa \u00e9 sua mensagem cotidiana.<\/p>\n<p>A constata\u00e7\u00e3o, no entanto, n\u00e3o pode desmobilizar. Bolsonaro continua \u00e0 frente de uma pol\u00edtica anticient\u00edfica que pode nos custar mais vidas no combate ao coronav\u00edrus.<\/p>\n<p><a href=\"http:\/\/jornalcontato.com.br\/home\/wp-content\/uploads\/2020\/11\/carlos-wal-e-jair-1-1.png\"><img loading=\"lazy\" decoding=\"async\" class=\"aligncenter size-large wp-image-18538\" src=\"http:\/\/jornalcontato.com.br\/home\/wp-content\/uploads\/2020\/11\/carlos-wal-e-jair-1-1-450x292.png\" alt=\"\" width=\"450\" height=\"292\" srcset=\"https:\/\/jornalcontato.com.br\/home\/wp-content\/uploads\/2020\/11\/carlos-wal-e-jair-1-1-450x292.png 450w, https:\/\/jornalcontato.com.br\/home\/wp-content\/uploads\/2020\/11\/carlos-wal-e-jair-1-1-300x195.png 300w, https:\/\/jornalcontato.com.br\/home\/wp-content\/uploads\/2020\/11\/carlos-wal-e-jair-1-1-768x498.png 768w, https:\/\/jornalcontato.com.br\/home\/wp-content\/uploads\/2020\/11\/carlos-wal-e-jair-1-1.png 967w\" sizes=\"auto, (max-width: 450px) 100vw, 450px\" \/><\/a><\/p>\n<p style=\"text-align: center;\"><em><strong>A &#8220;laranja&#8221; Wal do A\u00e7a\u00ed foi apoiada por Carlos e o pai Jair Bolsonaro e perdeu<\/strong><\/em><\/p>\n<p>A inexist\u00eancia de uma frente ampla n\u00e3o significa que ela n\u00e3o possa ser erguida em cada momento em que a democracia for claramente amea\u00e7ada.<\/p>\n<p>Da mesma maneira, o fracasso de Bolsonaro n\u00e3o significa que possa ser subestimado. A extrema-direita vai ocupar um espa\u00e7o, embora muito menor do que ocupou nas elei\u00e7\u00f5es de 2018. Assim como na Fran\u00e7a, ela pode tamb\u00e9m trocar de l\u00edder para se modernizar.<\/p>\n<p>O quadro eleitoral na maior cidade do pa\u00eds \u2014 Covas\/Boulos \u2014 nos remeteu \u00e0 cl\u00e1ssica polariza\u00e7\u00e3o do per\u00edodo democr\u00e1tico. Ilus\u00f3rio tamb\u00e9m pensar que tudo ser\u00e1 como antes.<\/p>\n<p>O primeiro e grande tema de reflex\u00e3o \u00e9 este: Bolsonaro dissolve-se no ar, mas as condi\u00e7\u00f5es que o fizeram ascender ao governo continuam vivas.<\/p>\n<p>Este per\u00edodo dominado pelo discurso e pr\u00e1tica da estupidez deveria ser usado para uma profunda cr\u00edtica do processo de redemocratiza\u00e7\u00e3o. Mesmo sem a constru\u00e7\u00e3o de uma frente ampla, a proximidade do abismo nos revelou como somos vulner\u00e1veis e semelhantes no ocaso da democracia.<\/p>\n<p>&nbsp;<\/p>\n<p>Os Estados Unidos abriram o caminho livrando-se do grande pesadelo. Trilhar esse terreno minado ser\u00e1 tamb\u00e9m de grande utilidade para o Brasil.<\/p>\n<p>Afinal, s\u00e3o fen\u00f4menos pol\u00edticos em realidades diferentes, mas partem de alguns pontos convergentes, como a avers\u00e3o \u00e0s iniciativas multilaterais.<\/p>\n<p>Imitado por Bolsonaro, o isolamento americano abriu um imenso espa\u00e7o. Biden representa uma corre\u00e7\u00e3o de rumos, mas seria bom lembrar o tempo perdido: 15 na\u00e7\u00f5es asi\u00e1ticas e da Oceania, representando um ter\u00e7o do PIB mundial, acabam de celebrar um acordo comercial de grande envergadura.<\/p>\n<p>Aqui Bolsonaro briga com a Europa para defender grileiros, incendi\u00e1rios e contrabandistas de madeira. Aqui a Terra \u00e9 plana, a hidroxicloroquina fabricada pelo Ex\u00e9rcito \u00e9 rem\u00e9dio contra a Covid-19. At\u00e9 quando n\u00e3o sei. N\u00e3o passa de 2022, estou seguro<\/p>\n","protected":false},"excerpt":{"rendered":"<p>Foi dose a campanha institucional da hidroxicloroquina fabricada pelo Ex\u00e9rcito para combater a Covid No auge da quarentena, pensei que a \u00faltima luta de minha &#8230;<\/p>\n","protected":false},"author":1,"featured_media":18539,"comment_status":"open","ping_status":"open","sticky":false,"template":"","format":"standard","meta":{"footnotes":""},"categories":[1],"tags":[],"class_list":["post-18532","post","type-post","status-publish","format-standard","has-post-thumbnail","hentry","category-nacional"],"_links":{"self":[{"href":"https:\/\/www.jornalcontato.com.br\/home\/index.php\/wp-json\/wp\/v2\/posts\/18532","targetHints":{"allow":["GET"]}}],"collection":[{"href":"https:\/\/www.jornalcontato.com.br\/home\/index.php\/wp-json\/wp\/v2\/posts"}],"about":[{"href":"https:\/\/www.jornalcontato.com.br\/home\/index.php\/wp-json\/wp\/v2\/types\/post"}],"author":[{"embeddable":true,"href":"https:\/\/www.jornalcontato.com.br\/home\/index.php\/wp-json\/wp\/v2\/users\/1"}],"replies":[{"embeddable":true,"href":"https:\/\/www.jornalcontato.com.br\/home\/index.php\/wp-json\/wp\/v2\/comments?post=18532"}],"version-history":[{"count":1,"href":"https:\/\/www.jornalcontato.com.br\/home\/index.php\/wp-json\/wp\/v2\/posts\/18532\/revisions"}],"predecessor-version":[{"id":18540,"href":"https:\/\/www.jornalcontato.com.br\/home\/index.php\/wp-json\/wp\/v2\/posts\/18532\/revisions\/18540"}],"wp:featuredmedia":[{"embeddable":true,"href":"https:\/\/www.jornalcontato.com.br\/home\/index.php\/wp-json\/wp\/v2\/media\/18539"}],"wp:attachment":[{"href":"https:\/\/www.jornalcontato.com.br\/home\/index.php\/wp-json\/wp\/v2\/media?parent=18532"}],"wp:term":[{"taxonomy":"category","embeddable":true,"href":"https:\/\/www.jornalcontato.com.br\/home\/index.php\/wp-json\/wp\/v2\/categories?post=18532"},{"taxonomy":"post_tag","embeddable":true,"href":"https:\/\/www.jornalcontato.com.br\/home\/index.php\/wp-json\/wp\/v2\/tags?post=18532"}],"curies":[{"name":"wp","href":"https:\/\/api.w.org\/{rel}","templated":true}]}}