{"id":18400,"date":"2020-10-04T10:58:53","date_gmt":"2020-10-04T13:58:53","guid":{"rendered":"http:\/\/www.jornalcontato.com.br\/home\/?p=18400"},"modified":"2020-10-04T10:59:42","modified_gmt":"2020-10-04T13:59:42","slug":"a-logica-das-frases-soltas-jc-sebe-bom-meihy","status":"publish","type":"post","link":"https:\/\/www.jornalcontato.com.br\/home\/index.php\/a-logica-das-frases-soltas-jc-sebe-bom-meihy\/","title":{"rendered":"A L\u00d3GICA DAS FRASES SOLTAS (JC Sebe Bom Meihy)"},"content":{"rendered":"<p>Sou leitor de jornais! Sim, entre os rituais de inicia\u00e7\u00e3o do dia \u2013 caf\u00e9, redes sociais, e-mails \u2013 o mais prezado se reduz a abrir a porta e colocar o jornal pra dentro de casa. Inevitavelmente me vem \u00e0 cabe\u00e7a \u2013 dia sim e outro tamb\u00e9m \u2013 o texto \u201cO homem nu\u201d do cronista mineiro Fernando Sabino. O temor de ficar fora, com ou sem a pouca roupa, me apavora. Mas isso passa logo. A cerim\u00f4nia das viradas de p\u00e1ginas exige devo\u00e7\u00e3o e os preparativos pr\u00e9vios s\u00e3o apenas os essenciais relativos \u00e0 higiene: bexiga vazia, dentes escovados, banho, tudo nesta ordem. Caf\u00e9 preparado, a mesma velha xicara acompanha em goles medidos o tempo da leitura silenciosa e sempre sem pressa. Tudo pode esperar. Tudo&#8230;. E, na cadeira preferida \u2013 ah, minha cadeira de leitura mal sabe do prazer que seu colo me provoca. Orgasmos m\u00faltiplos.<\/p>\n<p>Tal \u00e9 o requinte que devoto \u00e0 essa pr\u00e1tica que as not\u00edcias, por piores que sejam \u2013 e t\u00eam sido \u2013 correm como rio sobre um leito paciente e que desemboca no mar agitado dos afazeres seguintes. Com tanto aperfei\u00e7oamento, desenvolvi um jeito pr\u00f3prio de ler jornal. A linha editorial apenas funciona como pano de fundo, uma esp\u00e9cie de cen\u00e1rio, e dela destaco a sele\u00e7\u00e3o dada por partes. Primeiro as not\u00edcias gerais, depois as internacionais, econ\u00f4micas, culturais, esportivas. Isso provoca a sele\u00e7\u00e3o de cadernos, condi\u00e7\u00e3o depurada de anos. Sabe, leio an\u00fancios f\u00fanebres, ofertas de supermercados, previs\u00e3o do tempo, a opini\u00e3o dos leitores e a flutua\u00e7\u00e3o do d\u00f3lar. S\u00f3 dispenso \u2013 n\u00e3o sem remorso \u2013 as fatigantes propagandas de autom\u00f3veis&#8230; Credo!<\/p>\n<p><a href=\"http:\/\/jornalcontato.com.br\/home\/wp-content\/uploads\/2020\/10\/Com-cafe.jpg\"><img loading=\"lazy\" decoding=\"async\" class=\"aligncenter size-large wp-image-18403\" src=\"http:\/\/jornalcontato.com.br\/home\/wp-content\/uploads\/2020\/10\/Com-cafe-440x450.jpg\" alt=\"\" width=\"440\" height=\"450\" srcset=\"https:\/\/jornalcontato.com.br\/home\/wp-content\/uploads\/2020\/10\/Com-cafe-440x450.jpg 440w, https:\/\/jornalcontato.com.br\/home\/wp-content\/uploads\/2020\/10\/Com-cafe-293x300.jpg 293w, https:\/\/jornalcontato.com.br\/home\/wp-content\/uploads\/2020\/10\/Com-cafe-768x786.jpg 768w, https:\/\/jornalcontato.com.br\/home\/wp-content\/uploads\/2020\/10\/Com-cafe.jpg 797w\" sizes=\"auto, (max-width: 440px) 100vw, 440px\" \/><\/a><\/p>\n<p style=\"text-align: center;\"><em><strong>O caf\u00e9 quentinho ajuda na leitura do jornal di\u00e1rio<\/strong><\/em><\/p>\n<p>Pois bem, aos domingos alargo ainda mais o tempo em coer\u00eancia com o tamanho ampliado do jornal. Parece que os bra\u00e7os do rel\u00f3gio tamb\u00e9m se movimentam mais pregui\u00e7osos e o sil\u00eancio de minha insistente viuvez fica ainda mais soturno. Devo confirmar que sou daqueles leitores que tem sempre uma tesoura \u00e0s m\u00e3os. Recorto artigos, not\u00edcias e at\u00e9 propagandas. Nunca as aproveito, e depois at\u00e9 me irrito com os amontoados dessa pr\u00e1tica insana. Foi assim que juntei sobre minha mesa de trabalho alguns destaques que me chamaram a aten\u00e7\u00e3o e que revisei antes de extermin\u00e1-los. O primeiro foi um an\u00fancio (ser\u00e1 que a ainda usam esta palavra? Sei l\u00e1, sou do tempo do \u201creclame\u201d ou \u201cproclamas\u201d, credo!), eis o \u201cconvite\u201d:<\/p>\n<p>\u201c\u00c9 COM GRANDE PESAR QUE (NOMES) CONVIDAM PARA A MISSA NA PAR\u00d3QUIA (NOME) \u00c0S 12H DE SEXTA-FEIRA (DATA). CONFIRME SUA PRESEN\u00c7A NO CEL (N\u00daMERO) OU ASSISTA A TRANSMISS\u00c3O ON LIVE PELO CANAL DO YOUTUBE DA PAR\u00d3QUIA (ENDERE\u00c7O ELETR\u00d4NICO)\u201d.<\/p>\n<p>Precisei reler! Repeti a opera\u00e7\u00e3o. Respirei fundo. Senti-me arcaico. Notei que as pessoas continuam morrendo e que ainda s\u00e3o celebradas missas, mas o <em>script<\/em> mudou demais. Missa ao meio dia? Nossa, pensei. Mas, de verdade meu queixo caiu (lembram-se desta express\u00e3o \u201cqueixo ca\u00eddo\u201d) quando aprendi que o RSVP poderia ser dado por celular e que a cerim\u00f4nia seria transmitida por canal do YouTube. Por certo seria por conta da pandemia, supus. Uma curiosidade impertinente, por\u00e9m, me assolou. Resolvi acessar o endere\u00e7o eletr\u00f4nico da Par\u00f3quia e por telefone ousei pedir explica\u00e7\u00f5es. Tive que me segurar ao saber que essa pr\u00e1tica \u201cest\u00e1 em vigor\u201d (sim eles usaram esta express\u00e3o \u201cem vigor\u201d) h\u00e1 mais de dois anos. Mediante meu sil\u00eancio, como que evocando uma ressurei\u00e7\u00e3o, ouvi da voz do outro lado da linha a cruel senten\u00e7a \u201cmeu senhor, Deus \u00e9 onipresente, onipotente e onisciente\u201d. \u201cBati o fone no gancho\u201d (ou melhor, \u201cdesliguei\u201d). Desliguei e conclui que daqui a alguns anos n\u00e3o mais terei o prazer de ler jornal. Pior: creio que serei lido por ele, gra\u00e7as \u00e0 evolu\u00e7\u00e3o.<\/p>\n<p>Juro que essa experi\u00eancia me abalou. Tanto fiquei chocado que me vi ressuscitado por outra chamada, do mesmo jornal, no mesmo dia: \u201cVOC\u00ca PODE N\u00c3O SE APAIXONAR NA AMAZON, MAS PODE NUMA LIVRARIA\u201d.<\/p>\n<p>Aqui, o argumento \u00e9 reverso: a media\u00e7\u00e3o eletr\u00f4nica atrapalharia a circunst\u00e2ncia do encontro. O apelo passional direto merece destaque pela intransfer\u00eancia, e, pelo contr\u00e1rio, apelaria para necessidade intransfer\u00edvel de contatos presenciais. No caso da missa, era Deus o agente unificador, abstrato, poderoso, anulador de entraves. J\u00e1 na livraria o livro justificaria jun\u00e7\u00f5es.<\/p>\n<p><a href=\"http:\/\/jornalcontato.com.br\/home\/wp-content\/uploads\/2020\/10\/Avisos-funebres-1.png\"><img loading=\"lazy\" decoding=\"async\" class=\"aligncenter size-large wp-image-18404\" src=\"http:\/\/jornalcontato.com.br\/home\/wp-content\/uploads\/2020\/10\/Avisos-funebres-1-450x333.png\" alt=\"\" width=\"450\" height=\"333\" srcset=\"https:\/\/jornalcontato.com.br\/home\/wp-content\/uploads\/2020\/10\/Avisos-funebres-1-450x333.png 450w, https:\/\/jornalcontato.com.br\/home\/wp-content\/uploads\/2020\/10\/Avisos-funebres-1-300x222.png 300w, https:\/\/jornalcontato.com.br\/home\/wp-content\/uploads\/2020\/10\/Avisos-funebres-1-768x568.png 768w, https:\/\/jornalcontato.com.br\/home\/wp-content\/uploads\/2020\/10\/Avisos-funebres-1.png 870w\" sizes=\"auto, (max-width: 450px) 100vw, 450px\" \/><\/a><\/p>\n<p>Dando asas a voos desvairados, pensei no paradoxal, posto entender que Deus \u00e9 o Verbo Divino encarnado e, assim, no caso da igreja, poderia promover uni\u00f5es virtuais, mas no caso das palavras escritas, dos livros, tudo teria que ser cara a cara, ou seja, parodiando o verbo seria humano.<\/p>\n<p>E as horas correram. Eu, entre uma coisa e outra, voltava a pensar nas ambiguidades da eletr\u00f4nica. Se cheguei a um termo? Creio que sim: continuo sem entender os caminhos da humanidade e da media\u00e7\u00e3o eletr\u00f4nica. \u00c9 bom que siga assim, at\u00e9 que eu morra apaixonado pelo livro da vida. Depois, depois Deus explicar\u00e1 os contatos virtuais. Ah! Se algu\u00e9m se comover com minha morte, se n\u00e3o puder me velar presencialmente, pode fazer pelo canal virtual&#8230;<\/p>\n","protected":false},"excerpt":{"rendered":"<p>Sou leitor de jornais! Sim, entre os rituais de inicia\u00e7\u00e3o do dia \u2013 caf\u00e9, redes sociais, e-mails \u2013 o mais prezado se reduz a abrir &#8230;<\/p>\n","protected":false},"author":1,"featured_media":18405,"comment_status":"open","ping_status":"open","sticky":false,"template":"","format":"standard","meta":{"footnotes":""},"categories":[1],"tags":[],"class_list":["post-18400","post","type-post","status-publish","format-standard","has-post-thumbnail","hentry","category-nacional"],"_links":{"self":[{"href":"https:\/\/www.jornalcontato.com.br\/home\/index.php\/wp-json\/wp\/v2\/posts\/18400","targetHints":{"allow":["GET"]}}],"collection":[{"href":"https:\/\/www.jornalcontato.com.br\/home\/index.php\/wp-json\/wp\/v2\/posts"}],"about":[{"href":"https:\/\/www.jornalcontato.com.br\/home\/index.php\/wp-json\/wp\/v2\/types\/post"}],"author":[{"embeddable":true,"href":"https:\/\/www.jornalcontato.com.br\/home\/index.php\/wp-json\/wp\/v2\/users\/1"}],"replies":[{"embeddable":true,"href":"https:\/\/www.jornalcontato.com.br\/home\/index.php\/wp-json\/wp\/v2\/comments?post=18400"}],"version-history":[{"count":2,"href":"https:\/\/www.jornalcontato.com.br\/home\/index.php\/wp-json\/wp\/v2\/posts\/18400\/revisions"}],"predecessor-version":[{"id":18407,"href":"https:\/\/www.jornalcontato.com.br\/home\/index.php\/wp-json\/wp\/v2\/posts\/18400\/revisions\/18407"}],"wp:featuredmedia":[{"embeddable":true,"href":"https:\/\/www.jornalcontato.com.br\/home\/index.php\/wp-json\/wp\/v2\/media\/18405"}],"wp:attachment":[{"href":"https:\/\/www.jornalcontato.com.br\/home\/index.php\/wp-json\/wp\/v2\/media?parent=18400"}],"wp:term":[{"taxonomy":"category","embeddable":true,"href":"https:\/\/www.jornalcontato.com.br\/home\/index.php\/wp-json\/wp\/v2\/categories?post=18400"},{"taxonomy":"post_tag","embeddable":true,"href":"https:\/\/www.jornalcontato.com.br\/home\/index.php\/wp-json\/wp\/v2\/tags?post=18400"}],"curies":[{"name":"wp","href":"https:\/\/api.w.org\/{rel}","templated":true}]}}