{"id":18378,"date":"2020-09-24T12:45:11","date_gmt":"2020-09-24T15:45:11","guid":{"rendered":"http:\/\/www.jornalcontato.com.br\/home\/?p=18378"},"modified":"2020-09-24T12:46:16","modified_gmt":"2020-09-24T15:46:16","slug":"geracao-lemingue-luiz-fernando-verissimo","status":"publish","type":"post","link":"https:\/\/www.jornalcontato.com.br\/home\/index.php\/geracao-lemingue-luiz-fernando-verissimo\/","title":{"rendered":"Gera\u00e7\u00e3o lemingue (Luis Fernando Verissimo)"},"content":{"rendered":"<p style=\"text-align: center;\"><strong><em>\u00c9 o jovem que gosta de aglomera\u00e7\u00e3o e para o qual o suic\u00eddio coletivo \u00e9 s\u00f3 mais um programa<\/em><\/strong><\/p>\n<p>Sabe lemingue? \u00c9 aquele bicho que migra em bandos na dire\u00e7\u00e3o do mar atr\u00e1s de um l\u00edder, qualquer l\u00edder, e, quando o l\u00edder se atira no mar, se atira junto e morre. Ningu\u00e9m entende bem essa propens\u00e3o do lemingue ao suic\u00eddio coletivo, mas est\u00e1 no seu DNA, imposs\u00edvel discuti-la. O lemingue \u00e9 descrito como um pequeno roedor de cauda curta e cor amarelada, mas essa \u00e9 sua descri\u00e7\u00e3o zool\u00f3gica. Para nosso efeito, ele \u00e9 uma pessoa jovem que gosta de aglomera\u00e7\u00e3o e para a qual o suic\u00eddio coletivo \u00e9 apenas mais um programa com a turma.<\/p>\n<p>Me lembrei de um epis\u00f3dio contado pelo Mino Carta. Num cinema do Bixiga, em S\u00e3o Paulo, passa um document\u00e1rio sobre a vida animal e seus horrores, inclusive cenas sangrentas de pobres gazelas sendo trituradas por bichos mais ferozes do que elas. \u00c9 quando se ouve uma voz com indisfar\u00e7\u00e1vel sotaque do Bixiga, de algu\u00e9m que provavelmente entrou num cinema pela primeira vez na vida e diz \u201cQue mentalidade!\u201d. \u00c9 o coment\u00e1rio que merece a estranha compuls\u00e3o dos lemingues. Que mentalidade!<\/p>\n<p><a href=\"http:\/\/jornalcontato.com.br\/home\/wp-content\/uploads\/2020\/09\/Lemingues.jpg\"><img loading=\"lazy\" decoding=\"async\" class=\"aligncenter size-large wp-image-18379\" src=\"http:\/\/jornalcontato.com.br\/home\/wp-content\/uploads\/2020\/09\/Lemingues-450x279.jpg\" alt=\"\" width=\"450\" height=\"279\" srcset=\"https:\/\/jornalcontato.com.br\/home\/wp-content\/uploads\/2020\/09\/Lemingues-450x279.jpg 450w, https:\/\/jornalcontato.com.br\/home\/wp-content\/uploads\/2020\/09\/Lemingues-300x186.jpg 300w, https:\/\/jornalcontato.com.br\/home\/wp-content\/uploads\/2020\/09\/Lemingues-768x475.jpg 768w, https:\/\/jornalcontato.com.br\/home\/wp-content\/uploads\/2020\/09\/Lemingues-1536x951.jpg 1536w, https:\/\/jornalcontato.com.br\/home\/wp-content\/uploads\/2020\/09\/Lemingues.jpg 1622w\" sizes=\"auto, (max-width: 450px) 100vw, 450px\" \/><\/a><\/p>\n<p style=\"text-align: center;\"><em><strong>Lemingues originais<\/strong><\/em><\/p>\n<p>2020 vai ser lembrado como o ano em que se revelou a voca\u00e7\u00e3o para lemingue de toda uma gera\u00e7\u00e3o. Uma insuspeitada vontade de seguir o contempor\u00e2neo que passar por perto com claros sinais de que vai se matar e de ir atr\u00e1s dele com todo o bando para morrer tamb\u00e9m. O que mais impressiona nos bandos que enchem as praias a caminho do mar e as cal\u00e7adas dos bares \u00e9 sua alegria. Sem m\u00e1scaras e sem dist\u00e2ncia um do outro.<\/p>\n<p>Os lemingues est\u00e3o nas ruas. Se h\u00e1 mesmo uma crise internacional, uma pandemia viral que grassa no planeta sem controle \u00e0 vista, o problema n\u00e3o \u00e9 deles. Afinal, que crise internacional \u00e9 essa em que o presidente de um dos pa\u00edses supostamente mais afetados por ela n\u00e3o acredita nas medidas recomendadas para det\u00ea-la? Bolsonaro &amp; Filhos se comportam como se ele tamb\u00e9m fosse um lemingue, jovem e sem compromisso com a realidade. Que mentalidade!<\/p>\n","protected":false},"excerpt":{"rendered":"<p>\u00c9 o jovem que gosta de aglomera\u00e7\u00e3o e para o qual o suic\u00eddio coletivo \u00e9 s\u00f3 mais um programa Sabe lemingue? \u00c9 aquele bicho que &#8230;<\/p>\n","protected":false},"author":1,"featured_media":18380,"comment_status":"open","ping_status":"open","sticky":false,"template":"","format":"standard","meta":{"footnotes":""},"categories":[1],"tags":[],"class_list":["post-18378","post","type-post","status-publish","format-standard","has-post-thumbnail","hentry","category-nacional"],"_links":{"self":[{"href":"https:\/\/www.jornalcontato.com.br\/home\/index.php\/wp-json\/wp\/v2\/posts\/18378","targetHints":{"allow":["GET"]}}],"collection":[{"href":"https:\/\/www.jornalcontato.com.br\/home\/index.php\/wp-json\/wp\/v2\/posts"}],"about":[{"href":"https:\/\/www.jornalcontato.com.br\/home\/index.php\/wp-json\/wp\/v2\/types\/post"}],"author":[{"embeddable":true,"href":"https:\/\/www.jornalcontato.com.br\/home\/index.php\/wp-json\/wp\/v2\/users\/1"}],"replies":[{"embeddable":true,"href":"https:\/\/www.jornalcontato.com.br\/home\/index.php\/wp-json\/wp\/v2\/comments?post=18378"}],"version-history":[{"count":2,"href":"https:\/\/www.jornalcontato.com.br\/home\/index.php\/wp-json\/wp\/v2\/posts\/18378\/revisions"}],"predecessor-version":[{"id":18382,"href":"https:\/\/www.jornalcontato.com.br\/home\/index.php\/wp-json\/wp\/v2\/posts\/18378\/revisions\/18382"}],"wp:featuredmedia":[{"embeddable":true,"href":"https:\/\/www.jornalcontato.com.br\/home\/index.php\/wp-json\/wp\/v2\/media\/18380"}],"wp:attachment":[{"href":"https:\/\/www.jornalcontato.com.br\/home\/index.php\/wp-json\/wp\/v2\/media?parent=18378"}],"wp:term":[{"taxonomy":"category","embeddable":true,"href":"https:\/\/www.jornalcontato.com.br\/home\/index.php\/wp-json\/wp\/v2\/categories?post=18378"},{"taxonomy":"post_tag","embeddable":true,"href":"https:\/\/www.jornalcontato.com.br\/home\/index.php\/wp-json\/wp\/v2\/tags?post=18378"}],"curies":[{"name":"wp","href":"https:\/\/api.w.org\/{rel}","templated":true}]}}