{"id":18369,"date":"2020-09-22T11:05:12","date_gmt":"2020-09-22T14:05:12","guid":{"rendered":"http:\/\/www.jornalcontato.com.br\/home\/?p=18369"},"modified":"2020-09-22T11:05:12","modified_gmt":"2020-09-22T14:05:12","slug":"o-deboche-de-flavio-bolsonaro-bernardo-mello-franco-o-globo","status":"publish","type":"post","link":"https:\/\/www.jornalcontato.com.br\/home\/index.php\/o-deboche-de-flavio-bolsonaro-bernardo-mello-franco-o-globo\/","title":{"rendered":"O deboche de Fl\u00e1vio Bolsonaro (Bernardo Mello Franco, O Globo)"},"content":{"rendered":"<p style=\"text-align: center;\"><em><strong>Fl\u00e1vio Bolsonaro faz gra\u00e7a em grava\u00e7\u00e3o do &#8220;Alerta Nacional&#8221;<\/strong><\/em><\/p>\n<p>Em outubro de 2015, a ju\u00edza Daniela Barbosa Assump\u00e7\u00e3o foi agredida ao vistoriar o Batalh\u00e3o Especial Prisional, no Rio. A magistrada teve a blusa rasgada e os \u00f3culos e sapatos arrancados. Os agressores eram policiais que tentavam manter regalias na cadeia.<\/p>\n<p>Horas depois do incidente, o ent\u00e3o deputado Fl\u00e1vio Bolsonaro foi at\u00e9 o local. Em vez de prestar solidariedade \u00e0 ju\u00edza, ele deu apoio aos PMs, que usavam celulares e promoviam churrascos no c\u00e1rcere. Alegou que os presos estavam sendo \u201ctratados como bandidos\u201d e tinham direito \u00e0 presun\u00e7\u00e3o de inoc\u00eancia.<\/p>\n<p>A exemplo do pai, Fl\u00e1vio tem uma vis\u00e3o particular da Justi\u00e7a. Quando os criminosos vestem farda, ele se comporta como um defensor das garantias constitucionais. Em outros casos, repete o discurso de que \u201cbandido bom \u00e9 bandido morto\u201d.<\/p>\n<p>Ontem o senador divulgou foto com uma r\u00e9plica de CPF atravessada por uma tarja vermelha, onde se lia a inscri\u00e7\u00e3o \u201ccancelado\u201d. Na imagem, Fl\u00e1vio sorri e ergue o polegar em sinal de positivo. No dialeto bolsonarista, \u201ccancelar um CPF\u201d equivale a matar um suspeito.<\/p>\n<p>A cena foi um ato de apologia da viol\u00eancia policial. Num pa\u00eds em que a Constitui\u00e7\u00e3o pro\u00edbe a pena de morte, o primeiro-filho celebrou a execu\u00e7\u00e3o sem julgamento, a barb\u00e1rie disfar\u00e7ada de defesa da lei.<\/p>\n<p>Fl\u00e1vio estava no est\u00fadio do \u201cAlerta Nacional\u201d, programa sensacionalista gravado em Manaus e transmitido pela RedeTV!. A atra\u00e7\u00e3o mistura notici\u00e1rio policial com n\u00fameros circenses. Seu apresentador, Sik\u00eara Jr., \u00e9 um histri\u00f4nico defensor do governo.<\/p>\n<p><a href=\"http:\/\/jornalcontato.com.br\/home\/wp-content\/uploads\/2020\/09\/Flavio-e-Crivella.jpg\"><img loading=\"lazy\" decoding=\"async\" class=\"aligncenter size-large wp-image-18370\" src=\"http:\/\/jornalcontato.com.br\/home\/wp-content\/uploads\/2020\/09\/Flavio-e-Crivella-450x298.jpg\" alt=\"\" width=\"450\" height=\"298\" srcset=\"https:\/\/jornalcontato.com.br\/home\/wp-content\/uploads\/2020\/09\/Flavio-e-Crivella-450x298.jpg 450w, https:\/\/jornalcontato.com.br\/home\/wp-content\/uploads\/2020\/09\/Flavio-e-Crivella-300x199.jpg 300w, https:\/\/jornalcontato.com.br\/home\/wp-content\/uploads\/2020\/09\/Flavio-e-Crivella.jpg 640w\" sizes=\"auto, (max-width: 450px) 100vw, 450px\" \/><\/a><\/p>\n<p style=\"text-align: center;\"><em><strong>Fl\u00e1vio e Crivella, prefeito do Rio: farinhas do mesmo saco<\/strong><\/em><\/p>\n<p>Na grava\u00e7\u00e3o, o senador dan\u00e7ou com o elenco do programa ao som de uma m\u00fasica que ironizava \u201cmaconheiros\u201d. Enquanto ele fazia gra\u00e7a, procuradores o esperavam no Rio para uma acarea\u00e7\u00e3o com o empres\u00e1rio Paulo Marinho. O Zero Um n\u00e3o apareceu, e seus advogados disseram que ele estava em agenda oficial.<\/p>\n<p>O v\u00eddeo da dancinha fala por si: Fl\u00e1vio debochou do Minist\u00e9rio P\u00fablico Federal, que agora estuda enquadr\u00e1-lo por crime de desobedi\u00eancia. Para sorte do Zero Um, procuradores n\u00e3o defendem a morte de bandidos. S\u00f3 querem investig\u00e1-los e denunci\u00e1-los \u00e0 Justi\u00e7a.<\/p>\n","protected":false},"excerpt":{"rendered":"<p>Fl\u00e1vio Bolsonaro faz gra\u00e7a em grava\u00e7\u00e3o do &#8220;Alerta Nacional&#8221; Em outubro de 2015, a ju\u00edza Daniela Barbosa Assump\u00e7\u00e3o foi agredida ao vistoriar o Batalh\u00e3o Especial &#8230;<\/p>\n","protected":false},"author":1,"featured_media":18371,"comment_status":"open","ping_status":"open","sticky":false,"template":"","format":"standard","meta":{"footnotes":""},"categories":[1],"tags":[],"class_list":["post-18369","post","type-post","status-publish","format-standard","has-post-thumbnail","hentry","category-nacional"],"_links":{"self":[{"href":"https:\/\/www.jornalcontato.com.br\/home\/index.php\/wp-json\/wp\/v2\/posts\/18369","targetHints":{"allow":["GET"]}}],"collection":[{"href":"https:\/\/www.jornalcontato.com.br\/home\/index.php\/wp-json\/wp\/v2\/posts"}],"about":[{"href":"https:\/\/www.jornalcontato.com.br\/home\/index.php\/wp-json\/wp\/v2\/types\/post"}],"author":[{"embeddable":true,"href":"https:\/\/www.jornalcontato.com.br\/home\/index.php\/wp-json\/wp\/v2\/users\/1"}],"replies":[{"embeddable":true,"href":"https:\/\/www.jornalcontato.com.br\/home\/index.php\/wp-json\/wp\/v2\/comments?post=18369"}],"version-history":[{"count":1,"href":"https:\/\/www.jornalcontato.com.br\/home\/index.php\/wp-json\/wp\/v2\/posts\/18369\/revisions"}],"predecessor-version":[{"id":18372,"href":"https:\/\/www.jornalcontato.com.br\/home\/index.php\/wp-json\/wp\/v2\/posts\/18369\/revisions\/18372"}],"wp:featuredmedia":[{"embeddable":true,"href":"https:\/\/www.jornalcontato.com.br\/home\/index.php\/wp-json\/wp\/v2\/media\/18371"}],"wp:attachment":[{"href":"https:\/\/www.jornalcontato.com.br\/home\/index.php\/wp-json\/wp\/v2\/media?parent=18369"}],"wp:term":[{"taxonomy":"category","embeddable":true,"href":"https:\/\/www.jornalcontato.com.br\/home\/index.php\/wp-json\/wp\/v2\/categories?post=18369"},{"taxonomy":"post_tag","embeddable":true,"href":"https:\/\/www.jornalcontato.com.br\/home\/index.php\/wp-json\/wp\/v2\/tags?post=18369"}],"curies":[{"name":"wp","href":"https:\/\/api.w.org\/{rel}","templated":true}]}}