{"id":18355,"date":"2020-09-18T21:19:33","date_gmt":"2020-09-19T00:19:33","guid":{"rendered":"http:\/\/www.jornalcontato.com.br\/home\/?p=18355"},"modified":"2020-09-18T21:21:04","modified_gmt":"2020-09-19T00:21:04","slug":"triste-fim-do-ministro-dias-toffoli-ex-presidente-do-stf-crusoe","status":"publish","type":"post","link":"https:\/\/www.jornalcontato.com.br\/home\/index.php\/triste-fim-do-ministro-dias-toffoli-ex-presidente-do-stf-crusoe\/","title":{"rendered":"Triste fim do Ministro Dias Toffoli, ex-presidente do STF (Cruso\u00e9)"},"content":{"rendered":"<p style=\"text-align: center;\"><em><strong>Na sua despedida da presid\u00eancia da Suprema Corte, Toffoli fez coisa que o pr\u00f3prio diabo ficou envergonhado diante de tanta sem-vergonhice. Nos velhos tempos eu diria que se trata de uma verdadeira sess\u00e3o de putaria franciscana.<\/strong><\/em><\/p>\n<p>Exagero?<\/p>\n<p>Confira o resumo feito pelo site O Antagonismo a respeito da reportagem feita pela revista eletr\u00f4nica Cruso\u00e9:<\/p>\n<p style=\"text-align: center;\">\u201c<strong><em>Saiba quem Toffoli beneficiou ao arquivar inqu\u00e9ritos de Cabral<\/em><\/strong><\/p>\n<p><em>Ao arquivar as investiga\u00e7\u00f5es abertas por Edson Fachin com base na dela\u00e7\u00e3o de S\u00e9rgio Cabral, Dias Toffoli beneficiou ministros do STJ e do TCU, desembargadores, deputados, senadores e um ex-procurador-geral do Rio, relata Fabio Serapi\u00e3o na Cruso\u00e9.<\/em><\/p>\n<p><em>Entre os citados nos anexos da dela\u00e7\u00e3o do ex-governador do Rio \u2013que n\u00e3o ser\u00e3o mais investigados\u2013 est\u00e3o A\u00e9cio Neves, Renan Calheiros, Jader Barbalho, Eduardo Paes, Gilberto Kassab, Paulinho da For\u00e7a, os ministros do TCU Vital do R\u00eago, Aroldo Cedraz e Bruno Dantas e o atual presidente do STJ, Humberto Martins.<\/em>\u201d<\/p>\n<p>Quem se interessar poder\u00e1 acessar a gratuitamente a Cruso\u00e9 no link: <a href=\"https:\/\/crusoe.com.br\/diario\/ao-arquivar-inqueritos-de-cabral-toffoli-beneficiou-politicos-desembargadores-ministros-do-stj-e-tcu-saiba-quem-sao\/\">https:\/\/crusoe.com.br\/diario\/ao-arquivar-inqueritos-de-cabral-toffoli-beneficiou-politicos-desembargadores-ministros-do-stj-e-tcu-saiba-quem-sao\/<\/a><\/p>\n<p>Por que ser\u00e1 que a chamada grande imprensa n\u00e3o comenta, n\u00e3o reproduz e se fecha em ensurdecedor sil\u00eancio a respeito desse assunto?<\/p>\n<p><a href=\"http:\/\/jornalcontato.com.br\/home\/wp-content\/uploads\/2020\/09\/Sergio-Cabral.jpeg\"><img loading=\"lazy\" decoding=\"async\" class=\"aligncenter size-large wp-image-18356\" src=\"http:\/\/jornalcontato.com.br\/home\/wp-content\/uploads\/2020\/09\/Sergio-Cabral-450x300.jpeg\" alt=\"\" width=\"450\" height=\"300\" srcset=\"https:\/\/jornalcontato.com.br\/home\/wp-content\/uploads\/2020\/09\/Sergio-Cabral-450x300.jpeg 450w, https:\/\/jornalcontato.com.br\/home\/wp-content\/uploads\/2020\/09\/Sergio-Cabral-300x200.jpeg 300w, https:\/\/jornalcontato.com.br\/home\/wp-content\/uploads\/2020\/09\/Sergio-Cabral.jpeg 700w\" sizes=\"auto, (max-width: 450px) 100vw, 450px\" \/><\/a><\/p>\n<p style=\"text-align: center;\"><em><strong>Ex-governador S\u00e9rgio Cabral com seus novos &#8220;amigos&#8221;<\/strong><\/em><\/p>\n","protected":false},"excerpt":{"rendered":"<p>Na sua despedida da presid\u00eancia da Suprema Corte, Toffoli fez coisa que o pr\u00f3prio diabo ficou envergonhado diante de tanta sem-vergonhice. Nos velhos tempos eu &#8230;<\/p>\n","protected":false},"author":1,"featured_media":18357,"comment_status":"open","ping_status":"open","sticky":false,"template":"","format":"standard","meta":{"footnotes":""},"categories":[1],"tags":[],"class_list":["post-18355","post","type-post","status-publish","format-standard","has-post-thumbnail","hentry","category-nacional"],"_links":{"self":[{"href":"https:\/\/www.jornalcontato.com.br\/home\/index.php\/wp-json\/wp\/v2\/posts\/18355","targetHints":{"allow":["GET"]}}],"collection":[{"href":"https:\/\/www.jornalcontato.com.br\/home\/index.php\/wp-json\/wp\/v2\/posts"}],"about":[{"href":"https:\/\/www.jornalcontato.com.br\/home\/index.php\/wp-json\/wp\/v2\/types\/post"}],"author":[{"embeddable":true,"href":"https:\/\/www.jornalcontato.com.br\/home\/index.php\/wp-json\/wp\/v2\/users\/1"}],"replies":[{"embeddable":true,"href":"https:\/\/www.jornalcontato.com.br\/home\/index.php\/wp-json\/wp\/v2\/comments?post=18355"}],"version-history":[{"count":2,"href":"https:\/\/www.jornalcontato.com.br\/home\/index.php\/wp-json\/wp\/v2\/posts\/18355\/revisions"}],"predecessor-version":[{"id":18359,"href":"https:\/\/www.jornalcontato.com.br\/home\/index.php\/wp-json\/wp\/v2\/posts\/18355\/revisions\/18359"}],"wp:featuredmedia":[{"embeddable":true,"href":"https:\/\/www.jornalcontato.com.br\/home\/index.php\/wp-json\/wp\/v2\/media\/18357"}],"wp:attachment":[{"href":"https:\/\/www.jornalcontato.com.br\/home\/index.php\/wp-json\/wp\/v2\/media?parent=18355"}],"wp:term":[{"taxonomy":"category","embeddable":true,"href":"https:\/\/www.jornalcontato.com.br\/home\/index.php\/wp-json\/wp\/v2\/categories?post=18355"},{"taxonomy":"post_tag","embeddable":true,"href":"https:\/\/www.jornalcontato.com.br\/home\/index.php\/wp-json\/wp\/v2\/tags?post=18355"}],"curies":[{"name":"wp","href":"https:\/\/api.w.org\/{rel}","templated":true}]}}