{"id":18314,"date":"2020-09-06T17:34:37","date_gmt":"2020-09-06T20:34:37","guid":{"rendered":"http:\/\/www.jornalcontato.com.br\/home\/?p=18314"},"modified":"2020-09-06T17:35:52","modified_gmt":"2020-09-06T20:35:52","slug":"a-vida-em-jogo-daniel-aarao-reis","status":"publish","type":"post","link":"https:\/\/www.jornalcontato.com.br\/home\/index.php\/a-vida-em-jogo-daniel-aarao-reis\/","title":{"rendered":"A vida em jogo (Daniel Aar\u00e3o Reis)"},"content":{"rendered":"<p style=\"text-align: center;\"><strong><em>A grande vantagem de Biden est\u00e1 na ampla frente que se constituiu a seu favor<\/em><\/strong><\/p>\n<p>\u00a0As elei\u00e7\u00f5es nos EUA parecem decididas, mas n\u00e3o est\u00e3o. \u00c9 o que disse no fim de agosto Nate Silver, dono do site <em>FiveThirtyEight<\/em>, que analisa as pesquisas realizadas no pa\u00eds. Joe Biden e Kamala Harris s\u00e3o favoritos com 71% de chances, contra 29% a favor de Trump. Seria tranquilizador para os democratas, n\u00e3o fosse o fato de que, h\u00e1 quatro anos, essas mesmas propor\u00e7\u00f5es eram conferidas a Hillary Clinton e ao l\u00edder republicano. N\u00e3o aconteceu apenas no pleito de 2016. Em 1988 e 2004, da mesma forma, os candidatos democratas pareciam invenc\u00edveis, por\u00e9m, na hora da apura\u00e7\u00e3o dos votos, perderam.<\/p>\n<p>O pior \u00e9 que, mesmo ganhando, um candidato pode perder. \u00c9 uma peculiaridade da \u201cmais antiga democracia do mundo\u201d \u2014 o voto \u00e9 universal contudo n\u00e3o vence quem recebe maior quantidade de votos, ganha quem chega na frente num estranho Col\u00e9gio Eleitoral, constitu\u00eddo por delegados estaduais, cujo n\u00famero \u00e9 fixado de acordo com a popula\u00e7\u00e3o local. Se um candidato ganha por um voto num determinado estado, captura todos os delegados para seu lado. Assim, em 2016, Hillary teve vantagem de cerca de 2,9 milh\u00f5es de votos em rela\u00e7\u00e3o a Trump. Ganhou, mas n\u00e3o levou, pois n\u00e3o teve maioria no Col\u00e9gio Eleitoral.<\/p>\n<p><a href=\"http:\/\/jornalcontato.com.br\/home\/wp-content\/uploads\/2020\/09\/Joe-Biden-e-Kamala-Harris.jpg\"><img loading=\"lazy\" decoding=\"async\" class=\"aligncenter size-large wp-image-18315\" src=\"http:\/\/jornalcontato.com.br\/home\/wp-content\/uploads\/2020\/09\/Joe-Biden-e-Kamala-Harris-450x253.jpg\" alt=\"\" width=\"450\" height=\"253\" srcset=\"https:\/\/jornalcontato.com.br\/home\/wp-content\/uploads\/2020\/09\/Joe-Biden-e-Kamala-Harris-450x253.jpg 450w, https:\/\/jornalcontato.com.br\/home\/wp-content\/uploads\/2020\/09\/Joe-Biden-e-Kamala-Harris-300x169.jpg 300w, https:\/\/jornalcontato.com.br\/home\/wp-content\/uploads\/2020\/09\/Joe-Biden-e-Kamala-Harris.jpg 640w\" sizes=\"auto, (max-width: 450px) 100vw, 450px\" \/><\/a><\/p>\n<p style=\"text-align: center;\"><em><strong>Joe Biden e sua vice Kamala Harris<\/strong><\/em><\/p>\n<p>Neste ano, as pesquisas indicam vit\u00f3ria tranquila dos democratas em estados populosos, como Nova York e Calif\u00f3rnia. Noutros, estrat\u00e9gicos, como na regi\u00e3o industrial do Nordeste (Pensilv\u00e2nia, Michigan e Wisconsin), a dist\u00e2ncia que separa Biden de Trump \u00e9 bem pequena e sujeita a surpresas. Sem falar no Arizona e na Fl\u00f3rida, onde Biden registra uma dianteira m\u00ednima, dentro da margem de erro. H\u00e1 outros imponder\u00e1veis a considerar, como as dificuldades de votar, maiores ou menores segundo as burocracias de cada estado, que t\u00eam autonomia para decidir como se processar\u00e3o as elei\u00e7\u00f5es. H\u00e1 lugares em que o cidad\u00e3o leva sete horas para votar, o que faz com que muitos desistam ou nem votem, pois o voto n\u00e3o \u00e9 obrigat\u00f3rio.<\/p>\n<p>A grande vantagem de Biden est\u00e1 na ampla frente pol\u00edtica que se constituiu a seu favor. Suas propostas t\u00eam procurado fugir ao reformismo mole que marcou os oito anos de Obama: aumento substancial do sal\u00e1rio m\u00ednimo federal, estancado desde 2009; tributos pesados para as grandes fortunas; eleva\u00e7\u00e3o das taxas destinadas a financiar o sistema de seguridade social; fixa\u00e7\u00e3o de um imposto bastante maior sobre as rendas especulativas; duplica\u00e7\u00e3o dos impostos sobre lucros realizados no estrangeiro; incremento das verbas para o combate ao aquecimento do planeta.<\/p>\n<p>Embora razo\u00e1veis, as propostas est\u00e3o longe de restabelecer os n\u00edveis de justi\u00e7a social dos EUA nos anos 1950\/1960. O dram\u00e1tico \u00e9 que as desigualdades sociais dispararam no contexto da pandemia. Segundo o site <em>Business Insider<\/em>, a fortuna dos bilion\u00e1rios cresceu em US$ 700 bilh\u00f5es desde mar\u00e7o passado. Jeff Bezos, dono da <em>Amazon<\/em>, agradece \u00e0 Covid-19: ele ganhou US$ 50 bilh\u00f5es no per\u00edodo. Sua fortuna alcan\u00e7ou US$ 185 bilh\u00f5es, segundo a revista \u201c<em>Forbes<\/em>\u201d. Lucro semelhante teve Elon Musk, dono da <em>Tesla<\/em>, que se tornou, na onda do v\u00edrus, o quinto homem mais rico do planeta.<\/p>\n<p><a href=\"http:\/\/jornalcontato.com.br\/home\/wp-content\/uploads\/2020\/09\/Trump.jpeg\"><img loading=\"lazy\" decoding=\"async\" class=\"aligncenter size-large wp-image-18316\" src=\"http:\/\/jornalcontato.com.br\/home\/wp-content\/uploads\/2020\/09\/Trump-450x216.jpeg\" alt=\"\" width=\"450\" height=\"216\" srcset=\"https:\/\/jornalcontato.com.br\/home\/wp-content\/uploads\/2020\/09\/Trump-450x216.jpeg 450w, https:\/\/jornalcontato.com.br\/home\/wp-content\/uploads\/2020\/09\/Trump-300x144.jpeg 300w, https:\/\/jornalcontato.com.br\/home\/wp-content\/uploads\/2020\/09\/Trump-768x369.jpeg 768w, https:\/\/jornalcontato.com.br\/home\/wp-content\/uploads\/2020\/09\/Trump.jpeg 1250w\" sizes=\"auto, (max-width: 450px) 100vw, 450px\" \/><\/a><\/p>\n<p style=\"text-align: center;\"><em><strong>Donald espera repetir a estrat\u00e9gia que o levou \u00e0 Casa Branca em 2016<\/strong><\/em><\/p>\n<p>O programa de Biden ficou igualmente mudo diante dos gigantescos monop\u00f3lios constitu\u00eddos ao longo da revolu\u00e7\u00e3o digital \u2014 em especial o conhecido <em>GAFA (Google, Amazon, Facebook e Apple)<\/em> \u2014, presentes em todo o mundo, que precisariam ser fragmentados e se sujeitar ao controle p\u00fablico. Tamb\u00e9m se poderia esperar uma defini\u00e7\u00e3o a respeito do desmonte do aparelho policial demencialmente racista, que revolta a popula\u00e7\u00e3o negra e \u00e9 motivo de vergonha para os que t\u00eam sentido de cidadania e dignidade.<\/p>\n<p>Veremos se as esquerdas democr\u00e1ticas ter\u00e3o for\u00e7a para, no caso de uma eventual vit\u00f3ria, cobrar de Biden e Kamala compromisso radical com a democracia, evitando que eles se enredem nas malhas e nas artimanhas do poder, como tem acontecido com tantos l\u00edderes reformistas mundo afora.<\/p>\n<p>No momento, trata-se de derrotar Trump. Como disse Michelle Obama em discurso na conven\u00e7\u00e3o dos Democratas: \u201cVotem, como se deste voto dependesse a sua vida\u201d.<\/p>\n","protected":false},"excerpt":{"rendered":"<p>A grande vantagem de Biden est\u00e1 na ampla frente que se constituiu a seu favor \u00a0As elei\u00e7\u00f5es nos EUA parecem decididas, mas n\u00e3o est\u00e3o. \u00c9 &#8230;<\/p>\n","protected":false},"author":1,"featured_media":18317,"comment_status":"open","ping_status":"open","sticky":false,"template":"","format":"standard","meta":{"footnotes":""},"categories":[1],"tags":[],"class_list":["post-18314","post","type-post","status-publish","format-standard","has-post-thumbnail","hentry","category-nacional"],"_links":{"self":[{"href":"https:\/\/www.jornalcontato.com.br\/home\/index.php\/wp-json\/wp\/v2\/posts\/18314","targetHints":{"allow":["GET"]}}],"collection":[{"href":"https:\/\/www.jornalcontato.com.br\/home\/index.php\/wp-json\/wp\/v2\/posts"}],"about":[{"href":"https:\/\/www.jornalcontato.com.br\/home\/index.php\/wp-json\/wp\/v2\/types\/post"}],"author":[{"embeddable":true,"href":"https:\/\/www.jornalcontato.com.br\/home\/index.php\/wp-json\/wp\/v2\/users\/1"}],"replies":[{"embeddable":true,"href":"https:\/\/www.jornalcontato.com.br\/home\/index.php\/wp-json\/wp\/v2\/comments?post=18314"}],"version-history":[{"count":2,"href":"https:\/\/www.jornalcontato.com.br\/home\/index.php\/wp-json\/wp\/v2\/posts\/18314\/revisions"}],"predecessor-version":[{"id":18319,"href":"https:\/\/www.jornalcontato.com.br\/home\/index.php\/wp-json\/wp\/v2\/posts\/18314\/revisions\/18319"}],"wp:featuredmedia":[{"embeddable":true,"href":"https:\/\/www.jornalcontato.com.br\/home\/index.php\/wp-json\/wp\/v2\/media\/18317"}],"wp:attachment":[{"href":"https:\/\/www.jornalcontato.com.br\/home\/index.php\/wp-json\/wp\/v2\/media?parent=18314"}],"wp:term":[{"taxonomy":"category","embeddable":true,"href":"https:\/\/www.jornalcontato.com.br\/home\/index.php\/wp-json\/wp\/v2\/categories?post=18314"},{"taxonomy":"post_tag","embeddable":true,"href":"https:\/\/www.jornalcontato.com.br\/home\/index.php\/wp-json\/wp\/v2\/tags?post=18314"}],"curies":[{"name":"wp","href":"https:\/\/api.w.org\/{rel}","templated":true}]}}