{"id":18259,"date":"2020-08-22T19:37:44","date_gmt":"2020-08-22T22:37:44","guid":{"rendered":"http:\/\/www.jornalcontato.com.br\/home\/?p=18259"},"modified":"2020-08-22T19:38:43","modified_gmt":"2020-08-22T22:38:43","slug":"o-mito-dos-gestores-militares-rodrigo-zeidan","status":"publish","type":"post","link":"https:\/\/www.jornalcontato.com.br\/home\/index.php\/o-mito-dos-gestores-militares-rodrigo-zeidan\/","title":{"rendered":"O mito dos gestores militares (*Rodrigo Zeidan)"},"content":{"rendered":"<p style=\"text-align: center;\"><em><strong>General Eduardo Pazuello, ministro interino da Sa\u00fade<\/strong><\/em><\/p>\n<p style=\"text-align: center;\"><strong><em>Encher de militares o governo e elevar o or\u00e7amento das For\u00e7as Armadas vai acabar mal, de novo<\/em><\/strong><\/p>\n<p>Treinados para a guerra, os militares v\u00e3o conseguir derrotar seus inimigos na batalha pelo Or\u00e7amento: a popula\u00e7\u00e3o brasileira.<\/p>\n<p>Hoje, o capit\u00e3o est\u00e1 para continuar nossa grande tradi\u00e7\u00e3o de ignorar os problemas reais e inventar inimigos imagin\u00e1rios, propondo um or\u00e7amento para a Defesa maior que para a educa\u00e7\u00e3o.<\/p>\n<p>Em 2018, o or\u00e7amento para a Defesa totalizou R$ 77 bilh\u00f5es, dos quais R$ 67 bilh\u00f5es foram executados. O governo de extrema direita n\u00e3o se fez de rogado, e, em 2019, com a economia crescendo 1% e a infla\u00e7\u00e3o baix\u00edssima, o or\u00e7amento saltou para R$ 85 bilh\u00f5es, dos quais R$ 75 bilh\u00f5es foram executados, aumento de mais de 10%.<\/p>\n<p>Pior: gastamos em tecnologia, manuten\u00e7\u00e3o e pesquisa? N\u00e3o, 92% dos gastos s\u00e3o com pessoal da ativa e da reserva.<\/p>\n<p>Tanto na \u00e9poca do golpe quanto no governo do capit\u00e3o n\u00e3o h\u00e1 preocupa\u00e7\u00e3o com a melhoria da economia ou real defesa do pa\u00eds, mas simplesmente uma busca por maiores soldos.<\/p>\n<p>Durante as tr\u00eas primeiras d\u00e9cadas do s\u00e9culo passado, as For\u00e7as Armadas representavam 22% das despesas p\u00fablicas. Obviamente, esse percentual aumentou durante a Segunda Guerra Mundial, com pico de 37% em 1942.<\/p>\n<p>Em 1963, sem inimigos externos (a n\u00e3o ser imagin\u00e1rios), gast\u00e1vamos 16% do or\u00e7amento dos minist\u00e9rios com defesa nacional. Mas a ditadura avan\u00e7ou sobre os cofres p\u00fablicos. Em 1965, os gastos com as For\u00e7as Armadas j\u00e1 tinham saltado para 22% do Or\u00e7amento total. Oito anos depois, no auge da megalonamia do \u201cmilagre econ\u00f4mico\u201d, as For\u00e7as Armadas recebiam 44% do total despendido pelo governo federal; o Minist\u00e9rio da Educa\u00e7\u00e3o ficava com 10%.<\/p>\n<p>Infelizmente, como os militares sa\u00edram pela porta da frente e parte do governo coincidiu com o ciclo natural do processo de industrializa\u00e7\u00e3o, inventou-se por essas bandas a ideia de um \u201cmilagre econ\u00f4mico\u201d, de 1968-1973, no qual a economia brasileira teria crescido a 11% ao ano. Cresceu mesmo, mas no contexto do maior crescimento da hist\u00f3ria do sistema capitalista no mundo (8% ao ano) e atrav\u00e9s da forma\u00e7\u00e3o da d\u00edvida externa, que afundaria o pa\u00eds por quase 20 anos.<\/p>\n<p><a href=\"http:\/\/jornalcontato.com.br\/home\/wp-content\/uploads\/2020\/08\/Submarino-Riachuelo.jpg\"><img loading=\"lazy\" decoding=\"async\" class=\"aligncenter size-large wp-image-18260\" src=\"http:\/\/jornalcontato.com.br\/home\/wp-content\/uploads\/2020\/08\/Submarino-Riachuelo-450x300.jpg\" alt=\"\" width=\"450\" height=\"300\" srcset=\"https:\/\/jornalcontato.com.br\/home\/wp-content\/uploads\/2020\/08\/Submarino-Riachuelo-450x300.jpg 450w, https:\/\/jornalcontato.com.br\/home\/wp-content\/uploads\/2020\/08\/Submarino-Riachuelo-300x200.jpg 300w, https:\/\/jornalcontato.com.br\/home\/wp-content\/uploads\/2020\/08\/Submarino-Riachuelo-768x512.jpg 768w, https:\/\/jornalcontato.com.br\/home\/wp-content\/uploads\/2020\/08\/Submarino-Riachuelo.jpg 1024w\" sizes=\"auto, (max-width: 450px) 100vw, 450px\" \/><\/a><\/p>\n<p style=\"text-align: center;\"><em><strong>Submarino Riachuelo, lan\u00e7ado em dezembro de 2018<\/strong><\/em><\/p>\n<p>Os militares nunca foram bons gestores da economia. Surfaram a onda do crescimento mundial, enquanto gastavam como bem entediam. E isso sem nenhuma preocupa\u00e7\u00e3o com pobreza ou desigualdade social.<\/p>\n<p>A d\u00edvida externa come\u00e7ou a crescer a 20% ao ano j\u00e1 em 1964. Pegaram um pa\u00eds com d\u00edvida de US$ 3 bilh\u00f5es (14% do PIB e dois anos de exporta\u00e7\u00f5es) e entregaram algo impag\u00e1vel (mais de US$ 100 bilh\u00f5es, 45% do PIB e quatro anos de exporta\u00e7\u00f5es). O golpe de mestre foi culpar a crise externa e o FMI (Fundo Monet\u00e1rio Internacional), empurrando a conta para os governos seguintes.<\/p>\n<p>Mas a realidade \u00e9 que os militares lideraram processo de crescimento baseado em pir\u00e2mide financeira \u2014pegavam novas d\u00edvidas para pagar os juros das anteriores, at\u00e9 que, em 1980, o choque Volcker acabou com a farra.<\/p>\n<p>Paul Volcker, chefe do Fed, decidiu, numa tacada, acabar com a infla\u00e7\u00e3o americana jogando os juros nas alturas (a taxa b\u00e1sica chegou a 20%). O Brasil foi pego com as cal\u00e7as arriadas. Sem cr\u00e9dito, n\u00e3o tinha como pagar os juros da d\u00edvida. Logo vieram o calote e a hiperinfla\u00e7\u00e3o.<\/p>\n<p>Infelizmente, n\u00e3o aprendemos com a hist\u00f3ria. Encher de militares, mesmo que da reserva, o governo e validar o aumento do or\u00e7amento das For\u00e7as Armadas vai acabar mal, de novo.<\/p>\n<p>\u00c9 hora de abandonar o mito: os generais n\u00e3o conduziram bem a economia no passado e nem hoje saberiam faz\u00ea-lo.<\/p>\n<p style=\"text-align: right;\"><strong><em>*Professor da New York University Shanghai (China) e da Funda\u00e7\u00e3o Dom Cabral. <\/em><\/strong><\/p>\n<p style=\"text-align: right;\"><strong><em>\u00c9 doutor em economia pela UFRJ.<\/em><\/strong><\/p>\n","protected":false},"excerpt":{"rendered":"<p>General Eduardo Pazuello, ministro interino da Sa\u00fade Encher de militares o governo e elevar o or\u00e7amento das For\u00e7as Armadas vai acabar mal, de novo Treinados &#8230;<\/p>\n","protected":false},"author":1,"featured_media":18261,"comment_status":"open","ping_status":"open","sticky":false,"template":"","format":"standard","meta":{"footnotes":""},"categories":[1],"tags":[],"class_list":["post-18259","post","type-post","status-publish","format-standard","has-post-thumbnail","hentry","category-nacional"],"_links":{"self":[{"href":"https:\/\/www.jornalcontato.com.br\/home\/index.php\/wp-json\/wp\/v2\/posts\/18259","targetHints":{"allow":["GET"]}}],"collection":[{"href":"https:\/\/www.jornalcontato.com.br\/home\/index.php\/wp-json\/wp\/v2\/posts"}],"about":[{"href":"https:\/\/www.jornalcontato.com.br\/home\/index.php\/wp-json\/wp\/v2\/types\/post"}],"author":[{"embeddable":true,"href":"https:\/\/www.jornalcontato.com.br\/home\/index.php\/wp-json\/wp\/v2\/users\/1"}],"replies":[{"embeddable":true,"href":"https:\/\/www.jornalcontato.com.br\/home\/index.php\/wp-json\/wp\/v2\/comments?post=18259"}],"version-history":[{"count":2,"href":"https:\/\/www.jornalcontato.com.br\/home\/index.php\/wp-json\/wp\/v2\/posts\/18259\/revisions"}],"predecessor-version":[{"id":18263,"href":"https:\/\/www.jornalcontato.com.br\/home\/index.php\/wp-json\/wp\/v2\/posts\/18259\/revisions\/18263"}],"wp:featuredmedia":[{"embeddable":true,"href":"https:\/\/www.jornalcontato.com.br\/home\/index.php\/wp-json\/wp\/v2\/media\/18261"}],"wp:attachment":[{"href":"https:\/\/www.jornalcontato.com.br\/home\/index.php\/wp-json\/wp\/v2\/media?parent=18259"}],"wp:term":[{"taxonomy":"category","embeddable":true,"href":"https:\/\/www.jornalcontato.com.br\/home\/index.php\/wp-json\/wp\/v2\/categories?post=18259"},{"taxonomy":"post_tag","embeddable":true,"href":"https:\/\/www.jornalcontato.com.br\/home\/index.php\/wp-json\/wp\/v2\/tags?post=18259"}],"curies":[{"name":"wp","href":"https:\/\/api.w.org\/{rel}","templated":true}]}}