{"id":18250,"date":"2020-08-18T09:45:53","date_gmt":"2020-08-18T12:45:53","guid":{"rendered":"http:\/\/www.jornalcontato.com.br\/home\/?p=18250"},"modified":"2020-08-18T09:45:53","modified_gmt":"2020-08-18T12:45:53","slug":"sem-do-nem-piedade-eliane-cantanhede","status":"publish","type":"post","link":"https:\/\/www.jornalcontato.com.br\/home\/index.php\/sem-do-nem-piedade-eliane-cantanhede\/","title":{"rendered":"Sem d\u00f3 nem piedade (Eliane Cantanh\u00eade)"},"content":{"rendered":"<p style=\"text-align: center;\"><strong><em>Faltaram tochas e m\u00e1scaras brancas nos gritos de \u2018assassina\u2019 para a pobre menina pobre<\/em><\/strong><\/p>\n<p>\u00a0\u00a0\u00a0\u00a0\u00a0\u00a0\u00a0\u00a0\u00a0\u00a0\u00a0 \u00c9 de chorar copiosamente de raiva, vergonha e des\u00e2nimo quando um bando de enlouquecidos usa o nome de Deus para transformar uma pequena e sofrida v\u00edtima em vil\u00e3, aos gritos de \u201cassassina\u201d. \u00c9 de uma crueldade sem limites, que faz recrudescer uma ang\u00fastia que s\u00f3 aumenta: a aud\u00e1cia dessa gente que saiu das trevas n\u00e3o tem fim?<\/p>\n<p>A pobre menina pobre tinha seis anos quando passou a ser abusada por um tio, na casa onde morava com os av\u00f3s. O pai? N\u00e3o se sabe. A m\u00e3e? Tamb\u00e9m n\u00e3o. Sem os pais e sem o olhar, o cuidado e a piedade dos adultos, respons\u00e1veis, amigos e vizinhos, que n\u00e3o viram nada ou n\u00e3o quiseram \u201cse meter na vida dos outros\u201d, o que e quem sobrou? Nada, ningu\u00e9m. S\u00f3 o medo, a solid\u00e3o, a dor do corpo e da alma.<\/p>\n<p>Hist\u00f3rias assim ocorrem o tempo todo, por toda parte, contra milhares de meninas e meninos pobres e desamparados neste nosso Brasil t\u00e3o lindo, de gente t\u00e3o alegre e sol o ano inteiro, invejado por natureza pujante. Um Brasil t\u00e3o solar que abriga um Brasil t\u00e3o obscuro, soturno, onde a Justi\u00e7a n\u00e3o \u00e9 igual para todos, ju\u00edzas injustas se referem \u00e0 \u201cra\u00e7a\u201d do suspeito para conden\u00e1-lo e crian\u00e7as n\u00e3o t\u00eam o direito de serem crian\u00e7as. Abandonadas pela fam\u00edlia e pelo Estado.<\/p>\n<p>A nossa brasileirinha, t\u00e3o sofrida, menstruou cedo e engravidou aos 10 anos do criminoso que usava da intimidade da casa para destruir o corpinho, a autoestima e a vida dela. A lei autoriza o aborto em caso de estupro, risco \u00e0 vida da gestante e anencefalia do feto. Ela se encaixa em dois dos tr\u00eas crit\u00e9rios e a Justi\u00e7a autorizou, mas m\u00e9dicos no Esp\u00edrito Santo lavaram as m\u00e3os e ela teve de ser acolhida em Pernambuco, num hospital que interrompeu uma gravidez que poderia t\u00ea-la matado, depois de longa tortura que ningu\u00e9m viu, ou n\u00e3o quis ver. The end? N\u00e3o, foi s\u00f3 mais um cap\u00edtulo dessa novela macabra. O drama dela continua, assim como o dos quase 70 mil estupros por ano.<\/p>\n<p style=\"text-align: center;\"><a href=\"http:\/\/jornalcontato.com.br\/home\/wp-content\/uploads\/2020\/08\/Hospital-Estadual-R-Silvares.jpg\"><img loading=\"lazy\" decoding=\"async\" class=\"aligncenter size-large wp-image-18251\" src=\"http:\/\/jornalcontato.com.br\/home\/wp-content\/uploads\/2020\/08\/Hospital-Estadual-R-Silvares-450x338.jpg\" alt=\"\" width=\"450\" height=\"338\" srcset=\"https:\/\/jornalcontato.com.br\/home\/wp-content\/uploads\/2020\/08\/Hospital-Estadual-R-Silvares-450x338.jpg 450w, https:\/\/jornalcontato.com.br\/home\/wp-content\/uploads\/2020\/08\/Hospital-Estadual-R-Silvares-300x225.jpg 300w, https:\/\/jornalcontato.com.br\/home\/wp-content\/uploads\/2020\/08\/Hospital-Estadual-R-Silvares-768x576.jpg 768w, https:\/\/jornalcontato.com.br\/home\/wp-content\/uploads\/2020\/08\/Hospital-Estadual-R-Silvares.jpg 932w\" sizes=\"auto, (max-width: 450px) 100vw, 450px\" \/><\/a><em><strong>Hospital em S\u00e3o Mateus, no Esp\u00edrito Santo, que se recusou a fazer a cirurgia<\/strong><\/em><\/p>\n<p>Almas do mal rondam a desgra\u00e7a alheia, como a blogueira que desfilava de peito de fora quando feminista e agora, depois de se metamorfosear em bolsonarista, \u00e9 alvo da Justi\u00e7a por jogar fogos de artif\u00edcio contra o Supremo e capaz de divulgar o nome da crian\u00e7a gr\u00e1vida e o endere\u00e7o do hospital. Que pessoa \u00e9 essa? Que mente deturpada \u00e9 essa? \u00c9 preciso responsabiliz\u00e1-la pelo crime, previsto em lei, de expor menores de idade em situa\u00e7\u00f5es adversas. Al\u00e9m de investigar quem vazou para uma pessoa com essa \u00edndole os dados da menina e do seu destino para a execra\u00e7\u00e3o p\u00fablica.<\/p>\n<p>\u00c9 demon\u00edaco, mas mulheres e homens que se dizem religiosos, at\u00e9 pastores, atenderam \u00e0 convoca\u00e7\u00e3o e se aglomeraram diante do hospital para aprofundar a dor, a vergonha e a humilha\u00e7\u00e3o daquela crian\u00e7a. S\u00f3 faltaram m\u00e1scaras brancas e tochas para reproduzir a Ku Klux Klan, reencarna\u00e7\u00e3o do nazismo nos Estados Unidos condenada em todas as democracias saud\u00e1veis.<\/p>\n<p>Parab\u00e9ns ao m\u00e9dico Ol\u00edmpio de Moraes, que cumpriu a autoriza\u00e7\u00e3o judicial e enfrentou a hipocrisia e os ensandecidos para defender, com coragem e generosidade, o direito \u00e0 sa\u00fade e \u00e0 vida. \u201cObrigar uma crian\u00e7a a ter uma gravidez for\u00e7ada \u00e9 um absurdo\u201d, disse ele. Sim, absurdo, maldade, esc\u00e2ndalo, uma desumanidade. Como Na\u00e7\u00e3o, n\u00e3o podemos compactuar com perversidades assim. N\u00e3o se trata de ser contra ou a favor do aborto, mas de humanidade.<\/p>\n<p>Que a viol\u00eancia contra essa brasileirinha acorde a sociedade para esses abusos que acontecem com uma frequ\u00eancia assustadora sob as nossas barbas. \u00c9 preciso proteger nossas crian\u00e7as, incentivar as den\u00fancias de quem finge que n\u00e3o v\u00ea e punir os culpados. Para as seitas que chamam a pequena v\u00edtima de \u201cassassina\u201d, conv\u00e9m lembrar que o real criminoso est\u00e1 solto, ao lado de milhares de outros prontos a destruir a vida e o futuro de crian\u00e7as como ela.<\/p>\n","protected":false},"excerpt":{"rendered":"<p>Faltaram tochas e m\u00e1scaras brancas nos gritos de \u2018assassina\u2019 para a pobre menina pobre \u00a0\u00a0\u00a0\u00a0\u00a0\u00a0\u00a0\u00a0\u00a0\u00a0\u00a0 \u00c9 de chorar copiosamente de raiva, vergonha e des\u00e2nimo quando &#8230;<\/p>\n","protected":false},"author":1,"featured_media":18252,"comment_status":"open","ping_status":"open","sticky":false,"template":"","format":"standard","meta":{"footnotes":""},"categories":[1],"tags":[],"class_list":["post-18250","post","type-post","status-publish","format-standard","has-post-thumbnail","hentry","category-nacional"],"_links":{"self":[{"href":"https:\/\/www.jornalcontato.com.br\/home\/index.php\/wp-json\/wp\/v2\/posts\/18250","targetHints":{"allow":["GET"]}}],"collection":[{"href":"https:\/\/www.jornalcontato.com.br\/home\/index.php\/wp-json\/wp\/v2\/posts"}],"about":[{"href":"https:\/\/www.jornalcontato.com.br\/home\/index.php\/wp-json\/wp\/v2\/types\/post"}],"author":[{"embeddable":true,"href":"https:\/\/www.jornalcontato.com.br\/home\/index.php\/wp-json\/wp\/v2\/users\/1"}],"replies":[{"embeddable":true,"href":"https:\/\/www.jornalcontato.com.br\/home\/index.php\/wp-json\/wp\/v2\/comments?post=18250"}],"version-history":[{"count":1,"href":"https:\/\/www.jornalcontato.com.br\/home\/index.php\/wp-json\/wp\/v2\/posts\/18250\/revisions"}],"predecessor-version":[{"id":18253,"href":"https:\/\/www.jornalcontato.com.br\/home\/index.php\/wp-json\/wp\/v2\/posts\/18250\/revisions\/18253"}],"wp:featuredmedia":[{"embeddable":true,"href":"https:\/\/www.jornalcontato.com.br\/home\/index.php\/wp-json\/wp\/v2\/media\/18252"}],"wp:attachment":[{"href":"https:\/\/www.jornalcontato.com.br\/home\/index.php\/wp-json\/wp\/v2\/media?parent=18250"}],"wp:term":[{"taxonomy":"category","embeddable":true,"href":"https:\/\/www.jornalcontato.com.br\/home\/index.php\/wp-json\/wp\/v2\/categories?post=18250"},{"taxonomy":"post_tag","embeddable":true,"href":"https:\/\/www.jornalcontato.com.br\/home\/index.php\/wp-json\/wp\/v2\/tags?post=18250"}],"curies":[{"name":"wp","href":"https:\/\/api.w.org\/{rel}","templated":true}]}}