{"id":18205,"date":"2020-08-03T11:41:34","date_gmt":"2020-08-03T14:41:34","guid":{"rendered":"http:\/\/www.jornalcontato.com.br\/home\/?p=18205"},"modified":"2020-08-03T11:42:10","modified_gmt":"2020-08-03T14:42:10","slug":"a-politica-de-guerra-caca-diegues","status":"publish","type":"post","link":"https:\/\/www.jornalcontato.com.br\/home\/index.php\/a-politica-de-guerra-caca-diegues\/","title":{"rendered":"A  pol\u00edtica de guerra (Cac\u00e1 Diegues)"},"content":{"rendered":"<p style=\"text-align: center;\"><strong><em>Vou tratar de virar f\u00e3 de Felipe Neto<\/em><\/strong><\/p>\n<p style=\"text-align: left;\">Se a esquerda faz pol\u00edtica demais, a direita por sua vez n\u00e3o sabe fazer pol\u00edtica, n\u00e3o faz pol\u00edtica nenhuma. Mas se ilude quem pensa que nosso presidente de direita, Jair Bolsonaro, se elegeu sem um programa claro, por puro prazer da aventura pol\u00edtica contra a pol\u00edtica, a antipol\u00edtica que ele tanto anunciou. Ele e sua turma nunca se interessaram pela pol\u00edtica como modo de levar a sociedade em dire\u00e7\u00e3o a uma agenda que corrigisse o passado e organizasse o futuro, n\u00e3o se prepararam para isso. Eles se prepararam para uma guerra e s\u00f3 pensam nela.<\/p>\n<p style=\"text-align: left;\">Uma guerra que s\u00f3 ainda n\u00e3o foi escancarada, fazendo mais v\u00edtimas e provocando mais tiroteios aleat\u00f3rios e insanos, por causa da pandemia, por causa de um pequeno animalzinho, um quase nada, o v\u00edrus assassino que n\u00e3o permitiu que o bando de Bolsonaro assumisse o papel central de seu tempo. A guerra que programaram e pretendiam praticar \u00e9 humanamente menor do que a calamidade p\u00fablica provocada pela Covid-19.<\/p>\n<p>Quem n\u00e3o se lembra das amea\u00e7as guerreiras feitas pouco antes de se tornar tr\u00e1gica a presen\u00e7a do v\u00edrus por aqui? Um dia, na televis\u00e3o, Bolsonaro nos garantiu que tinha vencido a elei\u00e7\u00e3o de 2018 no primeiro turno e que, portanto, tinha sido roubado. O presidente afirmou que tinha provas disso e que ia mostr\u00e1-las \u00e0 na\u00e7\u00e3o. Faz mais de oito meses que esse show passou na televis\u00e3o&#8230; e cad\u00ea as provas? Quantas vezes ouvimos dele, de seus filhos e dos ministros mais queridos e alinhados, que haveria muito em breve uma ruptura inevit\u00e1vel, que n\u00e3o dava mais para suportar as persegui\u00e7\u00f5es dos outros Poderes ao Executivo? Quantas vezes ouvimos, desde h\u00e1 bastante tempo, express\u00f5es como \u201cagora chega\u201d ou \u201cacabou\u201d ou \u201cn\u00e3o d\u00e1 mais\u201d ou coisa que o valha? Faz tempo que essas express\u00f5es de radicalidade come\u00e7aram a ser usadas e, at\u00e9 agora, a guerra n\u00e3o passou de fuxico.<\/p>\n<p>O Brasil tem hoje perto de cem mil v\u00edtimas fatais do coronav\u00edrus e mais de dois milh\u00f5es e meio de infectados lutando contra a morte, fora os que n\u00e3o morreram mas se tornaram de alguma forma deficientes. Vemos todo dia, nos jornais, na televis\u00e3o e nas redes sociais, as fam\u00edlias feridas dessas v\u00edtimas, capazes de comover o mais endurecido dos cora\u00e7\u00f5es. Menos os da turma dos Bolsonaros. Para eles, \u00e9 tudo um exagero da \u201cextrema imprensa\u201d, o poss\u00edvel quase milh\u00e3o de familiares enlutados tinham mais \u00e9 que se conformar, pois todo mundo um dia morre. E da\u00ed?<\/p>\n<p><a href=\"http:\/\/jornalcontato.com.br\/home\/wp-content\/uploads\/2020\/08\/Recarrego.jpg\"><img loading=\"lazy\" decoding=\"async\" class=\"aligncenter size-full wp-image-18206\" src=\"http:\/\/jornalcontato.com.br\/home\/wp-content\/uploads\/2020\/08\/Recarrego.jpg\" alt=\"Recarrego\" width=\"310\" height=\"162\" srcset=\"https:\/\/jornalcontato.com.br\/home\/wp-content\/uploads\/2020\/08\/Recarrego.jpg 310w, https:\/\/jornalcontato.com.br\/home\/wp-content\/uploads\/2020\/08\/Recarrego-300x157.jpg 300w\" sizes=\"auto, (max-width: 310px) 100vw, 310px\" \/><\/a><\/p>\n<p>Enquanto as v\u00edtimas e seus familiares t\u00eam a generosidade de pedir \u00e0 popula\u00e7\u00e3o que n\u00e3o saia de casa, para que n\u00e3o morram mais brasileiros inutilmente, o presidente do Brasil, o principal respons\u00e1vel em \u00faltima inst\u00e2ncia pelos cidad\u00e3os do pa\u00eds, manda invadir os hospitais para fotografar leitos vazios, a fim de provar que \u00e9 tudo um exagero contra n\u00e3o sei quem. A\u00ed o cons\u00f3rcio de imprensa, montado a partir das informa\u00e7\u00f5es das secretarias de Sa\u00fade de cada estado, com a finalidade de neutralizar as mentiras que estavam sendo supostamente armadas pelo Minist\u00e9rio da Sa\u00fade para subestimar os n\u00fameros da crise e aliviar a responsabilidade do governo, impacta a na\u00e7\u00e3o com os verdadeiros n\u00fameros da trag\u00e9dia.<\/p>\n<p>Enquanto as fam\u00edlias e os solid\u00e1rios a elas choram as v\u00edtimas da Covid-19, o presidente da Rep\u00fablica sorri feliz e sem m\u00e1scara, abra\u00e7ado a uma aglomera\u00e7\u00e3o no interior da Bahia, em cima de uma mula manca, fantasiado de caub\u00f3i sertanejo, com um chap\u00e9u de falso couro de jagun\u00e7o, inaugurando um bebedouro ornamental e vagabundo, mandado construir por outra respons\u00e1vel pela mis\u00e9ria do Brasil, Dilma Rousseff, numa regi\u00e3o em que o povo morre, de verdade, de fome e de sede.<\/p>\n<p>No meio da representa\u00e7\u00e3o de sua farsa, Bolsonaro se explica, como um dem\u00f4nio sem compaix\u00e3o, dizendo que est\u00e1 mesmo interessado \u00e9 em salvar a economia do pa\u00eds, que est\u00e1 se dedicando a isso, certamente mais importante que os mortos inevit\u00e1veis. Pois bem, segundo o pr\u00f3prio IBGE, j\u00e1 foram fechadas, v\u00edtimas da pandemia, 522 mil empresas no Brasil. O que \u00e9 que o governo fez por cada uma delas?<\/p>\n<p>Bolsonaro n\u00e3o tem tempo de cuidar da economia dessas empresas porque seu pessoal est\u00e1 ocupado com a guerra. A meta b\u00e9lica agora \u00e9 acabar, a qualquer pre\u00e7o, com Felipe Neto, um jovem youtuber que, talvez sem se dar conta, tamb\u00e9m se preparou para ela e aprendeu a usar as redes sociais, alcan\u00e7ando mais de 60 milh\u00f5es de seguidores. Para o bem do governo, Felipe Neto tem que ser destru\u00eddo e est\u00e1 sendo perseguido com cl\u00e1ssicas <em>fake news<\/em> imorais e inc\u00f4modos pessoais, como o cerco no condom\u00ednio onde mora.<\/p>\n","protected":false},"excerpt":{"rendered":"<p>Vou tratar de virar f\u00e3 de Felipe Neto Se a esquerda faz pol\u00edtica demais, a direita por sua vez n\u00e3o sabe fazer pol\u00edtica, n\u00e3o faz &#8230;<\/p>\n","protected":false},"author":1,"featured_media":18207,"comment_status":"open","ping_status":"open","sticky":false,"template":"","format":"standard","meta":{"footnotes":""},"categories":[1],"tags":[],"class_list":["post-18205","post","type-post","status-publish","format-standard","has-post-thumbnail","hentry","category-nacional"],"_links":{"self":[{"href":"https:\/\/www.jornalcontato.com.br\/home\/index.php\/wp-json\/wp\/v2\/posts\/18205","targetHints":{"allow":["GET"]}}],"collection":[{"href":"https:\/\/www.jornalcontato.com.br\/home\/index.php\/wp-json\/wp\/v2\/posts"}],"about":[{"href":"https:\/\/www.jornalcontato.com.br\/home\/index.php\/wp-json\/wp\/v2\/types\/post"}],"author":[{"embeddable":true,"href":"https:\/\/www.jornalcontato.com.br\/home\/index.php\/wp-json\/wp\/v2\/users\/1"}],"replies":[{"embeddable":true,"href":"https:\/\/www.jornalcontato.com.br\/home\/index.php\/wp-json\/wp\/v2\/comments?post=18205"}],"version-history":[{"count":1,"href":"https:\/\/www.jornalcontato.com.br\/home\/index.php\/wp-json\/wp\/v2\/posts\/18205\/revisions"}],"predecessor-version":[{"id":18208,"href":"https:\/\/www.jornalcontato.com.br\/home\/index.php\/wp-json\/wp\/v2\/posts\/18205\/revisions\/18208"}],"wp:featuredmedia":[{"embeddable":true,"href":"https:\/\/www.jornalcontato.com.br\/home\/index.php\/wp-json\/wp\/v2\/media\/18207"}],"wp:attachment":[{"href":"https:\/\/www.jornalcontato.com.br\/home\/index.php\/wp-json\/wp\/v2\/media?parent=18205"}],"wp:term":[{"taxonomy":"category","embeddable":true,"href":"https:\/\/www.jornalcontato.com.br\/home\/index.php\/wp-json\/wp\/v2\/categories?post=18205"},{"taxonomy":"post_tag","embeddable":true,"href":"https:\/\/www.jornalcontato.com.br\/home\/index.php\/wp-json\/wp\/v2\/tags?post=18205"}],"curies":[{"name":"wp","href":"https:\/\/api.w.org\/{rel}","templated":true}]}}