{"id":18147,"date":"2020-07-12T18:51:17","date_gmt":"2020-07-12T21:51:17","guid":{"rendered":"http:\/\/www.jornalcontato.com.br\/home\/?p=18147"},"modified":"2020-07-12T19:00:36","modified_gmt":"2020-07-12T22:00:36","slug":"o-choro-dos-pombos-daniel-aarao-reis","status":"publish","type":"post","link":"https:\/\/www.jornalcontato.com.br\/home\/index.php\/o-choro-dos-pombos-daniel-aarao-reis\/","title":{"rendered":"O choro dos pombos (Daniel Aar\u00e3o Reis*)"},"content":{"rendered":"<p style=\"text-align: center;\"><em><strong>Em Londres, est\u00e1tua de Churchil foi pichada e depois ocultada por tapume de madeira<\/strong><\/em><\/p>\n<p>\u201c\u00c9 uma campanha impiedosa para acabar com nossa hist\u00f3ria, apagar nossos valores e doutrinar nossos filhos\u201d. Apopl\u00e9tico e demag\u00f3gico, o presidente Trump, em momentos recentes, apostrofou os \u201cfascistas de esquerda que tentam profanar nossos monumentos.\u201d<\/p>\n<p>Menos, Trump, menos. O fascismo foi uma inven\u00e7\u00e3o \u2013 e \u00e9 um patrim\u00f4nio \u2013 das direitas. Al\u00e9m disso, vossos valores e filhos est\u00e3o bem defendidos pela for\u00e7a das tradi\u00e7\u00f5es e do arsenal at\u00f4mico estadunidense.<\/p>\n<p>Seria razo\u00e1vel recuperar a calma e compreender o que est\u00e1 acontecendo.<\/p>\n<p>O sinal de partida da atual onda contra imagens e est\u00e1tuas, foi dado por manifestantes ingleses em Bristol, que atacaram a est\u00e1tua do nada vener\u00e1vel Edward Colton, um cruel e infame traficante de escravos. Derrubaram-na do pedestal, arrastaram-na pelas ruas e a jogaram no rio, sem nem indagar se o pobre diabo sabia nadar. A not\u00edcia incentivou grupos diversos em v\u00e1rias partes do mundo. De acordo com suas prefer\u00eancias e crit\u00e9rios \u2013 ou a arrepio de qualquer crit\u00e9rio -, come\u00e7aram a derrubar, a pichar e a vandalizar m\u00e1rmores e granitos.<\/p>\n<p>Nos Estados Unidos, v\u00e1rios generais e lideran\u00e7as escravistas foram apeados dos respectivos pedestais. A ira alcan\u00e7ou G. Washington e Th. Jefferson e at\u00e9 mesmo Crist\u00f3v\u00e3o Colombo. Em Londres, quiseram pegar W. Churchill, protegido \u2013 e ocultado \u2013 por um tapume de madeira.\u00a0 Em Portugal, sobrou para o padre Ant\u00f4nio Vieira. Na Fran\u00e7a,\u00a0 Voltaire e Colbert, por motivos bem diferentes, tiveram que se haver com a ira popular.<\/p>\n<p>Trata-se de uma hist\u00f3ria velha como a Humanidade.<\/p>\n<p>Em bem-humorado texto, Jos\u00e9 Carlos Sebe Bom Meihy resgatou o costume antigo \u00a0entre os humanos, de atacar e destruir esculturas, \u00eddolos, quadros, placas de rua e todo o tipo de s\u00edmbolos, odiados por se referirem,\u00a0 defenderem\u00a0 ou glorificarem uma ordem, um tempo, um regime ou uma personalidade que, venerados, em algum momento, por uns, s\u00e3o ou passaram a ser\u00a0 considerados indignos por outros.\u00a0\u00a0 H\u00e1 de se convir que, muita vez, a ira dos iconoclastas tem bons motivos.<\/p>\n<p>Na Comuna de Paris, em 1871, foi imposs\u00edvel segurar os revoltosos que desejavam destruir certos \u00eddolos da tirania. Nas revolu\u00e7\u00f5es sociais vitoriosas, ou em rebeli\u00f5es populares antes de serem sufocadas, registraram-se semelhantes ataques. Na R\u00fassia, A. Lunatcharsky, o comiss\u00e1rio da Educa\u00e7\u00e3o, fez o poss\u00edvel \u2013 e fez bem \u2013 para evitar a depreda\u00e7\u00e3o do Pal\u00e1cio de Inverno, uma joia da arquitetura. Verdade que foi erguida pelo sangue e o suor \u2013 e a vida &#8211; de servos humilhados e era sede de um regime detestado. Mas sua preserva\u00e7\u00e3o encantaria \u2013 como encantou \u2013 as gera\u00e7\u00f5es seguintes. Foi compreens\u00edvel, contudo, a derrubada de alguns monumentos que celebravam os respons\u00e1veis por uma tirania que agora vinha abaixo depois de s\u00e9culos de opress\u00e3o.<\/p>\n<p>Nos dias atuais, como exigir dos negros estadunidenses complac\u00eancia com homens que protegiam ou celebravam o racismo? Como querer que os povos africanos libertados mantivessem as avenidas e ruas das cidades com nomes de chefes colonialistas que exterminaram seus av\u00f3s? Haveria que censurar os soldados sovi\u00e9ticos que destru\u00edram as est\u00e1tuas nazistas quando tomaram Berlim?\u00a0 Ou reclamar dos povos da Europa central que puseram no ch\u00e3o as imagens de Stalin, quando conseguiram se livrar da domina\u00e7\u00e3o sovi\u00e9tica? Quando, e se, os norte-coreanos se libertarem da nefanda dinastia fundada por Kim Il-Sung, quem reclamar\u00e1 do povo se resolver destruir a feia e cafona estatu\u00e1ria erguida em homenagem a seus feitos?<a href=\"http:\/\/jornalcontato.com.br\/home\/wp-content\/uploads\/2020\/07\/kim-il-sung-e-de-kim-jong-il-em-pyongyang.jpg\"><br \/>\n<\/a><\/p>\n<p><a href=\"http:\/\/jornalcontato.com.br\/home\/wp-content\/uploads\/2020\/07\/kim-il-sung-e-de-kim-jong-il-em-pyongyang-1.jpg\"><img loading=\"lazy\" decoding=\"async\" class=\"aligncenter size-large wp-image-18149\" src=\"http:\/\/jornalcontato.com.br\/home\/wp-content\/uploads\/2020\/07\/kim-il-sung-e-de-kim-jong-il-em-pyongyang-1-450x269.jpg\" alt=\"kim-il-sung-e-de-kim-jong-il-em-pyongyang\" width=\"450\" height=\"269\" srcset=\"https:\/\/jornalcontato.com.br\/home\/wp-content\/uploads\/2020\/07\/kim-il-sung-e-de-kim-jong-il-em-pyongyang-1-450x269.jpg 450w, https:\/\/jornalcontato.com.br\/home\/wp-content\/uploads\/2020\/07\/kim-il-sung-e-de-kim-jong-il-em-pyongyang-1-300x179.jpg 300w, https:\/\/jornalcontato.com.br\/home\/wp-content\/uploads\/2020\/07\/kim-il-sung-e-de-kim-jong-il-em-pyongyang-1-768x459.jpg 768w, https:\/\/jornalcontato.com.br\/home\/wp-content\/uploads\/2020\/07\/kim-il-sung-e-de-kim-jong-il-em-pyongyang-1.jpg 980w\" sizes=\"auto, (max-width: 450px) 100vw, 450px\" \/><\/a><\/p>\n<p style=\"text-align: center;\"><em><strong>Est\u00e1tuas dos L\u00edderes norte-coreanos Kim Il-Sung e Kim Jong Il<\/strong><\/em><\/p>\n<p>O mais recomend\u00e1vel, sem d\u00favida, seria a remo\u00e7\u00e3o dos execrados s\u00edmbolos para museus, para serem estudados como manifesta\u00e7\u00f5es de \u00e9pocas e de valores superados. Foi o que se fez na Hungria: \u00a0nas cercanias de Budapest, instalaram-se as est\u00e1tuas do regime ditatorial vencido. Ali repousam e podem ser conhecidas pelos que se interessarem por suas aventuras e pelo desditoso tempo em que dominavam.<\/p>\n<p>De resto, como bem lembrou Jos\u00e9 Eduardo Agualusa, s\u00f3 tiranos e maus pol\u00edticos gostam de est\u00e1tuas. E s\u00f3 os pombos derramar\u00e3o l\u00e1grimas pela sua remo\u00e7\u00e3o.<\/p>\n<p style=\"text-align: right;\"><strong><em>*Professor de Hist\u00f3ria Contempor\u00e2nea da UFF<\/em><\/strong><\/p>\n<p style=\"text-align: right;\"><strong><em>E-mail: daniel.aaraoreis@gmail.com<\/em><\/strong><\/p>\n","protected":false},"excerpt":{"rendered":"<p>Em Londres, est\u00e1tua de Churchil foi pichada e depois ocultada por tapume de madeira \u201c\u00c9 uma campanha impiedosa para acabar com nossa hist\u00f3ria, apagar nossos &#8230;<\/p>\n","protected":false},"author":1,"featured_media":18152,"comment_status":"open","ping_status":"open","sticky":false,"template":"","format":"standard","meta":{"footnotes":""},"categories":[1],"tags":[],"class_list":["post-18147","post","type-post","status-publish","format-standard","has-post-thumbnail","hentry","category-nacional"],"_links":{"self":[{"href":"https:\/\/www.jornalcontato.com.br\/home\/index.php\/wp-json\/wp\/v2\/posts\/18147","targetHints":{"allow":["GET"]}}],"collection":[{"href":"https:\/\/www.jornalcontato.com.br\/home\/index.php\/wp-json\/wp\/v2\/posts"}],"about":[{"href":"https:\/\/www.jornalcontato.com.br\/home\/index.php\/wp-json\/wp\/v2\/types\/post"}],"author":[{"embeddable":true,"href":"https:\/\/www.jornalcontato.com.br\/home\/index.php\/wp-json\/wp\/v2\/users\/1"}],"replies":[{"embeddable":true,"href":"https:\/\/www.jornalcontato.com.br\/home\/index.php\/wp-json\/wp\/v2\/comments?post=18147"}],"version-history":[{"count":1,"href":"https:\/\/www.jornalcontato.com.br\/home\/index.php\/wp-json\/wp\/v2\/posts\/18147\/revisions"}],"predecessor-version":[{"id":18151,"href":"https:\/\/www.jornalcontato.com.br\/home\/index.php\/wp-json\/wp\/v2\/posts\/18147\/revisions\/18151"}],"wp:featuredmedia":[{"embeddable":true,"href":"https:\/\/www.jornalcontato.com.br\/home\/index.php\/wp-json\/wp\/v2\/media\/18152"}],"wp:attachment":[{"href":"https:\/\/www.jornalcontato.com.br\/home\/index.php\/wp-json\/wp\/v2\/media?parent=18147"}],"wp:term":[{"taxonomy":"category","embeddable":true,"href":"https:\/\/www.jornalcontato.com.br\/home\/index.php\/wp-json\/wp\/v2\/categories?post=18147"},{"taxonomy":"post_tag","embeddable":true,"href":"https:\/\/www.jornalcontato.com.br\/home\/index.php\/wp-json\/wp\/v2\/tags?post=18147"}],"curies":[{"name":"wp","href":"https:\/\/api.w.org\/{rel}","templated":true}]}}