{"id":18141,"date":"2020-07-12T13:59:44","date_gmt":"2020-07-12T16:59:44","guid":{"rendered":"http:\/\/www.jornalcontato.com.br\/home\/?p=18141"},"modified":"2020-07-12T14:00:09","modified_gmt":"2020-07-12T17:00:09","slug":"e-hora-de-perdoar-o-pt-ascanio-seleme","status":"publish","type":"post","link":"https:\/\/www.jornalcontato.com.br\/home\/index.php\/e-hora-de-perdoar-o-pt-ascanio-seleme\/","title":{"rendered":"\u00c9 hora de perdoar o PT (Asc\u00e2nio Seleme)"},"content":{"rendered":"<p>N\u00e3o h\u00e1 como uma na\u00e7\u00e3o se reencontrar se 30% da sua popula\u00e7\u00e3o for sistematicamente rejeitada. Esse \u00e9 o tamanho do problema que o Brasil precisa enfrentar e superar. Significa a parcela do pa\u00eds que vota e apoia o Partido dos Trabalhadores em qualquer circunst\u00e2ncia. Falo dos eleitores, n\u00e3o apenas dos militantes. Me refiro aos que acreditam na pol\u00edtica de mudan\u00e7a do partido, n\u00e3o aos seus l\u00edderes. Os que acreditam e sustentam o PT s\u00e3o a maioria do ter\u00e7o de eleitores perenes do partido, n\u00e3o os que foram flagrados nos dois grandes esc\u00e2ndalos de corrup\u00e7\u00e3o que marcaram as gest\u00f5es petistas.<\/p>\n<p>Esse agrupamento pol\u00edtico, talvez o mais forte e sustent\u00e1vel da hist\u00f3ria partid\u00e1ria brasileira, tem que ser readmitido no debate nacional. Passou da hora de os petistas serem reintegrados. Ningu\u00e9m tem d\u00favida de que os malfeitos cometidos j\u00e1 foram amplamente punidos. O partido teve um ex-presidente e seu maior l\u00edder preso e uma presidente impedida de continuar governando. Outros l\u00edderes hist\u00f3ricos tamb\u00e9m foram presos ou afastados definitivamente da pol\u00edtica. Hoje, respeitadas as suas idiossincrasias naturais, homens e mulheres de esquerda devem ser convidados a participar da discuss\u00e3o sobre o futuro do pa\u00eds. T\u00eam muito a oferecer e acrescentar.<\/p>\n<p><a href=\"http:\/\/jornalcontato.com.br\/home\/wp-content\/uploads\/2020\/07\/Odio-perigoso.png\"><img loading=\"lazy\" decoding=\"async\" class=\"aligncenter size-large wp-image-18142\" src=\"http:\/\/jornalcontato.com.br\/home\/wp-content\/uploads\/2020\/07\/Odio-perigoso-450x252.png\" alt=\"Odio perigoso\" width=\"450\" height=\"252\" srcset=\"https:\/\/jornalcontato.com.br\/home\/wp-content\/uploads\/2020\/07\/Odio-perigoso-450x252.png 450w, https:\/\/jornalcontato.com.br\/home\/wp-content\/uploads\/2020\/07\/Odio-perigoso-300x168.png 300w, https:\/\/jornalcontato.com.br\/home\/wp-content\/uploads\/2020\/07\/Odio-perigoso-265x147.png 265w, https:\/\/jornalcontato.com.br\/home\/wp-content\/uploads\/2020\/07\/Odio-perigoso.png 730w\" sizes=\"auto, (max-width: 450px) 100vw, 450px\" \/><\/a><\/p>\n<p>A gritaria contra a roubalheira j\u00e1 cansou, n\u00e3o porque se queira permitir roubalheiras, mas porque \u00e9 oportunista politicamente. Claro que houve desvios de dinheiro p\u00fablico na gest\u00e3o de Lula e Dilma, as provas s\u00e3o abundantes e as condena\u00e7\u00f5es n\u00e3o deixam d\u00favidas. Mas o PT \u00e9 maior que isso e, como j\u00e1 foi dito, para ladr\u00f5es existe a lei. Imaginar que o partido repetir\u00e1 eternamente os mesmos erros do passado \u00e9 uma forma simples, f\u00e1cil e errada de se ver o mundo. Os erros amadurecem as pessoas, as institui\u00e7\u00f5es, os partidos pol\u00edticos. N\u00e3o \u00e9 poss\u00edvel se olhar para o PT e ver s\u00f3 corrup\u00e7\u00e3o. O petismo n\u00e3o \u00e9 sin\u00f4nimo de roubo, como o malufismo.<\/p>\n<p>Superada esta inst\u00e2ncia, que \u00e9 mais f\u00e1cil, ter\u00e1 de se ultrapassar tamb\u00e9m a \u00edndole autorit\u00e1ria que um dia foi semeada no cora\u00e7\u00e3o do PT e vicejou. Exemplos s\u00e3o muitos, como a tentativa de censurar a imprensa atrav\u00e9s de um certo \u201ccontrole externo da m\u00eddia\u201d, de substituir a Justi\u00e7a por \u201cinstrumentos de media\u00e7\u00e3o\u201d em casos de agress\u00e3o aos direitos humanos, ou de trocar a gest\u00e3o administrativa por \u201cconselhos populares\u201d. Se estas tenta\u00e7\u00f5es foram barradas no passado, quando at\u00e9 o centr\u00e3o apoiava o PT, certamente n\u00e3o prosperar\u00e3o num ambiente muito mais polarizado como o de hoje.<\/p>\n<p><a href=\"http:\/\/jornalcontato.com.br\/home\/wp-content\/uploads\/2020\/07\/Lula-preso.jpg\"><img loading=\"lazy\" decoding=\"async\" class=\"aligncenter size-large wp-image-18143\" src=\"http:\/\/jornalcontato.com.br\/home\/wp-content\/uploads\/2020\/07\/Lula-preso-450x254.jpg\" alt=\"Lula preso\" width=\"450\" height=\"254\" srcset=\"https:\/\/jornalcontato.com.br\/home\/wp-content\/uploads\/2020\/07\/Lula-preso-450x254.jpg 450w, https:\/\/jornalcontato.com.br\/home\/wp-content\/uploads\/2020\/07\/Lula-preso-300x169.jpg 300w, https:\/\/jornalcontato.com.br\/home\/wp-content\/uploads\/2020\/07\/Lula-preso.jpg 600w\" sizes=\"auto, (max-width: 450px) 100vw, 450px\" \/><\/a><\/p>\n<p style=\"text-align: center;\"><em>Para o ladr\u00f5es existe a lei<\/em><\/p>\n<p>O fato \u00e9 que o \u00f3dio dirigido ao PT n\u00e3o faz mais sentido e precisa ser reconsiderado se o pa\u00eds quiser mesmo seguir o seu destino de na\u00e7\u00e3o soberana, democr\u00e1tica e tolerante. N\u00e3o pode se esperar essa boa vontade dos que carregam faixas pedindo interven\u00e7\u00e3o militar e fechamento do Supremo e do Congresso, um grupelho ideol\u00f3gico, burro e pequeno que faz parte da base do presidente Jair Bolsonaro. Mas \u00e9 bastante razo\u00e1vel ter esta expectativa em rela\u00e7\u00e3o a todos os outros, sejam eles de direita, de centro-direita ou de centro.<\/p>\n<p>N\u00e3o se pode negar que parte consider\u00e1vel do Brasil \u00e9 de esquerda. Como tampouco h\u00e1 como se ignorar a for\u00e7a da direita nacional. Ambos os campos existem e precisam ser representados politicamente. O Brasil n\u00e3o tem tempo para esperar por uma outra esquerda, renovada e livre da influ\u00eancia do PT. O pa\u00eds precisa se reencontrar logo para construir uma alternativa ao bolsonarismo, este sim um problema grave que deve ser enfrentado por todos. Perdoar o PT n\u00e3o significa abrir m\u00e3o de convic\u00e7\u00f5es. Ao contr\u00e1rio, significa pavimentar caminhos pelos quais pode se chegar ao objetivo comum de paz e prosperidade.<\/p>\n","protected":false},"excerpt":{"rendered":"<p>N\u00e3o h\u00e1 como uma na\u00e7\u00e3o se reencontrar se 30% da sua popula\u00e7\u00e3o for sistematicamente rejeitada. Esse \u00e9 o tamanho do problema que o Brasil precisa &#8230;<\/p>\n","protected":false},"author":1,"featured_media":18144,"comment_status":"open","ping_status":"open","sticky":false,"template":"","format":"standard","meta":{"footnotes":""},"categories":[1],"tags":[],"class_list":["post-18141","post","type-post","status-publish","format-standard","has-post-thumbnail","hentry","category-nacional"],"_links":{"self":[{"href":"https:\/\/www.jornalcontato.com.br\/home\/index.php\/wp-json\/wp\/v2\/posts\/18141","targetHints":{"allow":["GET"]}}],"collection":[{"href":"https:\/\/www.jornalcontato.com.br\/home\/index.php\/wp-json\/wp\/v2\/posts"}],"about":[{"href":"https:\/\/www.jornalcontato.com.br\/home\/index.php\/wp-json\/wp\/v2\/types\/post"}],"author":[{"embeddable":true,"href":"https:\/\/www.jornalcontato.com.br\/home\/index.php\/wp-json\/wp\/v2\/users\/1"}],"replies":[{"embeddable":true,"href":"https:\/\/www.jornalcontato.com.br\/home\/index.php\/wp-json\/wp\/v2\/comments?post=18141"}],"version-history":[{"count":2,"href":"https:\/\/www.jornalcontato.com.br\/home\/index.php\/wp-json\/wp\/v2\/posts\/18141\/revisions"}],"predecessor-version":[{"id":18146,"href":"https:\/\/www.jornalcontato.com.br\/home\/index.php\/wp-json\/wp\/v2\/posts\/18141\/revisions\/18146"}],"wp:featuredmedia":[{"embeddable":true,"href":"https:\/\/www.jornalcontato.com.br\/home\/index.php\/wp-json\/wp\/v2\/media\/18144"}],"wp:attachment":[{"href":"https:\/\/www.jornalcontato.com.br\/home\/index.php\/wp-json\/wp\/v2\/media?parent=18141"}],"wp:term":[{"taxonomy":"category","embeddable":true,"href":"https:\/\/www.jornalcontato.com.br\/home\/index.php\/wp-json\/wp\/v2\/categories?post=18141"},{"taxonomy":"post_tag","embeddable":true,"href":"https:\/\/www.jornalcontato.com.br\/home\/index.php\/wp-json\/wp\/v2\/tags?post=18141"}],"curies":[{"name":"wp","href":"https:\/\/api.w.org\/{rel}","templated":true}]}}