{"id":18115,"date":"2020-07-05T10:03:03","date_gmt":"2020-07-05T13:03:03","guid":{"rendered":"http:\/\/www.jornalcontato.com.br\/home\/?p=18115"},"modified":"2020-07-05T10:03:03","modified_gmt":"2020-07-05T13:03:03","slug":"a-derrocada-de-serra-e-o-declinio-do-psdb-bernardo-mello-franco","status":"publish","type":"post","link":"https:\/\/www.jornalcontato.com.br\/home\/index.php\/a-derrocada-de-serra-e-o-declinio-do-psdb-bernardo-mello-franco\/","title":{"rendered":"A derrocada de Serra e o decl\u00ednio do PSDB (Bernardo Mello Franco)"},"content":{"rendered":"<p>&nbsp;<\/p>\n<p>Demorou seis anos, mas aconteceu. Na sexta-feira, a Lava-Jato denunciou o primeiro figur\u00e3o do PSDB de S\u00e3o Paulo. O senador Jos\u00e9 Serra foi acusado de receber propina da Odebrecht durante as obras do Rodoanel. Os repasses somaram R$ 191 milh\u00f5es em valores atualizados, informou o Minist\u00e9rio P\u00fablico Federal.<\/p>\n<p>Os procuradores dizem ter identificado crimes de corrup\u00e7\u00e3o, fraude a licita\u00e7\u00e3o e forma\u00e7\u00e3o de cartel. Como a investiga\u00e7\u00e3o andou a passo de tartaruga, a maior parte das acusa\u00e7\u00f5es prescreveu. Mesmo assim, Serra e a filha Ver\u00f4nica foram denunciados por lavagem de dinheiro transnacional.<\/p>\n<p>Tamb\u00e9m na sexta, a Pol\u00edcia Federal fez buscas em endere\u00e7os do senador e do ex-deputado Ronaldo Cezar Coelho, que j\u00e1 admitiu ter recebido caixa dois na Su\u00ed\u00e7a. A opera\u00e7\u00e3o recebeu o nome de Revoada. Homenagem singela ao tucano, s\u00edmbolo do partido que governou o pa\u00eds entre 1995 e 2002.<\/p>\n<p>Ex-prefeito, ex-governador e ex-ministro, Serra foi quase tudo, menos o que sempre quis ser. Chegou ao segundo turno de duas elei\u00e7\u00f5es presidenciais, mas foi derrotado por Lula e Dilma Rousseff. Sua derrocada abre um novo cap\u00edtulo na hist\u00f3ria de decl\u00ednio do PSDB. O partido passou inc\u00f3lume pela Lava-Jato enquanto pontificava na oposi\u00e7\u00e3o. Consumado o impeachment, viu sua blindagem desmoronar.<\/p>\n<p><a href=\"http:\/\/jornalcontato.com.br\/home\/wp-content\/uploads\/2020\/07\/tucano.jpg\"><img loading=\"lazy\" decoding=\"async\" class=\"aligncenter size-large wp-image-18116\" src=\"http:\/\/jornalcontato.com.br\/home\/wp-content\/uploads\/2020\/07\/tucano-450x338.jpg\" alt=\"tucano\" width=\"450\" height=\"338\" srcset=\"https:\/\/jornalcontato.com.br\/home\/wp-content\/uploads\/2020\/07\/tucano-450x338.jpg 450w, https:\/\/jornalcontato.com.br\/home\/wp-content\/uploads\/2020\/07\/tucano-300x225.jpg 300w, https:\/\/jornalcontato.com.br\/home\/wp-content\/uploads\/2020\/07\/tucano.jpg 584w\" sizes=\"auto, (max-width: 450px) 100vw, 450px\" \/><\/a><\/p>\n<p style=\"text-align: center;\"><em><strong>Nem o s\u00edmbolo hist\u00f3rico do PSDB resistiu&#8230;<\/strong><\/em><\/p>\n<p>Candidato ao Planalto em 2014, A\u00e9cio Neves escapou por pouco da cadeia. Os ex-governadores Beto Richa e Marconi Perillo n\u00e3o tiveram a mesma sorte. At\u00e9 Eduardo Azeredo, precursor do valerioduto, acabou em cana. Ele havia se tornado um s\u00edmbolo da impunidade: denunciado por crimes na campanha de 1998, conseguiu adiar por duas d\u00e9cadas o encontro com o xadrez.<\/p>\n<p>Os esc\u00e2ndalos derreteram a imagem da sigla que liderava o coro contra os desmandos do PT. Desiludido, o eleitor que confiou na pureza dos tucanos bateu asas e pousou no ombro de Jair Bolsonaro. Em 2018, Geraldo Alckmin teve m\u00edseros 4% dos votos. Foi o pior resultado do PSDB em oito corridas presidenciais.<\/p>\n<p>Depois do massacre nas urnas, o que restou do partido caiu no colo de um preposto de Jo\u00e3o Doria. O governador de S\u00e3o Paulo sonha com o Planalto, mas esbarra na pecha de elitista. H\u00e1 dois dias, sua mulher disse que n\u00e3o se deve doar marmita aos desabrigados porque eles \u201cgostam de ficar na rua\u201d e precisam \u201cse conscientizar\u201d.<\/p>\n<p><a href=\"http:\/\/jornalcontato.com.br\/home\/wp-content\/uploads\/2020\/07\/simbolo-psdb.jpeg\"><img loading=\"lazy\" decoding=\"async\" class=\"aligncenter size-large wp-image-18118\" src=\"http:\/\/jornalcontato.com.br\/home\/wp-content\/uploads\/2020\/07\/simbolo-psdb-450x254.jpeg\" alt=\"simbolo psdb\" width=\"450\" height=\"254\" srcset=\"https:\/\/jornalcontato.com.br\/home\/wp-content\/uploads\/2020\/07\/simbolo-psdb-450x254.jpeg 450w, https:\/\/jornalcontato.com.br\/home\/wp-content\/uploads\/2020\/07\/simbolo-psdb-300x169.jpeg 300w, https:\/\/jornalcontato.com.br\/home\/wp-content\/uploads\/2020\/07\/simbolo-psdb.jpeg 660w\" sizes=\"auto, (max-width: 450px) 100vw, 450px\" \/><\/a><\/p>\n<p style=\"text-align: center;\"><em><strong>&#8230; novo s\u00edmbolo do PSDB traz a bandeira verde e amarela<\/strong><\/em><\/p>\n<p>O ex-presidente Fernando Henrique Cardoso n\u00e3o disfar\u00e7a a antipatia pelo casal. Prefere inflar o bal\u00e3o de Luciano Huck, animador de audit\u00f3rio e aspirante a salvador da p\u00e1tria.<\/p>\n<p>O PSDB de Doria tem pouco a ver com o partido social-democrata de Covas, Montoro e FH. Para marcar a guinada \u00e0 direita, o governador mudou at\u00e9 o logotipo da sigla. Saiu o tucano e entrou a bandeira verde e amarela, emblema dos seguidores do capit\u00e3o. Ele ainda franqueou a legenda a dissidentes do bolsonarismo, como o deputado Alexandre Frota e o empres\u00e1rio Paulo Marinho.<\/p>\n<p>Em 2022, essa turma enfrentar\u00e1 uma raia congestionada. Apesar de todos os pesares, a direita brucutu se mant\u00e9m fiel ao Mito. Correndo por fora, o ex-juiz Sergio Moro amea\u00e7a dividir ainda mais o campo conservador.<\/p>\n","protected":false},"excerpt":{"rendered":"<p>&nbsp; Demorou seis anos, mas aconteceu. Na sexta-feira, a Lava-Jato denunciou o primeiro figur\u00e3o do PSDB de S\u00e3o Paulo. O senador Jos\u00e9 Serra foi acusado &#8230;<\/p>\n","protected":false},"author":1,"featured_media":18119,"comment_status":"open","ping_status":"open","sticky":false,"template":"","format":"standard","meta":{"footnotes":""},"categories":[1],"tags":[],"class_list":["post-18115","post","type-post","status-publish","format-standard","has-post-thumbnail","hentry","category-nacional"],"_links":{"self":[{"href":"https:\/\/www.jornalcontato.com.br\/home\/index.php\/wp-json\/wp\/v2\/posts\/18115","targetHints":{"allow":["GET"]}}],"collection":[{"href":"https:\/\/www.jornalcontato.com.br\/home\/index.php\/wp-json\/wp\/v2\/posts"}],"about":[{"href":"https:\/\/www.jornalcontato.com.br\/home\/index.php\/wp-json\/wp\/v2\/types\/post"}],"author":[{"embeddable":true,"href":"https:\/\/www.jornalcontato.com.br\/home\/index.php\/wp-json\/wp\/v2\/users\/1"}],"replies":[{"embeddable":true,"href":"https:\/\/www.jornalcontato.com.br\/home\/index.php\/wp-json\/wp\/v2\/comments?post=18115"}],"version-history":[{"count":1,"href":"https:\/\/www.jornalcontato.com.br\/home\/index.php\/wp-json\/wp\/v2\/posts\/18115\/revisions"}],"predecessor-version":[{"id":18120,"href":"https:\/\/www.jornalcontato.com.br\/home\/index.php\/wp-json\/wp\/v2\/posts\/18115\/revisions\/18120"}],"wp:featuredmedia":[{"embeddable":true,"href":"https:\/\/www.jornalcontato.com.br\/home\/index.php\/wp-json\/wp\/v2\/media\/18119"}],"wp:attachment":[{"href":"https:\/\/www.jornalcontato.com.br\/home\/index.php\/wp-json\/wp\/v2\/media?parent=18115"}],"wp:term":[{"taxonomy":"category","embeddable":true,"href":"https:\/\/www.jornalcontato.com.br\/home\/index.php\/wp-json\/wp\/v2\/categories?post=18115"},{"taxonomy":"post_tag","embeddable":true,"href":"https:\/\/www.jornalcontato.com.br\/home\/index.php\/wp-json\/wp\/v2\/tags?post=18115"}],"curies":[{"name":"wp","href":"https:\/\/api.w.org\/{rel}","templated":true}]}}