{"id":18106,"date":"2020-07-02T17:06:22","date_gmt":"2020-07-02T20:06:22","guid":{"rendered":"http:\/\/www.jornalcontato.com.br\/home\/?p=18106"},"modified":"2020-07-02T17:06:22","modified_gmt":"2020-07-02T20:06:22","slug":"os-proximos-luis-fernando-verissimo","status":"publish","type":"post","link":"https:\/\/www.jornalcontato.com.br\/home\/index.php\/os-proximos-luis-fernando-verissimo\/","title":{"rendered":"Os pr\u00f3ximos (Luis Fernando Ver\u00edssimo)"},"content":{"rendered":"<p style=\"text-align: center;\"><strong><em>Alguns ministros n\u00e3o servem porque s\u00e3o t\u00e3o melhores do que o Presidente que causam inveja, outros s\u00e3o t\u00e3o ruins que ficam divertidos, como o ministro da Educa\u00e7\u00e3o que recomendava priz\u00e3o com \u201cz\u201d para os ju\u00edzes do \u00c7upremo<\/em><\/strong><\/p>\n<p>Voc\u00ea j\u00e1 deve ter se perguntado onde o governo Bolsonaro &amp; Filhos vai buscar seus colaboradores e ministros. A Na\u00e7\u00e3o geralmente s\u00f3 fica sabendo quem s\u00e3o quando j\u00e1 \u00e9 tarde, eles ou elas j\u00e1 tomaram posse e j\u00e1 se descobriu que n\u00e3o servem. \u00c0s vezes, n\u00e3o servem porque s\u00e3o t\u00e3o melhores do que o Presidente que causam inveja e s\u00e3o chutados \u2013 caso do ministro da Sa\u00fade que teve a aud\u00e1cia de entender de Sa\u00fade e, portanto, n\u00e3o podia durar \u2013 ou t\u00e3o ruins que eram at\u00e9 divertidos, como o ministro da Educa\u00e7\u00e3o que recomendava priz\u00e3o com \u201cz\u201d para os ju\u00edzes do \u00c7upremo.<\/p>\n<p>Pode-se imaginar uma reuni\u00e3o de Bolsonaro &amp; Filhos com assessores para escolher um ministro. Algu\u00e9m sugere um nome.<\/p>\n<p>\u2013 Quem \u00e9 esse cara? \u2013 quer saber Bolsonaro &amp; Filhos.<\/p>\n<p>\u2013 Ningu\u00e9m conhece.<\/p>\n<p>\u2013 \u00c9 perfeito!<\/p>\n<p>Como um servi\u00e7o \u00e0 Na\u00e7\u00e3o, adianto aqui alguns nomes que, cedo ou tarde, chegar\u00e3o a um minist\u00e9rio do atual governo e o que os jornais descobrir\u00e3o, sobre cada um, tarde demais.<\/p>\n<p>Terencio Godiva de Vieira Tarar\u00e9. Vulgo Ter\u00ea. Ministro da Justi\u00e7a. Nada que o desabone, uma vez esclarecida a quest\u00e3o dos terrenos na Barra e do miliciano loiro.<\/p>\n<p>Dagoberto Luxemburgo Pitti. Vai para a Economia, quando o Guedes finalmente desistir. O diploma da Universidade de Chicago \u00e9 falso, mas ele tem bom tr\u00e2nsito no Planalto.<\/p>\n<p>Suertina Concei\u00e7\u00e3o. Senadora, nunca apareceu no Senado, mas joga no seu time de v\u00f4lei. Prov\u00e1vel ministra do Meio Ambiente, defende a privatiza\u00e7\u00e3o da Amaz\u00f4nia, se lhe explicarem onde fica.<\/p>\n<p>Ludwig Von Silveira. Correntes do governo n\u00e3o se conformaram com a queda do secret\u00e1rio da Cultura, que se apresentou plagiando Goebbels sobre um fundo musical de Wagner e querem tentar de novo, desta vez com o Silveirinha tocando Granada no acorde\u00e3o.<\/p>\n<p>Panzer Godinho. General, vai para o minist\u00e9rio que escolher e pode estacionar seu tanque onde quiser. Pelos velhos tempos.<\/p>\n","protected":false},"excerpt":{"rendered":"<p>Alguns ministros n\u00e3o servem porque s\u00e3o t\u00e3o melhores do que o Presidente que causam inveja, outros s\u00e3o t\u00e3o ruins que ficam divertidos, como o ministro &#8230;<\/p>\n","protected":false},"author":1,"featured_media":18107,"comment_status":"open","ping_status":"open","sticky":false,"template":"","format":"standard","meta":{"footnotes":""},"categories":[1],"tags":[],"class_list":["post-18106","post","type-post","status-publish","format-standard","has-post-thumbnail","hentry","category-nacional"],"_links":{"self":[{"href":"https:\/\/www.jornalcontato.com.br\/home\/index.php\/wp-json\/wp\/v2\/posts\/18106","targetHints":{"allow":["GET"]}}],"collection":[{"href":"https:\/\/www.jornalcontato.com.br\/home\/index.php\/wp-json\/wp\/v2\/posts"}],"about":[{"href":"https:\/\/www.jornalcontato.com.br\/home\/index.php\/wp-json\/wp\/v2\/types\/post"}],"author":[{"embeddable":true,"href":"https:\/\/www.jornalcontato.com.br\/home\/index.php\/wp-json\/wp\/v2\/users\/1"}],"replies":[{"embeddable":true,"href":"https:\/\/www.jornalcontato.com.br\/home\/index.php\/wp-json\/wp\/v2\/comments?post=18106"}],"version-history":[{"count":1,"href":"https:\/\/www.jornalcontato.com.br\/home\/index.php\/wp-json\/wp\/v2\/posts\/18106\/revisions"}],"predecessor-version":[{"id":18108,"href":"https:\/\/www.jornalcontato.com.br\/home\/index.php\/wp-json\/wp\/v2\/posts\/18106\/revisions\/18108"}],"wp:featuredmedia":[{"embeddable":true,"href":"https:\/\/www.jornalcontato.com.br\/home\/index.php\/wp-json\/wp\/v2\/media\/18107"}],"wp:attachment":[{"href":"https:\/\/www.jornalcontato.com.br\/home\/index.php\/wp-json\/wp\/v2\/media?parent=18106"}],"wp:term":[{"taxonomy":"category","embeddable":true,"href":"https:\/\/www.jornalcontato.com.br\/home\/index.php\/wp-json\/wp\/v2\/categories?post=18106"},{"taxonomy":"post_tag","embeddable":true,"href":"https:\/\/www.jornalcontato.com.br\/home\/index.php\/wp-json\/wp\/v2\/tags?post=18106"}],"curies":[{"name":"wp","href":"https:\/\/api.w.org\/{rel}","templated":true}]}}