{"id":18021,"date":"2020-06-14T12:26:53","date_gmt":"2020-06-14T15:26:53","guid":{"rendered":"http:\/\/www.jornalcontato.com.br\/home\/?p=18021"},"modified":"2020-06-14T12:26:53","modified_gmt":"2020-06-14T15:26:53","slug":"o-bolsonarismo-estica-a-corda-bernardo-mello-franco","status":"publish","type":"post","link":"https:\/\/www.jornalcontato.com.br\/home\/index.php\/o-bolsonarismo-estica-a-corda-bernardo-mello-franco\/","title":{"rendered":"O bolsonarismo estica a corda (Bernardo Mello Franco)"},"content":{"rendered":"<p style=\"text-align: center;\"><em><strong>Generais Fernando Azevedo e Hamilton Mour\u00e3o com o capit\u00e3o Bolsonaro<\/strong><\/em><\/p>\n<p>O general Luiz Eduardo Ramos j\u00e1 reclamou que a imprensa publica \u201cmuita not\u00edcia ruim\u201d. Agora resolveu us\u00e1-la para amea\u00e7ar a democracia. Em entrevista \u00e0 revista \u201cVeja\u201d, o ministro da Secretaria de Governo disse ser \u201cultrajante\u201d pensar que os militares preparam um golpe. \u201cAgora o outro lado tem de entender tamb\u00e9m o seguinte: n\u00e3o estica a corda\u201d, acrescentou.<\/p>\n<p>Respons\u00e1vel pela barganha de cargos com o centr\u00e3o, Ramos criticou o ministro Celso de Mello, do Supremo Tribunal Federal. Em seguida, deu um tiro de advert\u00eancia contra o Tribunal Superior Eleitoral. \u201cN\u00e3o \u00e9 plaus\u00edvel achar que um julgamento casu\u00edstico pode tirar um presidente eleito com 57 milh\u00f5es de votos\u201d, sentenciou.<\/p>\n<p>Para o jurista da caserna, os militares teriam poder de veto sobre decis\u00f5es judiciais. \u00c9 uma tese ex\u00f3tica, sem qualquer amparo na Constitui\u00e7\u00e3o. O general apontou a garrucha para o TSE, que julgar\u00e1 se houve fraude nas elei\u00e7\u00f5es de 2018. A Corte poderia fazer tudo, menos cassar a chapa bolsonarista.<\/p>\n<p>Para entender Ramos, \u00e9 preciso saber quem ele situa no \u201coutro lado\u201d. O ministro n\u00e3o se refere \u00e0 oposi\u00e7\u00e3o, que n\u00e3o se une nem para redigir manifestos. Seus alvos s\u00e3o o Legislativo e o Judici\u00e1rio, que podem esticar a corda da lei para frear a escalada autorit\u00e1ria.<\/p>\n<p>A t\u00e1tica da intimida\u00e7\u00e3o j\u00e1 funcionou com o Congresso. O presidente comete crimes de responsabilidade todos os dias, mas o deputado Rodrigo Maia se recusa a tirar os pedidos de impeachment da gaveta. Resta ao bolsonarismo domesticar os tribunais, onde correm m\u00faltiplas frentes de investiga\u00e7\u00e3o contra o cl\u00e3 Bolsonaro.<\/p>\n<p>At\u00e9 aqui, o Supremo tem resistido aos ataques coordenados pelo Planalto. Apesar do colaboracionismo do presidente da Corte, a maioria dos ministros d\u00e1 sinais de independ\u00eancia. Na quarta-feira, Edson Fachin esclareceu que a liberdade de express\u00e3o n\u00e3o protege a apologia do golpe. \u201cS\u00e3o inadmiss\u00edveis no estado de direito democr\u00e1tico a defesa da ditadura, a defesa do fechamento do Congresso ou a defesa do fechamento do STF\u201d, disse.<\/p>\n<p>No mesmo dia, o ministro Lu\u00eds Roberto Barroso escreveu que \u201cem nenhuma hip\u00f3tese a Constitui\u00e7\u00e3o submete o poder civil ao poder militar\u201d. \u201c\u00c9 simplesmente absurda a cren\u00e7a de que a Constitui\u00e7\u00e3o legitima o descumprimento de decis\u00f5es judiciais por determina\u00e7\u00e3o das For\u00e7as Armadas\u201d, afirmou. Na sexta, o ministro Luiz Fux lembrou que a lei n\u00e3o confere aos militares nada parecido com um \u201cpoder moderador\u201d. O Executivo n\u00e3o pode us\u00e1-los para promover \u201cindevidas intromiss\u00f5es\u201d em outros Poderes.<\/p>\n<p><a href=\"http:\/\/jornalcontato.com.br\/home\/wp-content\/uploads\/2020\/06\/Nota.png\"><img loading=\"lazy\" decoding=\"async\" class=\"aligncenter size-full wp-image-18022\" src=\"http:\/\/jornalcontato.com.br\/home\/wp-content\/uploads\/2020\/06\/Nota.png\" alt=\"Nota\" width=\"280\" height=\"219\" \/><\/a><\/p>\n<p style=\"text-align: center;\"><em><strong>Hamilton Mour\u00e3o e Fernando Azevedo fizeram quest\u00e3o de registrar a patente de general<\/strong><\/em><\/p>\n<p>\u00c9 preocupante que ju\u00edzes do Supremo se obriguem a dizer o \u00f3bvio: numa democracia, os militares devem lealdade ao Estado, n\u00e3o aos governantes de plant\u00e3o. Apesar dos alertas, Bolsonaro continua a assediar os quart\u00e9is. Ap\u00f3s a decis\u00e3o de Fux, ele afirmou que as For\u00e7as Armadas \u201cn\u00e3o cumprem ordens absurdas\u201d e \u201ctamb\u00e9m n\u00e3o aceitam tentativas de tomada de poder por outro Poder da Rep\u00fablica, ao arrepio das leis ou por conta de julgamentos pol\u00edticos\u201d.<\/p>\n<p>O vice-presidente Hamilton Mour\u00e3o e o ministro Fernando Azevedo subscreveram a nota golpista junto com o capit\u00e3o. Para refor\u00e7ar os argumentos, fizeram quest\u00e3o de anotar suas patentes de general.<\/p>\n","protected":false},"excerpt":{"rendered":"<p>Generais Fernando Azevedo e Hamilton Mour\u00e3o com o capit\u00e3o Bolsonaro O general Luiz Eduardo Ramos j\u00e1 reclamou que a imprensa publica \u201cmuita not\u00edcia ruim\u201d. Agora &#8230;<\/p>\n","protected":false},"author":1,"featured_media":18023,"comment_status":"open","ping_status":"open","sticky":false,"template":"","format":"standard","meta":{"footnotes":""},"categories":[1],"tags":[],"class_list":["post-18021","post","type-post","status-publish","format-standard","has-post-thumbnail","hentry","category-nacional"],"_links":{"self":[{"href":"https:\/\/www.jornalcontato.com.br\/home\/index.php\/wp-json\/wp\/v2\/posts\/18021","targetHints":{"allow":["GET"]}}],"collection":[{"href":"https:\/\/www.jornalcontato.com.br\/home\/index.php\/wp-json\/wp\/v2\/posts"}],"about":[{"href":"https:\/\/www.jornalcontato.com.br\/home\/index.php\/wp-json\/wp\/v2\/types\/post"}],"author":[{"embeddable":true,"href":"https:\/\/www.jornalcontato.com.br\/home\/index.php\/wp-json\/wp\/v2\/users\/1"}],"replies":[{"embeddable":true,"href":"https:\/\/www.jornalcontato.com.br\/home\/index.php\/wp-json\/wp\/v2\/comments?post=18021"}],"version-history":[{"count":1,"href":"https:\/\/www.jornalcontato.com.br\/home\/index.php\/wp-json\/wp\/v2\/posts\/18021\/revisions"}],"predecessor-version":[{"id":18024,"href":"https:\/\/www.jornalcontato.com.br\/home\/index.php\/wp-json\/wp\/v2\/posts\/18021\/revisions\/18024"}],"wp:featuredmedia":[{"embeddable":true,"href":"https:\/\/www.jornalcontato.com.br\/home\/index.php\/wp-json\/wp\/v2\/media\/18023"}],"wp:attachment":[{"href":"https:\/\/www.jornalcontato.com.br\/home\/index.php\/wp-json\/wp\/v2\/media?parent=18021"}],"wp:term":[{"taxonomy":"category","embeddable":true,"href":"https:\/\/www.jornalcontato.com.br\/home\/index.php\/wp-json\/wp\/v2\/categories?post=18021"},{"taxonomy":"post_tag","embeddable":true,"href":"https:\/\/www.jornalcontato.com.br\/home\/index.php\/wp-json\/wp\/v2\/tags?post=18021"}],"curies":[{"name":"wp","href":"https:\/\/api.w.org\/{rel}","templated":true}]}}