{"id":180,"date":"2012-08-09T16:52:33","date_gmt":"2012-08-09T19:52:33","guid":{"rendered":"http:\/\/jornalcontato.com.br\/home\/?p=180"},"modified":"2012-08-10T15:32:27","modified_gmt":"2012-08-10T18:32:27","slug":"escolas-preparadas-para-casos-de-emergencia","status":"publish","type":"post","link":"https:\/\/www.jornalcontato.com.br\/home\/index.php\/escolas-preparadas-para-casos-de-emergencia\/","title":{"rendered":"Escolas preparadas para casos de emerg\u00eancia"},"content":{"rendered":"<p>Escolas p\u00fablicas e particulares de Taubat\u00e9 dever\u00e3o capacitar pelos menos um funcion\u00e1rio para prestar atendimento de primeiros socorros em casos de emerg\u00eancia.<\/p>\n<p><!--more--><\/p>\n<p>Essa proposta, de autoria da vereadora Gra\u00e7a (PSB), foi aprovada pela C\u00e2mara Municipal durante a sess\u00e3o ordin\u00e1ria realizado na quarta-feira, dia 8.<\/p>\n<p>&nbsp;<\/p>\n<p>\u201c\u00c9 um projeto importante n\u00e3o s\u00f3 para as crian\u00e7as, como para os adultos que frequentam as escolas\u201d, disse a vereadora.<\/p>\n<p>A proposta foi alvo de elogios por parte de outros vereadores. \u201cTemos escolas com mais de mil alunos. Saber que funcion\u00e1rios est\u00e3o preparados para efetuar primeiros socorros \u00e9 importante\u201d, declarou Orestes Vanone (PSDB). O tucano disse que encaminhar\u00e1 o projeto para o governador Geraldo Alckmin implantar a medida nas escolas estaduais.<\/p>\n","protected":false},"excerpt":{"rendered":"<p>Escolas p\u00fablicas e particulares de Taubat\u00e9 dever\u00e3o capacitar pelos menos um funcion\u00e1rio para prestar atendimento de primeiros socorros em casos de emerg\u00eancia.<\/p>\n","protected":false},"author":1,"featured_media":182,"comment_status":"open","ping_status":"open","sticky":false,"template":"","format":"standard","meta":{"footnotes":""},"categories":[7],"tags":[],"class_list":["post-180","post","type-post","status-publish","format-standard","has-post-thumbnail","hentry","category-reportagem"],"_links":{"self":[{"href":"https:\/\/www.jornalcontato.com.br\/home\/index.php\/wp-json\/wp\/v2\/posts\/180","targetHints":{"allow":["GET"]}}],"collection":[{"href":"https:\/\/www.jornalcontato.com.br\/home\/index.php\/wp-json\/wp\/v2\/posts"}],"about":[{"href":"https:\/\/www.jornalcontato.com.br\/home\/index.php\/wp-json\/wp\/v2\/types\/post"}],"author":[{"embeddable":true,"href":"https:\/\/www.jornalcontato.com.br\/home\/index.php\/wp-json\/wp\/v2\/users\/1"}],"replies":[{"embeddable":true,"href":"https:\/\/www.jornalcontato.com.br\/home\/index.php\/wp-json\/wp\/v2\/comments?post=180"}],"version-history":[{"count":8,"href":"https:\/\/www.jornalcontato.com.br\/home\/index.php\/wp-json\/wp\/v2\/posts\/180\/revisions"}],"predecessor-version":[{"id":223,"href":"https:\/\/www.jornalcontato.com.br\/home\/index.php\/wp-json\/wp\/v2\/posts\/180\/revisions\/223"}],"wp:featuredmedia":[{"embeddable":true,"href":"https:\/\/www.jornalcontato.com.br\/home\/index.php\/wp-json\/wp\/v2\/media\/182"}],"wp:attachment":[{"href":"https:\/\/www.jornalcontato.com.br\/home\/index.php\/wp-json\/wp\/v2\/media?parent=180"}],"wp:term":[{"taxonomy":"category","embeddable":true,"href":"https:\/\/www.jornalcontato.com.br\/home\/index.php\/wp-json\/wp\/v2\/categories?post=180"},{"taxonomy":"post_tag","embeddable":true,"href":"https:\/\/www.jornalcontato.com.br\/home\/index.php\/wp-json\/wp\/v2\/tags?post=180"}],"curies":[{"name":"wp","href":"https:\/\/api.w.org\/{rel}","templated":true}]}}