{"id":17944,"date":"2020-05-27T17:27:15","date_gmt":"2020-05-27T20:27:15","guid":{"rendered":"http:\/\/www.jornalcontato.com.br\/home\/?p=17944"},"modified":"2020-05-27T17:27:15","modified_gmt":"2020-05-27T20:27:15","slug":"de-tedio-o-brasileiro-esclarecido-nao-morre-paulo-de-tarso","status":"publish","type":"post","link":"https:\/\/www.jornalcontato.com.br\/home\/index.php\/de-tedio-o-brasileiro-esclarecido-nao-morre-paulo-de-tarso\/","title":{"rendered":"De t\u00e9dio o brasileiro (esclarecido) n\u00e3o morre (Paulo de Tarso)"},"content":{"rendered":"<p><b><\/b>\u00a0\u00a0\u00a0\u00a0\u00a0\u00a0\u00a0\u00a0\u00a0\u00a0\u00a0 Na ter\u00e7a, 26, os bolsonaristas estavam euf\u00f3ricos. O Superior Tribunal de Justi\u00e7a fluminense havia autorizado a opera\u00e7\u00e3o de busca e apreens\u00e3o em v\u00e1rios endere\u00e7os. O Pal\u00e1cio das Laranjeiras, resid\u00eancia oficial do governador Wilson Witzel, foi ocupado pela PF nas primeiras horas da manh\u00e3. O mesmo ocorreu com o escrit\u00f3rio da esposa Helena Witzel. Ex-aliado de Bolsonaro, Witzel se tornou em desafeto p\u00fablico do presidente. Bolsonaro et caterva n\u00e3o pouparam elogios \u00e0 PF.<\/p>\n<p><a href=\"http:\/\/jornalcontato.com.br\/home\/wp-content\/uploads\/2020\/05\/Wilson-Witzel.jpg\"><img loading=\"lazy\" decoding=\"async\" class=\"aligncenter size-large wp-image-17945\" src=\"http:\/\/jornalcontato.com.br\/home\/wp-content\/uploads\/2020\/05\/Wilson-Witzel-450x270.jpg\" alt=\"Wilson Witzel\" width=\"450\" height=\"270\" srcset=\"https:\/\/jornalcontato.com.br\/home\/wp-content\/uploads\/2020\/05\/Wilson-Witzel-450x270.jpg 450w, https:\/\/jornalcontato.com.br\/home\/wp-content\/uploads\/2020\/05\/Wilson-Witzel-300x180.jpg 300w, https:\/\/jornalcontato.com.br\/home\/wp-content\/uploads\/2020\/05\/Wilson-Witzel-768x461.jpg 768w, https:\/\/jornalcontato.com.br\/home\/wp-content\/uploads\/2020\/05\/Wilson-Witzel.jpg 1086w\" sizes=\"auto, (max-width: 450px) 100vw, 450px\" \/><\/a><\/p>\n<p style=\"text-align: center;\"><em><strong>Governador Wilson Witzel, de aliado a desafeto do presidente Bolsonaro<\/strong><\/em><\/p>\n<p>\u00a0\u00a0\u00a0\u00a0\u00a0\u00a0\u00a0\u00a0\u00a0\u00a0\u00a0 Na quarta, 27, tiveram de curtir a ressaca. O ministro Alexandre de Moraes autorizou o cumprimento de mandados de busca e apreens\u00e3o no inqu\u00e9rito das Fake News no STF e o bloqueio das contas nas redes sociais de ativistas bolsonaristas. Alegou que &#8220;o bloqueio de contas em redes sociais, (&#8230;) \u00e9 necess\u00e1rio para a interrup\u00e7\u00e3o dos discursos com conte\u00fado de \u00f3dio, subvers\u00e3o da ordem e incentivo \u00e0 quebra da normalidade institucional e democr\u00e1tica&#8221;.<\/p>\n<p>Moraes deixou claro que ainda n\u00e3o sabe quem s\u00e3o os respons\u00e1veis por alguns dos perfis investigados por espalhar not\u00edcias falsas e mensagens de \u00f3dio. S\u00e3o eles: @bolsoneas, @patriotas e @taoquei1.<\/p>\n<p>&nbsp;<\/p>\n<p>&nbsp;<\/p>\n<p><a href=\"http:\/\/jornalcontato.com.br\/home\/wp-content\/uploads\/2020\/05\/alexandre-de-moraes.jpg\"><img loading=\"lazy\" decoding=\"async\" class=\"size-large wp-image-17947\" src=\"http:\/\/jornalcontato.com.br\/home\/wp-content\/uploads\/2020\/05\/alexandre-de-moraes-450x334.jpg\" alt=\"Sessao do STF no doa seguinte a denuncia do Joesley  Batista (JBS) contra o presidente Michem Temer. Facchin com Alexandre Moraes. Foto: S\u00e9rgio Lima\/PODER 360\" width=\"450\" height=\"334\" srcset=\"https:\/\/jornalcontato.com.br\/home\/wp-content\/uploads\/2020\/05\/alexandre-de-moraes-450x334.jpg 450w, https:\/\/jornalcontato.com.br\/home\/wp-content\/uploads\/2020\/05\/alexandre-de-moraes-300x223.jpg 300w, https:\/\/jornalcontato.com.br\/home\/wp-content\/uploads\/2020\/05\/alexandre-de-moraes-768x570.jpg 768w, https:\/\/jornalcontato.com.br\/home\/wp-content\/uploads\/2020\/05\/alexandre-de-moraes.jpg 868w\" sizes=\"auto, (max-width: 450px) 100vw, 450px\" \/><\/a><\/p>\n<p style=\"text-align: center;\"><em><strong>Ministro Alexandre de Moraes age em defesa das institui\u00e7\u00f5es<\/strong><\/em><\/p>\n<p>Segue lista com 16 dos 29 apontados como suspeitos:<\/p>\n<p>Roberto Jefferson, ex-deputado federal (RJ)<\/p>\n<p>Luciano Hang, empres\u00e1rio (SC)<\/p>\n<p>Edgard Corona, empres\u00e1rio (SP)<\/p>\n<p>Allan dos Santos, blogueiro (DF)<\/p>\n<p>Sara Winter, ativista (DF)<\/p>\n<p>Winston Lima, militar reformado e coordenador de manifesta\u00e7\u00f5es pr\u00f3-Bolsonaro (DF)<\/p>\n<p>Bernardo Kuster, youtuber (PR)<\/p>\n<p>Reynaldo Bianchi, humorista (RJ)<\/p>\n<p>Eduardo Fabris Portella, ativista (PR)<\/p>\n<p>Paulo Gon\u00e7alves Bezerra (RJ)<\/p>\n<p>Edson Pires Salom\u00e3o, chefe de gabinete do deputado estadual Douglas Garcia (PSL-SP)<\/p>\n<p>Enzo Leonardo Suzi Momenti (SP)<\/p>\n<p>Marcos Dominguez Bellizia (SP)<\/p>\n<p>Otavio Oscar Fakhoury, investidor (SP)<\/p>\n<p>Rafael Moreno (SP)<\/p>\n<p>Rodrigo Barbosa Ribeiro (SP)<\/p>\n<p>No despacho em que autorizou a opera\u00e7\u00e3o contra o esquema de dissemina\u00e7\u00e3o de &#8216;fake news&#8217;, o ministro estabeleceu prazo de 5 dias \u00fateis para o Twitter fornecer os dados dos donos dessas contas.<\/p>\n<p>O vereador Carlos Bolsonaro (PSC-RJ) e o deputado federal Eduardo Bolsonaro (Republicanos-SP) reagiram \u00e0 opera\u00e7\u00e3o da Pol\u00edcia Federal que tem como objetivo investigar a dissemina\u00e7\u00e3o de not\u00edcias falsas por parte de apoiadores do presidente Jair Bolsonaro (sem partido).<\/p>\n<p><a href=\"http:\/\/jornalcontato.com.br\/home\/wp-content\/uploads\/2020\/05\/Carlos-e-Eduardo-Bolsonaro.jpg\"><img loading=\"lazy\" decoding=\"async\" class=\"aligncenter size-large wp-image-17946\" src=\"http:\/\/jornalcontato.com.br\/home\/wp-content\/uploads\/2020\/05\/Carlos-e-Eduardo-Bolsonaro-450x286.jpg\" alt=\"Carlos e Eduardo Bolsonaro\" width=\"450\" height=\"286\" srcset=\"https:\/\/jornalcontato.com.br\/home\/wp-content\/uploads\/2020\/05\/Carlos-e-Eduardo-Bolsonaro-450x286.jpg 450w, https:\/\/jornalcontato.com.br\/home\/wp-content\/uploads\/2020\/05\/Carlos-e-Eduardo-Bolsonaro-300x191.jpg 300w, https:\/\/jornalcontato.com.br\/home\/wp-content\/uploads\/2020\/05\/Carlos-e-Eduardo-Bolsonaro.jpg 550w\" sizes=\"auto, (max-width: 450px) 100vw, 450px\" \/><\/a><\/p>\n<p style=\"text-align: center;\"><em><strong>Carlos e Eduardoplaudiram a PF na v\u00e9spera da a\u00e7\u00e3o movida contra seus aliados<\/strong><\/em><\/p>\n<p>Carlos insinua que a a\u00e7\u00e3o, deflagrada a mando do ministro do Supremo Tribunal Federal (STF) Alexandre de Moraes, seja proposital. \u201cQuerem incentivar rachaduras diante de inqu\u00e9rito inconstitucional, pol\u00edtico e ideol\u00f3gico sobre o pretexto de uma palavra politicamente correta? Voc\u00ea que ri disso n\u00e3o entende o qu\u00e3o em perigo est\u00e1!\u201d, afirma o vereador.<\/p>\n<p>J\u00e1 Eduardo classificou como \u201clament\u00e1vel\u201d a ida \u00e0 casa do blogueiro Allan dos Santos, do portal Ter\u00e7a Livre. \u201cAos que acreditavam que o Brasil teria medidas autorit\u00e1rias ap\u00f3s as elei\u00e7\u00f5es de 2018, acertaram. S\u00f3 n\u00e3o contavam que a ordem ditatorial n\u00e3o viria do presidente que eles tanto xingam de ditador.\u201d<\/p>\n","protected":false},"excerpt":{"rendered":"<p>\u00a0\u00a0\u00a0\u00a0\u00a0\u00a0\u00a0\u00a0\u00a0\u00a0\u00a0 Na ter\u00e7a, 26, os bolsonaristas estavam euf\u00f3ricos. O Superior Tribunal de Justi\u00e7a fluminense havia autorizado a opera\u00e7\u00e3o de busca e apreens\u00e3o em v\u00e1rios endere\u00e7os. &#8230;<\/p>\n","protected":false},"author":1,"featured_media":17948,"comment_status":"open","ping_status":"open","sticky":false,"template":"","format":"standard","meta":{"footnotes":""},"categories":[1],"tags":[],"class_list":["post-17944","post","type-post","status-publish","format-standard","has-post-thumbnail","hentry","category-nacional"],"_links":{"self":[{"href":"https:\/\/www.jornalcontato.com.br\/home\/index.php\/wp-json\/wp\/v2\/posts\/17944","targetHints":{"allow":["GET"]}}],"collection":[{"href":"https:\/\/www.jornalcontato.com.br\/home\/index.php\/wp-json\/wp\/v2\/posts"}],"about":[{"href":"https:\/\/www.jornalcontato.com.br\/home\/index.php\/wp-json\/wp\/v2\/types\/post"}],"author":[{"embeddable":true,"href":"https:\/\/www.jornalcontato.com.br\/home\/index.php\/wp-json\/wp\/v2\/users\/1"}],"replies":[{"embeddable":true,"href":"https:\/\/www.jornalcontato.com.br\/home\/index.php\/wp-json\/wp\/v2\/comments?post=17944"}],"version-history":[{"count":1,"href":"https:\/\/www.jornalcontato.com.br\/home\/index.php\/wp-json\/wp\/v2\/posts\/17944\/revisions"}],"predecessor-version":[{"id":17949,"href":"https:\/\/www.jornalcontato.com.br\/home\/index.php\/wp-json\/wp\/v2\/posts\/17944\/revisions\/17949"}],"wp:featuredmedia":[{"embeddable":true,"href":"https:\/\/www.jornalcontato.com.br\/home\/index.php\/wp-json\/wp\/v2\/media\/17948"}],"wp:attachment":[{"href":"https:\/\/www.jornalcontato.com.br\/home\/index.php\/wp-json\/wp\/v2\/media?parent=17944"}],"wp:term":[{"taxonomy":"category","embeddable":true,"href":"https:\/\/www.jornalcontato.com.br\/home\/index.php\/wp-json\/wp\/v2\/categories?post=17944"},{"taxonomy":"post_tag","embeddable":true,"href":"https:\/\/www.jornalcontato.com.br\/home\/index.php\/wp-json\/wp\/v2\/tags?post=17944"}],"curies":[{"name":"wp","href":"https:\/\/api.w.org\/{rel}","templated":true}]}}