{"id":17940,"date":"2020-05-26T17:44:26","date_gmt":"2020-05-26T20:44:26","guid":{"rendered":"http:\/\/www.jornalcontato.com.br\/home\/?p=17940"},"modified":"2020-05-26T17:44:26","modified_gmt":"2020-05-26T20:44:26","slug":"visita-do-presidente-bolsonaro-a-pgr-expoe-augusto-aras-jose-casado","status":"publish","type":"post","link":"https:\/\/www.jornalcontato.com.br\/home\/index.php\/visita-do-presidente-bolsonaro-a-pgr-expoe-augusto-aras-jose-casado\/","title":{"rendered":"Visita do presidente Bolsonaro \u00e0 PGR exp\u00f5e Augusto Aras (Jos\u00e9 Casado)"},"content":{"rendered":"<p>Jair Bolsonaro fez uma visita surpresa a Augusto Aras, procurador-geral da Rep\u00fablica. Foi \u00e0 procuradoria apenas para \u201capertar a m\u00e3o do nosso novo colegiado maravilhoso da PGR\u201d. Recebeu \u201ca alegria de sempre\u201d, segundo Aras.<\/p>\n<p>Teria sido mais um encontro imprevisto, fechado e r\u00e1pido, se Bolsonaro n\u00e3o fosse um investigado e Aras o seu investigador em inqu\u00e9rito sobre crimes de responsabilidade na Presid\u00eancia. Esse detalhe deu relevo \u00e0 cena de ontem, em Bras\u00edlia.<\/p>\n<p>Ambos ainda ruminam a derrota no Supremo, na divulga\u00e7\u00e3o dos registros da reuni\u00e3o ministerial de abril.<\/p>\n<p>Aras pediu ao juiz Celso de Mello uma censura muito mais abrangente do que a solicitada pela defesa do presidente. Argumentou que a transpar\u00eancia ao p\u00fablico, reivindicada por outro investigado, o ex-ministro Sergio Moro, daria \u00e0 oposi\u00e7\u00e3o chance de \u201cuso pol\u00edtico, pr\u00e9-eleitoral (2022)\u201d, criando \u201cinstabilidade\u201d e \u201cquerelas\u201d.<\/p>\n<p>O juiz respondeu-lhe em 55 p\u00e1ginas. Lembrou a Aras que, no regime democr\u00e1tico, o Minist\u00e9rio P\u00fablico n\u00e3o pode sequer manifestar a \u201cpretens\u00e3o\u201d de restringir o direito de investiga doou r\u00e9u em ver produzidas ou ter acesso aprovas que possam favorec\u00ea-lo. A Constitui\u00e7\u00e3o imp\u00f5e publicidade aos atos de agentes p\u00fablicos, observou. E, no caso, nem o governo se preocupara em tratar a reuni\u00e3o com sigilo.<\/p>\n<p>Aras perdeu a batalha, mas tem o poder final de denunciar \u2014 ou n\u00e3o \u2014 o presidente. Pode decidir antes da aposentadoria do juiz Celso de Mello, em novembro. Ou deixar para a \u00e9poca de sucess\u00e3o na Procuradoria-Geral e de escolha do substituto de outro que se aposentar\u00e1 no STF, Marco Aur\u00e9lio Mello. De toda forma, Bolsonaro o deixou exposto na visita de ontem.<\/p>\n<p><a href=\"http:\/\/jornalcontato.com.br\/home\/wp-content\/uploads\/2020\/05\/celso-de-mello.jpg\"><img loading=\"lazy\" decoding=\"async\" class=\"aligncenter size-large wp-image-17941\" src=\"http:\/\/jornalcontato.com.br\/home\/wp-content\/uploads\/2020\/05\/celso-de-mello-450x239.jpg\" alt=\"celso-de-mello\" width=\"450\" height=\"239\" srcset=\"https:\/\/jornalcontato.com.br\/home\/wp-content\/uploads\/2020\/05\/celso-de-mello-450x239.jpg 450w, https:\/\/jornalcontato.com.br\/home\/wp-content\/uploads\/2020\/05\/celso-de-mello-300x159.jpg 300w, https:\/\/jornalcontato.com.br\/home\/wp-content\/uploads\/2020\/05\/celso-de-mello.jpg 640w\" sizes=\"auto, (max-width: 450px) 100vw, 450px\" \/><\/a><\/p>\n<p style=\"text-align: center;\"><em><strong>Ministro Celso de Mello n\u00e3o censurou a grava\u00e7\u00e3o como Aras queria<\/strong><\/em><\/p>\n<p>O presidente abstraiu a pandemia e segue em campanha pela reelei\u00e7\u00e3o. No roteiro incluiu o dom\u00ednio de ag\u00eancias de espionagem, \u00f3rg\u00e3os de controle externo e o Minist\u00e9rio P\u00fablico. Ano passado, apresentou crit\u00e9rios peculiares para escolha do procurador-geral. Na ess\u00eancia, desejava a virtual convers\u00e3o da PGR em anexo do Planalto. Bolsonaro, agora, s\u00f3 depende de Aras.<\/p>\n","protected":false},"excerpt":{"rendered":"<p>Jair Bolsonaro fez uma visita surpresa a Augusto Aras, procurador-geral da Rep\u00fablica. Foi \u00e0 procuradoria apenas para \u201capertar a m\u00e3o do nosso novo colegiado maravilhoso &#8230;<\/p>\n","protected":false},"author":1,"featured_media":17942,"comment_status":"open","ping_status":"open","sticky":false,"template":"","format":"standard","meta":{"footnotes":""},"categories":[1],"tags":[],"class_list":["post-17940","post","type-post","status-publish","format-standard","has-post-thumbnail","hentry","category-nacional"],"_links":{"self":[{"href":"https:\/\/www.jornalcontato.com.br\/home\/index.php\/wp-json\/wp\/v2\/posts\/17940","targetHints":{"allow":["GET"]}}],"collection":[{"href":"https:\/\/www.jornalcontato.com.br\/home\/index.php\/wp-json\/wp\/v2\/posts"}],"about":[{"href":"https:\/\/www.jornalcontato.com.br\/home\/index.php\/wp-json\/wp\/v2\/types\/post"}],"author":[{"embeddable":true,"href":"https:\/\/www.jornalcontato.com.br\/home\/index.php\/wp-json\/wp\/v2\/users\/1"}],"replies":[{"embeddable":true,"href":"https:\/\/www.jornalcontato.com.br\/home\/index.php\/wp-json\/wp\/v2\/comments?post=17940"}],"version-history":[{"count":1,"href":"https:\/\/www.jornalcontato.com.br\/home\/index.php\/wp-json\/wp\/v2\/posts\/17940\/revisions"}],"predecessor-version":[{"id":17943,"href":"https:\/\/www.jornalcontato.com.br\/home\/index.php\/wp-json\/wp\/v2\/posts\/17940\/revisions\/17943"}],"wp:featuredmedia":[{"embeddable":true,"href":"https:\/\/www.jornalcontato.com.br\/home\/index.php\/wp-json\/wp\/v2\/media\/17942"}],"wp:attachment":[{"href":"https:\/\/www.jornalcontato.com.br\/home\/index.php\/wp-json\/wp\/v2\/media?parent=17940"}],"wp:term":[{"taxonomy":"category","embeddable":true,"href":"https:\/\/www.jornalcontato.com.br\/home\/index.php\/wp-json\/wp\/v2\/categories?post=17940"},{"taxonomy":"post_tag","embeddable":true,"href":"https:\/\/www.jornalcontato.com.br\/home\/index.php\/wp-json\/wp\/v2\/tags?post=17940"}],"curies":[{"name":"wp","href":"https:\/\/api.w.org\/{rel}","templated":true}]}}