{"id":17913,"date":"2020-05-19T13:19:59","date_gmt":"2020-05-19T16:19:59","guid":{"rendered":"http:\/\/www.jornalcontato.com.br\/home\/?p=17913"},"modified":"2020-05-19T13:19:59","modified_gmt":"2020-05-19T16:19:59","slug":"parabens-pra-voce-nesta-data-querida-caca-diegues","status":"publish","type":"post","link":"https:\/\/www.jornalcontato.com.br\/home\/index.php\/parabens-pra-voce-nesta-data-querida-caca-diegues\/","title":{"rendered":"\u2018Parab\u00e9ns pra voc\u00ea\/ nesta data querida\u2019 (Cac\u00e1 Diegues)"},"content":{"rendered":"<p style=\"text-align: center;\"><em><strong>Desabafo sincero de um dos cineastas mais brilhantes ao apagar 80 velinhas, Cac\u00e1 Diegues \u00e9 membro da Academia Brasileira de Letras\u00a0<\/strong><\/em><\/p>\n<p>\u201cEstou fazendo hoje 80 anos e tenho mais de 60 de dedica\u00e7\u00e3o total e absoluta ao cinema brasileiro. Hoje, assisto a um paradoxo dram\u00e1tico, em que o cinema brasileiro produz os melhores filmes de sua Hist\u00f3ria, realizados por cineastas de todas as gera\u00e7\u00f5es, vindos de diferentes regi\u00f5es do pa\u00eds, com riqu\u00edssima diversidade de ideias pol\u00edticas, culturais, ideol\u00f3gicas, art\u00edsticas e cinematogr\u00e1ficas. E, ao mesmo tempo, esse mesmo cinema vitorioso vive fase cr\u00edtica de sua economia, amea\u00e7ado de se extinguir, desaparecer das telas.<\/p>\n<p>At\u00e9 2018, chegamos a produzir 180 filmes ao ano, um recorde latino-americano, filmes reconhecidos por pr\u00eamios internacionais ou por grande sucesso junto ao p\u00fablico. Hoje, o cinema brasileiro tem sua exist\u00eancia amea\u00e7ada por um governo preconceituoso que nos odeia, sem nunca ter visto um s\u00f3 de nossos filmes.<\/p>\n<p><a href=\"http:\/\/jornalcontato.com.br\/home\/wp-content\/uploads\/2020\/05\/Bye-bye-Brasil.jpg\"><img loading=\"lazy\" decoding=\"async\" class=\"aligncenter size-large wp-image-17914\" src=\"http:\/\/jornalcontato.com.br\/home\/wp-content\/uploads\/2020\/05\/Bye-bye-Brasil-294x450.jpg\" alt=\"Bye bye Brasil\" width=\"294\" height=\"450\" srcset=\"https:\/\/jornalcontato.com.br\/home\/wp-content\/uploads\/2020\/05\/Bye-bye-Brasil-294x450.jpg 294w, https:\/\/jornalcontato.com.br\/home\/wp-content\/uploads\/2020\/05\/Bye-bye-Brasil-196x300.jpg 196w, https:\/\/jornalcontato.com.br\/home\/wp-content\/uploads\/2020\/05\/Bye-bye-Brasil.jpg 327w\" sizes=\"auto, (max-width: 294px) 100vw, 294px\" \/><\/a><\/p>\n<p style=\"text-align: center;\"><em><strong>Um dos 100 melhores filmes de todos os tempos, em 1979<\/strong><\/em><\/p>\n<p>Um governo amargo, rancoroso, insens\u00edvel, desumano, conduzido, na cultura e na arte, por um \u00f3dio cego ao pa\u00eds que representamos. Um governo que n\u00e3o admite que tenhamos o direito de pensar o que somos e para onde queremos ir. N\u00e3o estou interessado em comemorar tudo o que fiz no cinema, meus filmes e minhas ideias, dos quais s\u00f3 tenho que me orgulhar. Em vez disso, quero gritar por um futuro que eu e meus colegas, veteranos e jovens, reivindicamos.<\/p>\n<p>Um pa\u00eds sem cinema \u00e9 um pa\u00eds que n\u00e3o se reconhece, um pa\u00eds sem rosto e sem alma. N\u00f3s temos o direito de tentar descobrir ou construir esse rosto e essa alma, numa tela de cinema, na televis\u00e3o, atrav\u00e9s do streaming ou o que for. Ningu\u00e9m vai me impedir de dedicar, outra vez, os pr\u00f3ximos anos de minha vida a esse sonho, mesmo que os poderosos n\u00e3o o desejem. Contem comigo\u201d.<\/p>\n<p>&nbsp;<\/p>\n","protected":false},"excerpt":{"rendered":"<p>Desabafo sincero de um dos cineastas mais brilhantes ao apagar 80 velinhas, Cac\u00e1 Diegues \u00e9 membro da Academia Brasileira de Letras\u00a0 \u201cEstou fazendo hoje 80 &#8230;<\/p>\n","protected":false},"author":1,"featured_media":17915,"comment_status":"open","ping_status":"open","sticky":false,"template":"","format":"standard","meta":{"footnotes":""},"categories":[1],"tags":[],"class_list":["post-17913","post","type-post","status-publish","format-standard","has-post-thumbnail","hentry","category-nacional"],"_links":{"self":[{"href":"https:\/\/www.jornalcontato.com.br\/home\/index.php\/wp-json\/wp\/v2\/posts\/17913","targetHints":{"allow":["GET"]}}],"collection":[{"href":"https:\/\/www.jornalcontato.com.br\/home\/index.php\/wp-json\/wp\/v2\/posts"}],"about":[{"href":"https:\/\/www.jornalcontato.com.br\/home\/index.php\/wp-json\/wp\/v2\/types\/post"}],"author":[{"embeddable":true,"href":"https:\/\/www.jornalcontato.com.br\/home\/index.php\/wp-json\/wp\/v2\/users\/1"}],"replies":[{"embeddable":true,"href":"https:\/\/www.jornalcontato.com.br\/home\/index.php\/wp-json\/wp\/v2\/comments?post=17913"}],"version-history":[{"count":1,"href":"https:\/\/www.jornalcontato.com.br\/home\/index.php\/wp-json\/wp\/v2\/posts\/17913\/revisions"}],"predecessor-version":[{"id":17916,"href":"https:\/\/www.jornalcontato.com.br\/home\/index.php\/wp-json\/wp\/v2\/posts\/17913\/revisions\/17916"}],"wp:featuredmedia":[{"embeddable":true,"href":"https:\/\/www.jornalcontato.com.br\/home\/index.php\/wp-json\/wp\/v2\/media\/17915"}],"wp:attachment":[{"href":"https:\/\/www.jornalcontato.com.br\/home\/index.php\/wp-json\/wp\/v2\/media?parent=17913"}],"wp:term":[{"taxonomy":"category","embeddable":true,"href":"https:\/\/www.jornalcontato.com.br\/home\/index.php\/wp-json\/wp\/v2\/categories?post=17913"},{"taxonomy":"post_tag","embeddable":true,"href":"https:\/\/www.jornalcontato.com.br\/home\/index.php\/wp-json\/wp\/v2\/tags?post=17913"}],"curies":[{"name":"wp","href":"https:\/\/api.w.org\/{rel}","templated":true}]}}