{"id":17906,"date":"2020-05-17T17:21:55","date_gmt":"2020-05-17T20:21:55","guid":{"rendered":"http:\/\/www.jornalcontato.com.br\/home\/?p=17906"},"modified":"2020-05-17T17:21:55","modified_gmt":"2020-05-17T20:21:55","slug":"novilingua-bolsonarista-merval-pereira","status":"publish","type":"post","link":"https:\/\/www.jornalcontato.com.br\/home\/index.php\/novilingua-bolsonarista-merval-pereira\/","title":{"rendered":"Novil\u00edngua bolsonarista (Merval Pereira)"},"content":{"rendered":"<p style=\"text-align: center;\"><strong><em>\u00c0 medida que a crise avan\u00e7a, conceitos democr\u00e1ticos v\u00e3o sendo deformados, e palavras, distorcidas pelo governo federal, como na novil\u00edngua de \u20181984\u2019, obra de George Orwell<\/em><\/strong><\/p>\n<p>\u00c0 medida que a crise avan\u00e7a, vamos assistindo \u00e0 involu\u00e7\u00e3o dos h\u00e1bitos e dos costumes republicanos, tendo o presidente Jair Bolsonaro como protagonista e ministros como coadjuvantes de uma trag\u00e9dia na qual os conceitos democr\u00e1ticos v\u00e3o sendo deformados, e palavras, distorcidas, a exemplo da \u201cnovil\u00edngua\u201d criada pelo escritor ingl\u00eas George Orwell na novela \u201c1984\u201d, na qual o autoritarismo muda o sentido das palavras para melhor acomod\u00e1-las a seus interesses.<\/p>\n<p>Nesse mundo dist\u00f3pico, o Minist\u00e9rio da Verdade cuida de criar a realidade, controlar a verdade oficial. Palavras ganham sentido inverso do original, ou simplesmente desaparecem por desnecessidade, como \u201cliberdade\u201d. Um lema resume o sentido da \u201cnovil\u00edngua\u201d orwelliana: \u201cGuerra \u00e9 paz, escravid\u00e3o \u00e9 liberdade, ignor\u00e2ncia \u00e9 for\u00e7a\u201d. Hoje, no Brasil, quando Bolsonaro est\u00e1 muito irritado com sua seguran\u00e7a pessoal, ele promove o chefe do setor.<\/p>\n<p>Orwell escreveu \u201c1984\u201d pensando nos regimes comunistas, mas o autoritarismo de direita tem os mesmos v\u00edcios de distorcer os fatos a seu favor. A mais recente demonstra\u00e7\u00e3o de como \u00e9 poss\u00edvel torcer o sentido das palavras para tentar mudar a realidade \u00e9 a declara\u00e7\u00e3o do presidente Jair Bolsonaro de que nunca proferiu o nome da \u201cPol\u00edcia Federal\u201d na j\u00e1 famosa reuni\u00e3o ministerial em que o ex-ministro Sergio Moro diz ter sido amea\u00e7ado de demiss\u00e3o pelo chefe de governo.<\/p>\n<p>Depois de idas e vindas, com vers\u00f5es que contradiziam o presidente, at\u00e9 mesmo do ministro Luiz Eduardo Ramos, a transcri\u00e7\u00e3o oficial do \u00e1udio feita pela Advocacia-Geral da Uni\u00e3o (AGU) revela que, sim, o presidente se referiu \u00e0 Pol\u00edcia Federal. Confrontado com a realidade, o que faz Bolsonaro? Explica na \u201cnovil\u00edngua\u201d: \u201cEst\u00e1 a palavra PF. Duas letras. (&#8230;) Tem a ver com Pol\u00edcia Federal, mas \u00e9 a reclama\u00e7\u00e3o PF no tocante ao servi\u00e7o de intelig\u00eancia\u201d.<\/p>\n<p><a href=\"http:\/\/jornalcontato.com.br\/home\/wp-content\/uploads\/2020\/05\/Serenissima-republica.jpg\"><img loading=\"lazy\" decoding=\"async\" class=\"aligncenter size-large wp-image-17909\" src=\"http:\/\/jornalcontato.com.br\/home\/wp-content\/uploads\/2020\/05\/Serenissima-republica-450x236.jpg\" alt=\"Serenissima republica\" width=\"450\" height=\"236\" srcset=\"https:\/\/jornalcontato.com.br\/home\/wp-content\/uploads\/2020\/05\/Serenissima-republica-450x236.jpg 450w, https:\/\/jornalcontato.com.br\/home\/wp-content\/uploads\/2020\/05\/Serenissima-republica-300x158.jpg 300w, https:\/\/jornalcontato.com.br\/home\/wp-content\/uploads\/2020\/05\/Serenissima-republica.jpg 600w\" sizes=\"auto, (max-width: 450px) 100vw, 450px\" \/><\/a><\/p>\n<p style=\"text-align: center;\"><em><strong>A disputa entre Nebraska e Careca contada por Machado de Assis<\/strong><\/em><\/p>\n<p>Faz lembrar o conto de Machado de Assis \u201cA seren\u00edssima Rep\u00fablica\u201d, no qual relata uma disputa entre os candidatos Nebraska e Caneca, em que o vencedor seria sorteado em um saco contendo duas bolas com os nomes dos concorrentes. A bola sorteada tinha o nome de Nebraska, mas sem a letra final \u201ca\u201d. Caneca, o derrotado, impugnou o resultado e pediu que um fil\u00f3logo analisasse a situa\u00e7\u00e3o.<\/p>\n<p>O professor fez malabarismos de pseudofilologia at\u00e9 que transformou o nome \u201cNebraska\u201d em \u201cCaneca\u201d, revelando o verdadeiro vencedor do sorteio. E ainda esnobou os ouvintes: \u201c(&#8230;) \u00e9 a coisa mais demonstr\u00e1vel do mundo. Mas n\u00e3o demonstrarei isso. \u00c9 \u00f3bvio. H\u00e1 consequ\u00eancias l\u00f3gicas e sint\u00e1ticas, dedutivas e indutivas\u201d.<\/p>\n<p><a href=\"http:\/\/jornalcontato.com.br\/home\/wp-content\/uploads\/2020\/05\/Vice-presidente.jpg\"><img loading=\"lazy\" decoding=\"async\" class=\"aligncenter size-large wp-image-17908\" src=\"http:\/\/jornalcontato.com.br\/home\/wp-content\/uploads\/2020\/05\/Vice-presidente-450x254.jpg\" alt=\"Vice presidente\" width=\"450\" height=\"254\" srcset=\"https:\/\/jornalcontato.com.br\/home\/wp-content\/uploads\/2020\/05\/Vice-presidente-450x254.jpg 450w, https:\/\/jornalcontato.com.br\/home\/wp-content\/uploads\/2020\/05\/Vice-presidente-300x169.jpg 300w, https:\/\/jornalcontato.com.br\/home\/wp-content\/uploads\/2020\/05\/Vice-presidente.jpg 660w\" sizes=\"auto, (max-width: 450px) 100vw, 450px\" \/><\/a><\/p>\n<p style=\"text-align: center;\"><em><strong>Vice-presidente general Hamilton Mor\u00e3o, criticou a imprensa<\/strong><\/em><\/p>\n<p>Tamb\u00e9m o ministro Braga Netto, chefe do Gabinete Civil, utilizou-se da \u201cnovil\u00edngua\u201d para explicar o inexplic\u00e1vel: \u201cO presidente respeita a ci\u00eancia, mas ele tem visto radicalismos\u201d. Esse seria o caso de um \u201cduplipensar\u201d, palavra que Orwell criou em \u201c1984\u201d para definir a possibilidade de um indiv\u00edduo ter pensamentos contradit\u00f3rios entre si.<\/p>\n<p>O ministro da Economia Paulo Guedes, que aderiu ao histrionismo bolsonariano, explicou em \u201cnovil\u00edngua\u201d o direito que ele acha que o presidente Bolsonaro tem de se infectar: \u201c\u00c9 um direito dele ser infectado, porque ele n\u00e3o est\u00e1 infectando ningu\u00e9m\u201d.<\/p>\n<p>O vice-presidente, general Hamilton Mour\u00e3o, em recente artigo, criticou a imprensa: \u201cOpini\u00f5es distintas, contr\u00e1rias e favor\u00e1veis ao governo, tanto sobre o isolamento como a retomada da economia, enfim, sobre o enfrentamento da crise, devem ter o mesmo espa\u00e7o nos principais ve\u00edculos de comunica\u00e7\u00e3o\u201d. Outros ministros, como Braga Netto e Luiz Eduardo Ramos, v\u00eam batendo na mesma tecla, pedindo not\u00edcias boas para contrabalan\u00e7ar as m\u00e1s, e querendo que as 15 mil mortes de brasileiros sejam noticiadas como meros n\u00fameros proporcionais ao tamanho de habitantes dos pa\u00edses, como se transformar vidas humanas em meras estat\u00edsticas reduzisse o estrago. Mesmo assim, S\u00e3o Paulo tem mais mortes que a China; e Recife, mais mortes que a Argentina.<\/p>\n<p>Na verdade, repetem a famosa situa\u00e7\u00e3o do ditador Costa e Silva que, ao queixar-se de um dono de jornal por cr\u00edticas demasiadas, ouviu a explica\u00e7\u00e3o: \u201cS\u00e3o cr\u00edticas construtivas\u201d. E respondeu: \u201cEu gosto mesmo \u00e9 de elogios construtivos\u201d. N\u00e3o conhecem a m\u00e1xima: not\u00edcia \u00e9 tudo aquilo que o governo n\u00e3o quer ver publicado.<\/p>\n<p>&nbsp;<\/p>\n","protected":false},"excerpt":{"rendered":"<p>\u00c0 medida que a crise avan\u00e7a, conceitos democr\u00e1ticos v\u00e3o sendo deformados, e palavras, distorcidas pelo governo federal, como na novil\u00edngua de \u20181984\u2019, obra de George &#8230;<\/p>\n","protected":false},"author":1,"featured_media":17907,"comment_status":"open","ping_status":"open","sticky":false,"template":"","format":"standard","meta":{"footnotes":""},"categories":[1],"tags":[],"class_list":["post-17906","post","type-post","status-publish","format-standard","has-post-thumbnail","hentry","category-nacional"],"_links":{"self":[{"href":"https:\/\/www.jornalcontato.com.br\/home\/index.php\/wp-json\/wp\/v2\/posts\/17906","targetHints":{"allow":["GET"]}}],"collection":[{"href":"https:\/\/www.jornalcontato.com.br\/home\/index.php\/wp-json\/wp\/v2\/posts"}],"about":[{"href":"https:\/\/www.jornalcontato.com.br\/home\/index.php\/wp-json\/wp\/v2\/types\/post"}],"author":[{"embeddable":true,"href":"https:\/\/www.jornalcontato.com.br\/home\/index.php\/wp-json\/wp\/v2\/users\/1"}],"replies":[{"embeddable":true,"href":"https:\/\/www.jornalcontato.com.br\/home\/index.php\/wp-json\/wp\/v2\/comments?post=17906"}],"version-history":[{"count":1,"href":"https:\/\/www.jornalcontato.com.br\/home\/index.php\/wp-json\/wp\/v2\/posts\/17906\/revisions"}],"predecessor-version":[{"id":17910,"href":"https:\/\/www.jornalcontato.com.br\/home\/index.php\/wp-json\/wp\/v2\/posts\/17906\/revisions\/17910"}],"wp:featuredmedia":[{"embeddable":true,"href":"https:\/\/www.jornalcontato.com.br\/home\/index.php\/wp-json\/wp\/v2\/media\/17907"}],"wp:attachment":[{"href":"https:\/\/www.jornalcontato.com.br\/home\/index.php\/wp-json\/wp\/v2\/media?parent=17906"}],"wp:term":[{"taxonomy":"category","embeddable":true,"href":"https:\/\/www.jornalcontato.com.br\/home\/index.php\/wp-json\/wp\/v2\/categories?post=17906"},{"taxonomy":"post_tag","embeddable":true,"href":"https:\/\/www.jornalcontato.com.br\/home\/index.php\/wp-json\/wp\/v2\/tags?post=17906"}],"curies":[{"name":"wp","href":"https:\/\/api.w.org\/{rel}","templated":true}]}}