{"id":17901,"date":"2020-05-16T12:52:41","date_gmt":"2020-05-16T15:52:41","guid":{"rendered":"http:\/\/www.jornalcontato.com.br\/home\/?p=17901"},"modified":"2020-05-16T12:52:41","modified_gmt":"2020-05-16T15:52:41","slug":"o-dia-depois-daniel-aarao-reis","status":"publish","type":"post","link":"https:\/\/www.jornalcontato.com.br\/home\/index.php\/o-dia-depois-daniel-aarao-reis\/","title":{"rendered":"O dia depois (Daniel Aar\u00e3o Reis)"},"content":{"rendered":"<p style=\"text-align: center;\"><em><strong>Yuva Noah Harari: \u201ctecnologias imaturas e perigosas est\u00e3o sendo utilizadas\u201d<\/strong><\/em><\/p>\n<p style=\"text-align: center;\"><strong><em>Enquanto pesquisadores tentam encontrar vacina, bancos e investidores j\u00e1 t\u00eam a sua, gra\u00e7as \u00e0 interven\u00e7\u00e3o de bancos centrais<\/em><\/strong><\/p>\n<p>Como ser\u00e1 o dia depois da pandemia?<\/p>\n<p>H\u00e1 opini\u00f5es positivas: Michel Maffesoli, soci\u00f3logo, fala do reencantamento do mundo. Artistas anunciam dias melhores. Mais preocupa\u00e7\u00e3o com a sa\u00fade, a ecologia, a organiza\u00e7\u00e3o das cidades. E tamb\u00e9m reconhecimento do papel do Estado na regula\u00e7\u00e3o dos mercados e, sobretudo, na organiza\u00e7\u00e3o dos servi\u00e7os p\u00fablicos essenciais \u2014sa\u00fade, educa\u00e7\u00e3o e seguran\u00e7a, em contraste com a degrada\u00e7\u00e3o progressiva, evidenciada no combate ao maldito v\u00edrus, mesmo em sociedades opulentas, como os EUA. Pesquisa realizada na Fran\u00e7a aponta para a expectativa de um mundo mais solid\u00e1rio, s\u00f3brio, democr\u00e1tico, preocupado com o meio ambiente.<\/p>\n<p>S\u00e3o perspectivas construtivas, animadoras, vi\u00e1veis. Em tese. Se forem enfrentadas e neutralizadas outras tend\u00eancias, amea\u00e7adoras.<\/p>\n<p><a href=\"http:\/\/jornalcontato.com.br\/home\/wp-content\/uploads\/2020\/05\/Michel-Maffesoli.jpg\"><img loading=\"lazy\" decoding=\"async\" class=\"aligncenter size-large wp-image-17902\" src=\"http:\/\/jornalcontato.com.br\/home\/wp-content\/uploads\/2020\/05\/Michel-Maffesoli-322x450.jpg\" alt=\"Michel Maffesoli\" width=\"322\" height=\"450\" srcset=\"https:\/\/jornalcontato.com.br\/home\/wp-content\/uploads\/2020\/05\/Michel-Maffesoli-322x450.jpg 322w, https:\/\/jornalcontato.com.br\/home\/wp-content\/uploads\/2020\/05\/Michel-Maffesoli-214x300.jpg 214w, https:\/\/jornalcontato.com.br\/home\/wp-content\/uploads\/2020\/05\/Michel-Maffesoli.jpg 549w\" sizes=\"auto, (max-width: 322px) 100vw, 322px\" \/><\/a><\/p>\n<p style=\"text-align: center;\"><em><strong>Michel Maffesoli, otimista, fala do reencantamento do mundo<\/strong><\/em><\/p>\n<p>Uma delas \u00e9 o assustador crescimento da concentra\u00e7\u00e3o da renda e das desigualdades sociais. Como demonstrou Thomas Piketty, um processo de d\u00e9cadas. Aprofundado com a crise de 2008. Ganha velocidade no curso da pandemia atual e, se as coisas continuarem assim, a situa\u00e7\u00e3o pode piorar. St\u00e9phane Lauer, em recente artigo, apontou para uma economia em crise face a s\u00f3lidos mercados financeiros. Milh\u00f5es de desempregados, dezenas de milhares de mortos, parentes, amigos e entes queridos angustiados e enlutados, empresas em dificuldades, \u00e0 beira da fal\u00eancia. Entretanto, as bolsas de valores v\u00e3o bem, obrigado. O \u00edndice Dow Jones est\u00e1 25% superior ao que era h\u00e1 alguns anos. Os lucros das grandes empresas suscitam euforia. A especula\u00e7\u00e3o com t\u00edtulos e moedas corre livre e sem freios.<\/p>\n<p>\u00c9 razo\u00e1vel? N\u00e3o, n\u00e3o \u00e9 razo\u00e1vel.<\/p>\n<p>Enquanto pesquisadores tentam encontrar uma vacina, os bancos e os investidores j\u00e1 t\u00eam a sua, gra\u00e7as \u00e0 interven\u00e7\u00e3o dos principais bancos centrais. A receita formulada para combater a crise de 2008 \u00e9 adotada mais uma vez. Produzir\u00e1 os mesmos resultados: os ricos ficar\u00e3o mais ricos. Os poderosos, mais fortes. Thomas Philippon, da New York University, registrou que apenas cinco empresas \u2014 Google, Apple, Facebook, Amazon e Microsoft \u2014 detinham, em 2019, 20% da riqueza acumulada pelas maiores 500 empresas norte-americanas. S\u00e3o elas as que mais crescem no curso da pandemia.<\/p>\n<p>Ao mesmo tempo, multiplicam-se as amea\u00e7as \u00e0s liberdades e \u00e0 democracia. Na China e em outros pa\u00edses, aperfei\u00e7oam-se softwares, disseminam-se c\u00e2meras para monitorar cidad\u00e3os atrav\u00e9s do reconhecimento facial. Adverte Noah Harari: \u201ctecnologias imaturas e perigosas est\u00e3o sendo utilizadas\u201d. Os governos ampliam poderes \u201cespeciais\u201d de controlar, investigar, perseguir, multar e p\u00f4r na cadeia. Operadoras telef\u00f4nicas informam sobre a circula\u00e7\u00e3o e compartilham dados de geolocaliza\u00e7\u00e3o. Cidad\u00e3os s\u00e3o estimulados a delatar comportamentos \u201cimpr\u00f3prios\u201d. Houve lugares em que se cogitou autorizar a pol\u00edcia a entrar em domic\u00edlios privados, sem autoriza\u00e7\u00e3o judicial, para saber se os residentes estariam contaminados. Aconteceu na id\u00edlica Dinamarca, mas a \u201cmedida\u201d n\u00e3o chegou a ser autorizada.<\/p>\n<p><a href=\"http:\/\/jornalcontato.com.br\/home\/wp-content\/uploads\/2020\/05\/Thomas-Piketty.jpg\"><img loading=\"lazy\" decoding=\"async\" class=\"aligncenter size-large wp-image-17903\" src=\"http:\/\/jornalcontato.com.br\/home\/wp-content\/uploads\/2020\/05\/Thomas-Piketty-450x276.jpg\" alt=\"Thomas Piketty\" width=\"450\" height=\"276\" srcset=\"https:\/\/jornalcontato.com.br\/home\/wp-content\/uploads\/2020\/05\/Thomas-Piketty-450x276.jpg 450w, https:\/\/jornalcontato.com.br\/home\/wp-content\/uploads\/2020\/05\/Thomas-Piketty-300x184.jpg 300w, https:\/\/jornalcontato.com.br\/home\/wp-content\/uploads\/2020\/05\/Thomas-Piketty.jpg 658w\" sizes=\"auto, (max-width: 450px) 100vw, 450px\" \/><\/a><\/p>\n<p style=\"text-align: center;\"><em><strong>Para Piketty,\u00a0pandemia atual e, se as coisas continuarem assim, a situa\u00e7\u00e3o pode piorar<\/strong><\/em><\/p>\n<p>Nestes horizontes sombrios, contudo, h\u00e1 luzes piscando.<\/p>\n<p>Na Holanda, 170 intelectuais assinaram um manifesto propondo caminhos a serem considerados no futuro imediato: questionar a economia obcecada com o crescimento do PIB, selecionar o que deve ou n\u00e3o crescer, segundo as necessidades das pessoas; redistribuir a riqueza; transformar a agricultura, valorizando a biodiversidade e a produ\u00e7\u00e3o local; reduzir o consumo e as viagens; congelar as d\u00edvidas de trabalhadores, pequenos empres\u00e1rios e pa\u00edses mais pobres. O italiano Franco Berardi, o Bifo, prop\u00f5e meditar sobre uma sociedade livre da compuls\u00e3o da acumula\u00e7\u00e3o e do crescimento econ\u00f4mico: \u201cprecisamos de comida, afeto e prazer, ternura, solidariedade e frugalidade\u201d. Revalorizar o \u00fatil, o valor de uso em contraposi\u00e7\u00e3o \u00e0 abstra\u00e7\u00e3o do valor de troca imposto pela din\u00e2mica de um sistema capitalista predador.<\/p>\n<p>Para depois da pandemia, \u00e0 espera das que vir\u00e3o, Bifo e os holandeses sugerem sendas. N\u00e3o ser\u00e1 f\u00e1cil tom\u00e1-las. Se tomadas, por\u00e9m, mais do que salvar vidas, poder\u00e3o tornar a vida melhor.<\/p>\n","protected":false},"excerpt":{"rendered":"<p>Yuva Noah Harari: \u201ctecnologias imaturas e perigosas est\u00e3o sendo utilizadas\u201d Enquanto pesquisadores tentam encontrar vacina, bancos e investidores j\u00e1 t\u00eam a sua, gra\u00e7as \u00e0 interven\u00e7\u00e3o &#8230;<\/p>\n","protected":false},"author":1,"featured_media":17904,"comment_status":"open","ping_status":"open","sticky":false,"template":"","format":"standard","meta":{"footnotes":""},"categories":[1],"tags":[],"class_list":["post-17901","post","type-post","status-publish","format-standard","has-post-thumbnail","hentry","category-nacional"],"_links":{"self":[{"href":"https:\/\/www.jornalcontato.com.br\/home\/index.php\/wp-json\/wp\/v2\/posts\/17901","targetHints":{"allow":["GET"]}}],"collection":[{"href":"https:\/\/www.jornalcontato.com.br\/home\/index.php\/wp-json\/wp\/v2\/posts"}],"about":[{"href":"https:\/\/www.jornalcontato.com.br\/home\/index.php\/wp-json\/wp\/v2\/types\/post"}],"author":[{"embeddable":true,"href":"https:\/\/www.jornalcontato.com.br\/home\/index.php\/wp-json\/wp\/v2\/users\/1"}],"replies":[{"embeddable":true,"href":"https:\/\/www.jornalcontato.com.br\/home\/index.php\/wp-json\/wp\/v2\/comments?post=17901"}],"version-history":[{"count":1,"href":"https:\/\/www.jornalcontato.com.br\/home\/index.php\/wp-json\/wp\/v2\/posts\/17901\/revisions"}],"predecessor-version":[{"id":17905,"href":"https:\/\/www.jornalcontato.com.br\/home\/index.php\/wp-json\/wp\/v2\/posts\/17901\/revisions\/17905"}],"wp:featuredmedia":[{"embeddable":true,"href":"https:\/\/www.jornalcontato.com.br\/home\/index.php\/wp-json\/wp\/v2\/media\/17904"}],"wp:attachment":[{"href":"https:\/\/www.jornalcontato.com.br\/home\/index.php\/wp-json\/wp\/v2\/media?parent=17901"}],"wp:term":[{"taxonomy":"category","embeddable":true,"href":"https:\/\/www.jornalcontato.com.br\/home\/index.php\/wp-json\/wp\/v2\/categories?post=17901"},{"taxonomy":"post_tag","embeddable":true,"href":"https:\/\/www.jornalcontato.com.br\/home\/index.php\/wp-json\/wp\/v2\/tags?post=17901"}],"curies":[{"name":"wp","href":"https:\/\/api.w.org\/{rel}","templated":true}]}}