{"id":17878,"date":"2020-05-09T14:07:11","date_gmt":"2020-05-09T17:07:11","guid":{"rendered":"http:\/\/www.jornalcontato.com.br\/home\/?p=17878"},"modified":"2020-05-09T14:07:11","modified_gmt":"2020-05-09T17:07:11","slug":"entrevista-mostrou-o-lado-mais-obscuro-de-regina-duarte-ascanio-seleme","status":"publish","type":"post","link":"https:\/\/www.jornalcontato.com.br\/home\/index.php\/entrevista-mostrou-o-lado-mais-obscuro-de-regina-duarte-ascanio-seleme\/","title":{"rendered":"Entrevista mostrou o lado mais obscuro de Regina Duarte (Asc\u00e2nio Seleme)"},"content":{"rendered":"<p>Quando Regina Duarte foi anunciada como substituta do nazista demitido da Secretaria de Cultura h\u00e1 dois meses, muitos se equivocaram (este colunista inclusive) acreditando que o setor ganharia com sua nomea\u00e7\u00e3o. Afinal, era uma atriz com meio s\u00e9culo de experi\u00eancia e que conhecia muito bem a cultura nacional, suas necessidades e precariedades. O fato de ser aliada de primeira hora de Jair Bolsonaro fazia parte do jogo, n\u00e3o se podia esperar que o presidente chamasse Chico Buarque para o posto. Foi um engano terr\u00edvel.<\/p>\n<p>A entrevista que Regina concedeu aos rep\u00f3rteres Daniel Adjuto, Daniela Lima e Reinaldo Gottino, da CNN, mostrou o lado mais obscuro da atriz, a sua frieza e insensibilidade, o car\u00e1ter t\u00e3o deformado quanto o do seu antecessor Roberto Alvim. Debochada, a secret\u00e1ria zombou da morte, da tortura, fazendo uma dancinha pat\u00e9tica na cadeira enquanto cantarolava \u201cPra Frente Brasil\u201d, m\u00fasica-hino da sele\u00e7\u00e3o brasileira de 1970 mas que tamb\u00e9m serviu como propaganda do governo do general Em\u00edlio M\u00e9dici, o mais brutal do ciclo militar que durou 21 anos.<\/p>\n<p><a href=\"http:\/\/jornalcontato.com.br\/home\/wp-content\/uploads\/2020\/05\/Entrevista-1.jpg\"><img loading=\"lazy\" decoding=\"async\" class=\"aligncenter size-large wp-image-17879\" src=\"http:\/\/jornalcontato.com.br\/home\/wp-content\/uploads\/2020\/05\/Entrevista-1-450x234.jpg\" alt=\"Entrevista 1\" width=\"450\" height=\"234\" srcset=\"https:\/\/jornalcontato.com.br\/home\/wp-content\/uploads\/2020\/05\/Entrevista-1-450x234.jpg 450w, https:\/\/jornalcontato.com.br\/home\/wp-content\/uploads\/2020\/05\/Entrevista-1-300x156.jpg 300w, https:\/\/jornalcontato.com.br\/home\/wp-content\/uploads\/2020\/05\/Entrevista-1-768x400.jpg 768w, https:\/\/jornalcontato.com.br\/home\/wp-content\/uploads\/2020\/05\/Entrevista-1.jpg 957w\" sizes=\"auto, (max-width: 450px) 100vw, 450px\" \/><\/a><\/p>\n<p style=\"text-align: center;\">\u00a0<em><strong>Rep\u00f3rteres Daniel Adjuto, Daniela Lima e Reinaldo Gottino, da CNN<\/strong><\/em><\/p>\n<p>Somente uma pessoa gelada pode tratar de tortura e assassinatos a mando do Estado como coisa natural. \u201cSempre houve tortura\u201d, disse Regina. \u201cNa humanidade, n\u00e3o para de morrer (gente)\u201d, acrescentou desavergonhadamente. E depois, rid\u00edcula, perguntou \u201cpor que que as pessoas ficam oh, oh, oh (diante da morte), por que?\u201d. A atriz n\u00e3o difere em nada dos trogloditas que avan\u00e7am sobre enfermeiras, que agridem jornalistas, que carregam faixas pregando a volta do AI-5, a interven\u00e7\u00e3o militar ou o fechamento de Supremo e Congresso.<\/p>\n<p>Regina tamb\u00e9m protagonizou um epis\u00f3dio de incoer\u00eancia expl\u00edcita, atributo muito comum entre os radicais do bolsonarismo. Ao iniciar sua entrevista, disse que falava \u00e0 CNN porque adora \u201cessa ideia de dois lados\u201d. A atriz quis sugerir que os demais ve\u00edculos n\u00e3o d\u00e3o os dois lados de uma hist\u00f3ria. Bobagem. O importante foi o que se viu mais adiante, quando a secret\u00e1ria produziu um faniquito ao vivo porque a emissora colocou um v\u00eddeo com Mait\u00ea Proen\u00e7a cobrando medidas da secret\u00e1ria de Cultura. Regina n\u00e3o quis ouvir o outro lado e chegou a tirar o fone de ouvido que usava.<\/p>\n<p><a href=\"http:\/\/jornalcontato.com.br\/home\/wp-content\/uploads\/2020\/05\/Regina-e-Maite.jpg\"><img loading=\"lazy\" decoding=\"async\" class=\"aligncenter size-large wp-image-17880\" src=\"http:\/\/jornalcontato.com.br\/home\/wp-content\/uploads\/2020\/05\/Regina-e-Maite-450x282.jpg\" alt=\"Regina e Maite\" width=\"450\" height=\"282\" srcset=\"https:\/\/jornalcontato.com.br\/home\/wp-content\/uploads\/2020\/05\/Regina-e-Maite-450x282.jpg 450w, https:\/\/jornalcontato.com.br\/home\/wp-content\/uploads\/2020\/05\/Regina-e-Maite-300x188.jpg 300w, https:\/\/jornalcontato.com.br\/home\/wp-content\/uploads\/2020\/05\/Regina-e-Maite.jpg 652w\" sizes=\"auto, (max-width: 450px) 100vw, 450px\" \/><\/a><\/p>\n<p style=\"text-align: center;\"><em><strong>Regina Duarte n\u00e3o quis ouvir a amiga Mait\u00ea Proen\u00e7a que a\u00a0 defendeu h\u00e1 dois meses<\/strong><\/em><\/p>\n<p>N\u00e3o preciso repetir aqui a confus\u00e3o produzida ao vivo pela atriz ao perceber que um VT de Mait\u00ea estava entrando no ar para question\u00e1-la. Mas \u00e9 necess\u00e1rio lembrar um ponto pelo menos. Ao retirar o fone para n\u00e3o ouvir a colega de profiss\u00e3o, Regina cobrou dos jornalistas por terem colocado um contradit\u00f3rio na entrevista que ela imaginou ser propriedade sua. \u201cPra qu\u00ea desenterrar uma mensagem da Mait\u00ea? Quem \u00e9 voc\u00ea?\u201d, perguntou a secret\u00e1ria para Daniela Lima, estufada de autoridade e claramente irada porque a emissora apresentou o que antes ela disse adorar, o outro lado.<\/p>\n<p>Ontem, menos de 24 horas depois de a entrevista ir ao ar, os rob\u00f4s do bolsonarismo come\u00e7aram a torpedear Mait\u00ea e a CNN nas redes sociais. A emissora que entrou no ar h\u00e1 menos de dois meses passou a ser atacada pelos mesmos energ\u00famenos habituais. Aqueles que confundem jornalismo com propaganda, os que s\u00f3 querem ler, ver e ouvir boas hist\u00f3rias. As ofensas foram as de sempre, mudando apenas o seu objeto. \u201cImprensa canalha, jornalismo comunista, CNN Lixo\u201d. Bem-vinda ao clube.<\/p>\n","protected":false},"excerpt":{"rendered":"<p>Quando Regina Duarte foi anunciada como substituta do nazista demitido da Secretaria de Cultura h\u00e1 dois meses, muitos se equivocaram (este colunista inclusive) acreditando que &#8230;<\/p>\n","protected":false},"author":1,"featured_media":17881,"comment_status":"open","ping_status":"open","sticky":false,"template":"","format":"standard","meta":{"footnotes":""},"categories":[1],"tags":[],"class_list":["post-17878","post","type-post","status-publish","format-standard","has-post-thumbnail","hentry","category-nacional"],"_links":{"self":[{"href":"https:\/\/www.jornalcontato.com.br\/home\/index.php\/wp-json\/wp\/v2\/posts\/17878","targetHints":{"allow":["GET"]}}],"collection":[{"href":"https:\/\/www.jornalcontato.com.br\/home\/index.php\/wp-json\/wp\/v2\/posts"}],"about":[{"href":"https:\/\/www.jornalcontato.com.br\/home\/index.php\/wp-json\/wp\/v2\/types\/post"}],"author":[{"embeddable":true,"href":"https:\/\/www.jornalcontato.com.br\/home\/index.php\/wp-json\/wp\/v2\/users\/1"}],"replies":[{"embeddable":true,"href":"https:\/\/www.jornalcontato.com.br\/home\/index.php\/wp-json\/wp\/v2\/comments?post=17878"}],"version-history":[{"count":1,"href":"https:\/\/www.jornalcontato.com.br\/home\/index.php\/wp-json\/wp\/v2\/posts\/17878\/revisions"}],"predecessor-version":[{"id":17882,"href":"https:\/\/www.jornalcontato.com.br\/home\/index.php\/wp-json\/wp\/v2\/posts\/17878\/revisions\/17882"}],"wp:featuredmedia":[{"embeddable":true,"href":"https:\/\/www.jornalcontato.com.br\/home\/index.php\/wp-json\/wp\/v2\/media\/17881"}],"wp:attachment":[{"href":"https:\/\/www.jornalcontato.com.br\/home\/index.php\/wp-json\/wp\/v2\/media?parent=17878"}],"wp:term":[{"taxonomy":"category","embeddable":true,"href":"https:\/\/www.jornalcontato.com.br\/home\/index.php\/wp-json\/wp\/v2\/categories?post=17878"},{"taxonomy":"post_tag","embeddable":true,"href":"https:\/\/www.jornalcontato.com.br\/home\/index.php\/wp-json\/wp\/v2\/tags?post=17878"}],"curies":[{"name":"wp","href":"https:\/\/api.w.org\/{rel}","templated":true}]}}