{"id":17871,"date":"2020-05-07T15:00:36","date_gmt":"2020-05-07T18:00:36","guid":{"rendered":"http:\/\/www.jornalcontato.com.br\/home\/?p=17871"},"modified":"2020-05-07T15:00:36","modified_gmt":"2020-05-07T18:00:36","slug":"aldir-e-a-sombrinha-fernando-verissimo","status":"publish","type":"post","link":"https:\/\/www.jornalcontato.com.br\/home\/index.php\/aldir-e-a-sombrinha-fernando-verissimo\/","title":{"rendered":"Aldir e a sombrinha (Fernando Ver\u00edssimo)"},"content":{"rendered":"<p style=\"text-align: center;\"><em><strong>Cuidado, n\u00e3o deixe a sombrinha cair<\/strong><\/em><\/p>\n<p>O Jaguar sabia da nossa admira\u00e7\u00e3o por ele e organizou uma excurs\u00e3o \u00e0 Zona Norte. Objetivo: conhecer o Aldir Blanc. Ele nos recebeu em sua casa, na Rua Garibaldi, Tijuca. Me lembro que uma das pe\u00e7as da casa era ocupada por uma mesa de sinuca profissional, o que me pareceu adequado, assim como a sua barba de profeta. Aldir era um lac\u00f4nico not\u00f3rio, e como eu n\u00e3o sou de falar muito, o Jaguar tinha previsto que nosso encontro seria uma troca de sil\u00eancios.<\/p>\n<p>N\u00e3o foi, conversamos. Fomos conversando no caminho da casa ao Bar da Dona Maria, na esquina, onde nos esperavam past\u00e9is de bacalhau inesquec\u00edveis e o compositor Moacyr Luz, parceiro do Aldir em muitas m\u00fasicas, com seu viol\u00e3o. A noite acabou na Casa da M\u00e3e Joana, que eu n\u00e3o sei se ainda existe, com show do Walter Alfaiate e canja do Aldir no tamborim, igualmente inesquec\u00edveis. O grande letrista, grande cronista e grande cara tamb\u00e9m era bom no tamborim!<\/p>\n<p>Aldir Blanc e Jo\u00e3o Bosco escreveram a m\u00fasica tema da rea\u00e7\u00e3o \u00e0 ditadura que, segundo o Bolsonaro, nunca existiu, e da campanha pelas elei\u00e7\u00f5es diretas e a redemocratiza\u00e7\u00e3o do pa\u00eds. \u201c<em>O b\u00eabado e a equilibrista<\/em>\u201d fala da volta sonhada do ex\u00edlio do irm\u00e3o do Henfil e da dor das vi\u00favas de v\u00edtimas da repress\u00e3o, como a companheira do jornalista Vladimir Herzog, assassinado pelo regime militar. Quem hoje carrega faixas pedindo outra interven\u00e7\u00e3o militar como a de 64 n\u00e3o sabe como foi, sabe mas n\u00e3o se importa ou sabe e aprova com entusiasmo.<\/p>\n<p><a href=\"http:\/\/jornalcontato.com.br\/home\/wp-content\/uploads\/2020\/05\/Joao-Bosco-e-Aldir-Blanc.jpg\"><img loading=\"lazy\" decoding=\"async\" class=\"aligncenter size-large wp-image-17872\" src=\"http:\/\/jornalcontato.com.br\/home\/wp-content\/uploads\/2020\/05\/Joao-Bosco-e-Aldir-Blanc-450x270.jpg\" alt=\"Joao Bosco e Aldir Blanc\" width=\"450\" height=\"270\" srcset=\"https:\/\/jornalcontato.com.br\/home\/wp-content\/uploads\/2020\/05\/Joao-Bosco-e-Aldir-Blanc-450x270.jpg 450w, https:\/\/jornalcontato.com.br\/home\/wp-content\/uploads\/2020\/05\/Joao-Bosco-e-Aldir-Blanc-300x180.jpg 300w, https:\/\/jornalcontato.com.br\/home\/wp-content\/uploads\/2020\/05\/Joao-Bosco-e-Aldir-Blanc-768x461.jpg 768w, https:\/\/jornalcontato.com.br\/home\/wp-content\/uploads\/2020\/05\/Joao-Bosco-e-Aldir-Blanc.jpg 1086w\" sizes=\"auto, (max-width: 450px) 100vw, 450px\" \/><\/a><\/p>\n<p style=\"text-align: center;\"><em><strong>Jo\u00e3o Bosco e Aldir Blanco, parceria que registrou a hist\u00f3ria do Brasil<\/strong><\/em><\/p>\n<p>O quase hino do Aldir e do Jo\u00e3o Bosco tamb\u00e9m falava da esperan\u00e7a que subsistia nos tempos negros, a \u201cesperan\u00e7a equilibrista\u201d que andava na corda bamba \u201cde sombrinha\u201d amea\u00e7ando cair. Quem poderia imaginar que depois de tudo o que passamos e padecemos, na certeza de que, acontecesse o que acontecesse, ditadura nunca mais, estar\u00edamos de novo carregando uma sombrinha metaf\u00f3rica numa corda bamboleante, sem saber o que nos espera no pr\u00f3ximo passo?<\/p>\n<p>Os generais de fatiota que hoje ocupam o governo nos asseguram que n\u00e3o vem golpe. N\u00e3o vem porque j\u00e1 veio, e nem precisaram de tanques na rua. Entraram no poder pela porta principal, atendendo a convites.<\/p>\n<p>De qualquer maneira, n\u00e3o solte essa sombrinha.<\/p>\n","protected":false},"excerpt":{"rendered":"<p>Cuidado, n\u00e3o deixe a sombrinha cair O Jaguar sabia da nossa admira\u00e7\u00e3o por ele e organizou uma excurs\u00e3o \u00e0 Zona Norte. Objetivo: conhecer o Aldir &#8230;<\/p>\n","protected":false},"author":1,"featured_media":17873,"comment_status":"open","ping_status":"open","sticky":false,"template":"","format":"standard","meta":{"footnotes":""},"categories":[1],"tags":[],"class_list":["post-17871","post","type-post","status-publish","format-standard","has-post-thumbnail","hentry","category-nacional"],"_links":{"self":[{"href":"https:\/\/www.jornalcontato.com.br\/home\/index.php\/wp-json\/wp\/v2\/posts\/17871","targetHints":{"allow":["GET"]}}],"collection":[{"href":"https:\/\/www.jornalcontato.com.br\/home\/index.php\/wp-json\/wp\/v2\/posts"}],"about":[{"href":"https:\/\/www.jornalcontato.com.br\/home\/index.php\/wp-json\/wp\/v2\/types\/post"}],"author":[{"embeddable":true,"href":"https:\/\/www.jornalcontato.com.br\/home\/index.php\/wp-json\/wp\/v2\/users\/1"}],"replies":[{"embeddable":true,"href":"https:\/\/www.jornalcontato.com.br\/home\/index.php\/wp-json\/wp\/v2\/comments?post=17871"}],"version-history":[{"count":1,"href":"https:\/\/www.jornalcontato.com.br\/home\/index.php\/wp-json\/wp\/v2\/posts\/17871\/revisions"}],"predecessor-version":[{"id":17874,"href":"https:\/\/www.jornalcontato.com.br\/home\/index.php\/wp-json\/wp\/v2\/posts\/17871\/revisions\/17874"}],"wp:featuredmedia":[{"embeddable":true,"href":"https:\/\/www.jornalcontato.com.br\/home\/index.php\/wp-json\/wp\/v2\/media\/17873"}],"wp:attachment":[{"href":"https:\/\/www.jornalcontato.com.br\/home\/index.php\/wp-json\/wp\/v2\/media?parent=17871"}],"wp:term":[{"taxonomy":"category","embeddable":true,"href":"https:\/\/www.jornalcontato.com.br\/home\/index.php\/wp-json\/wp\/v2\/categories?post=17871"},{"taxonomy":"post_tag","embeddable":true,"href":"https:\/\/www.jornalcontato.com.br\/home\/index.php\/wp-json\/wp\/v2\/tags?post=17871"}],"curies":[{"name":"wp","href":"https:\/\/api.w.org\/{rel}","templated":true}]}}