{"id":17866,"date":"2020-05-06T19:38:35","date_gmt":"2020-05-06T22:38:35","guid":{"rendered":"http:\/\/www.jornalcontato.com.br\/home\/?p=17866"},"modified":"2020-05-06T19:39:07","modified_gmt":"2020-05-06T22:39:07","slug":"bolsonaro-incentiva-a-anarquia-militar-elio-gaspari","status":"publish","type":"post","link":"https:\/\/www.jornalcontato.com.br\/home\/index.php\/bolsonaro-incentiva-a-anarquia-militar-elio-gaspari\/","title":{"rendered":"Bolsonaro incentiva a anarquia militar (Elio Gaspari)"},"content":{"rendered":"<p style=\"text-align: center;\"><strong><em>O capit\u00e3o passou mais tempo no baixo clero da C\u00e2mara do que no Ex\u00e9rcito, onde conheceu melhor as sendas da indisciplina do que as normas da corpora\u00e7\u00e3o<\/em><\/strong><\/p>\n<p>Quando Jair Bolsonaro falou que \u201co povo est\u00e1 conosco. As For\u00e7as Armadas, ao lado da lei, da ordem, da democracia, da liberdade e da verdade, tamb\u00e9m est\u00e3o ao nosso lado\u201d, n\u00e3o disse coisa nenhuma. Foi apenas uma constru\u00e7\u00e3o astuciosa mas, como o capit\u00e3o n\u00e3o consegue parar, acrescentou: \u201cN\u00e3o tem mais conversa. Daqui para frente, n\u00e3o s\u00f3 exigiremos. Faremos cumprir a Constitui\u00e7\u00e3o. Ser\u00e1 cumprida a qualquer pre\u00e7o.\u201d Logo ele, que se julga \u201crealmente, a Constitui\u00e7\u00e3o\u201d e se referiu \u00e0s \u201cminhas For\u00e7as Armadas\u201d. Ganha um resfriadinho em Caracas quem n\u00e3o conseguir juntar l\u00e9 com cr\u00e9.<\/p>\n<p>Para quem vive uma pandemia com a marca dos dez mil mortos batendo \u00e0 porta e uma in\u00e9dita recess\u00e3o j\u00e1 instalada na economia, esse tipo de encrenca n\u00e3o era necess\u00e1ria.<\/p>\n<p>O capit\u00e3o passou mais tempo no baixo clero da C\u00e2mara do que no Ex\u00e9rcito, onde conheceu melhor as sendas da indisciplina do que as normas da corpora\u00e7\u00e3o. Nelas tamb\u00e9m n\u00e3o se enquadrava, por exemplo, o major e ex-deputado Curi\u00f3 do Araguaia. Levado ao Planalto por um sentimento antipetista, Bolsonaro flerta com a anarquia militar.<\/p>\n<p><a href=\"http:\/\/jornalcontato.com.br\/home\/wp-content\/uploads\/2020\/05\/Major-Curio.jpg\"><img loading=\"lazy\" decoding=\"async\" class=\"aligncenter size-large wp-image-17867\" src=\"http:\/\/jornalcontato.com.br\/home\/wp-content\/uploads\/2020\/05\/Major-Curio-450x254.jpg\" alt=\"Major Curio\" width=\"450\" height=\"254\" srcset=\"https:\/\/jornalcontato.com.br\/home\/wp-content\/uploads\/2020\/05\/Major-Curio-450x254.jpg 450w, https:\/\/jornalcontato.com.br\/home\/wp-content\/uploads\/2020\/05\/Major-Curio-300x169.jpg 300w, https:\/\/jornalcontato.com.br\/home\/wp-content\/uploads\/2020\/05\/Major-Curio-768x433.jpg 768w, https:\/\/jornalcontato.com.br\/home\/wp-content\/uploads\/2020\/05\/Major-Curio.jpg 900w\" sizes=\"auto, (max-width: 450px) 100vw, 450px\" \/><\/a><\/p>\n<p style=\"text-align: center;\"><em><strong>Embora condenado, major Curi\u00f3 foi recebido pelo presidente Bolsonaro na ter\u00e7a 05<\/strong><\/em><\/p>\n<p>Essa anarquia, resultante de divis\u00f5es dentro das For\u00e7as Armadas, se fez sentir na pol\u00edtica brasileira do s\u00e9culo passado, at\u00e9 que perdeu \u00edmpeto em 1977 e desapareceu com a redemocratiza\u00e7\u00e3o.<\/p>\n<p>Na crise que Bolsonaro incentiva misturam-se ingredientes t\u00f3xicos. O primeiro deles \u00e9 a influ\u00eancia de sua fam\u00edlia no governo.<\/p>\n<p>O que restava do prest\u00edgio militar do marechal Henrique Lott, poderoso ministro da Guerra de 1954 a 1959, esvaiu-se em 1962, quando sua filha Edna elegeu-se deputada estadual. Com tr\u00eas dos cinco presidentes-generais (Castello Branco, Em\u00edlio M\u00e9dici e Ernesto Geisel) a hist\u00f3ria foi outra, e seus familiares n\u00e3o se metiam no governo. Castello demitiu um irm\u00e3o porque aceitou um presente e n\u00e3o moveu um dedo quando a Marinha negou ao seu filho a promo\u00e7\u00e3o a almirante.<\/p>\n<p>O segundo ingrediente t\u00f3xico vem a ser o \u201cn\u00facleo militar\u201d formado no Planalto. \u00c9 composto por militares da reserva e por um general da ativa agregado. Governos que n\u00e3o tiveram essa bizarrice funcionaram: Jos\u00e9 Sarney, Fernando Henrique Cardoso e Lula. Os que a tiveram: Costa e Silva e, de certa forma, Figueiredo, deram-se mal. Fora da linha de comando s\u00f3 h\u00e1 a bagun\u00e7a.<\/p>\n<p>O terceiro ingrediente \u00e9 a simpatia de Bolsonaro pela opini\u00e3o de sargentos e suboficiais, somada ao expresso apoio dado a policiais militares amotinados. A ele se junta uma milit\u00e2ncia parruda e agressiva.<\/p>\n<p>Nos \u00faltimos 50 anos o Brasil teve dois tipos de chefes militares no Ex\u00e9rcito, aqueles de quem se sabia o nome e aqueles de quem n\u00e3o se sabia. Orlando Geisel e Le\u00f4nidas Pires Gon\u00e7alves estiveram no primeiro grupo. Um enquadrou os generais depois da anarquia de 1969, na crise da doen\u00e7a de Costa e Silva. O outro, comandou-os no governo Sarney, quando baixou o chanfalho no capit\u00e3o Bolsonaro. Depois, no segundo grupo, vieram dois chefes que comandaram a For\u00e7a por treze anos. Deles n\u00e3o se fala e eles tamb\u00e9m n\u00e3o falam. Quem cruzar com os generais Gleuber Vieira e Enzo Peri na rua, n\u00e3o saber\u00e1 quem s\u00e3o.<\/p>\n<p>A ambos aplica-se a li\u00e7\u00e3o que Ernesto Geisel deu a um paisano que lhe perguntou quem era um general que ele promoveu \u00e0 quarta estrela.<\/p>\n<p>\u201cUm grande oficial, e a prova disso \u00e9 que voc\u00ea n\u00e3o sabe quem \u00e9.\u201d<\/p>\n<p>Chamava-se Jorge de S\u00e1 Pinho.<\/p>\n","protected":false},"excerpt":{"rendered":"<p>O capit\u00e3o passou mais tempo no baixo clero da C\u00e2mara do que no Ex\u00e9rcito, onde conheceu melhor as sendas da indisciplina do que as normas &#8230;<\/p>\n","protected":false},"author":1,"featured_media":17868,"comment_status":"open","ping_status":"open","sticky":false,"template":"","format":"standard","meta":{"footnotes":""},"categories":[1],"tags":[],"class_list":["post-17866","post","type-post","status-publish","format-standard","has-post-thumbnail","hentry","category-nacional"],"_links":{"self":[{"href":"https:\/\/www.jornalcontato.com.br\/home\/index.php\/wp-json\/wp\/v2\/posts\/17866","targetHints":{"allow":["GET"]}}],"collection":[{"href":"https:\/\/www.jornalcontato.com.br\/home\/index.php\/wp-json\/wp\/v2\/posts"}],"about":[{"href":"https:\/\/www.jornalcontato.com.br\/home\/index.php\/wp-json\/wp\/v2\/types\/post"}],"author":[{"embeddable":true,"href":"https:\/\/www.jornalcontato.com.br\/home\/index.php\/wp-json\/wp\/v2\/users\/1"}],"replies":[{"embeddable":true,"href":"https:\/\/www.jornalcontato.com.br\/home\/index.php\/wp-json\/wp\/v2\/comments?post=17866"}],"version-history":[{"count":2,"href":"https:\/\/www.jornalcontato.com.br\/home\/index.php\/wp-json\/wp\/v2\/posts\/17866\/revisions"}],"predecessor-version":[{"id":17870,"href":"https:\/\/www.jornalcontato.com.br\/home\/index.php\/wp-json\/wp\/v2\/posts\/17866\/revisions\/17870"}],"wp:featuredmedia":[{"embeddable":true,"href":"https:\/\/www.jornalcontato.com.br\/home\/index.php\/wp-json\/wp\/v2\/media\/17868"}],"wp:attachment":[{"href":"https:\/\/www.jornalcontato.com.br\/home\/index.php\/wp-json\/wp\/v2\/media?parent=17866"}],"wp:term":[{"taxonomy":"category","embeddable":true,"href":"https:\/\/www.jornalcontato.com.br\/home\/index.php\/wp-json\/wp\/v2\/categories?post=17866"},{"taxonomy":"post_tag","embeddable":true,"href":"https:\/\/www.jornalcontato.com.br\/home\/index.php\/wp-json\/wp\/v2\/tags?post=17866"}],"curies":[{"name":"wp","href":"https:\/\/api.w.org\/{rel}","templated":true}]}}