{"id":17815,"date":"2020-04-16T12:59:36","date_gmt":"2020-04-16T15:59:36","guid":{"rendered":"http:\/\/www.jornalcontato.com.br\/home\/?p=17815"},"modified":"2020-04-16T12:59:36","modified_gmt":"2020-04-16T15:59:36","slug":"o-espetaculo-da-demissao-bernardo-mello-franco","status":"publish","type":"post","link":"https:\/\/www.jornalcontato.com.br\/home\/index.php\/o-espetaculo-da-demissao-bernardo-mello-franco\/","title":{"rendered":"O espet\u00e1culo da demiss\u00e3o (Bernardo Mello Franco)"},"content":{"rendered":"<p style=\"text-align: center;\"><strong><em>O pa\u00eds assistiu a um espet\u00e1culo in\u00e9dito no pr\u00f3prio Pal\u00e1cio do Planalto<\/em><\/strong><\/p>\n<p style=\"text-align: center;\"><strong><em>Prestes a ser demitido em meio a uma pandemia, o ministro da Sa\u00fade foi ao Planalto e escancarou suas diverg\u00eancias com o presidente<\/em><\/strong><\/p>\n<p>Em Bras\u00edlia, uma demiss\u00e3o mal executada pode promover o demitido. Em 2008, Marina Silva fez da sa\u00edda do governo Lula uma queda para cima.<\/p>\n<p>Pressionada a afrouxar a pol\u00edtica ambiental, ela avisou que perderia o pesco\u00e7o, mas n\u00e3o perderia o ju\u00edzo. Antes de ser chutada, entregou o cargo e garantiu uma vaga na sucess\u00e3o presidencial.<\/p>\n<p>Luiz Henrique Mandetta n\u00e3o pediu para sair, mas tamb\u00e9m deixar\u00e1 o governo maior do que entrou. Torpedeado por Jair Bolsonaro, o ministro da Sa\u00fade se recusou a entregar a cabe\u00e7a numa bandeja. Preferiu denunciar a sabotagem e transferir ao presidente o \u00f4nus da degola.<\/p>\n<p>Ontem o pa\u00eds assistiu a cenas in\u00e9ditas. Prestes a ser descartado, o ministro resolveu escancarar as diverg\u00eancias com Bolsonaro. A demiss\u00e3o anunciada virou espet\u00e1culo midi\u00e1tico. Ele exp\u00f4s as raz\u00f5es da queda no Pal\u00e1cio do Planalto, com transmiss\u00e3o ao vivo na TV.<\/p>\n<p>Diante das c\u00e2meras, Mandetta afirmou que a press\u00e3o do chefe contra a pol\u00edtica de distanciamento social \u00e9 \u201cuma coisa p\u00fablica\u201d. \u201cEle claramente externa que quer outro tipo de posi\u00e7\u00e3o do Minist\u00e9rio da Sa\u00fade. Baseado em ci\u00eancia, eu tenho este caminho para oferecer. Fora desse caminho, tem que buscar alternativas\u201d, disse, sugerindo a pr\u00f3pria sa\u00edda.<\/p>\n<p><a href=\"http:\/\/jornalcontato.com.br\/home\/wp-content\/uploads\/2020\/04\/Bozo-e-Mandetta.jpg\"><img loading=\"lazy\" decoding=\"async\" class=\"aligncenter size-large wp-image-17816\" src=\"http:\/\/jornalcontato.com.br\/home\/wp-content\/uploads\/2020\/04\/Bozo-e-Mandetta-450x283.jpg\" alt=\"Bozo e Mandetta\" width=\"450\" height=\"283\" srcset=\"https:\/\/jornalcontato.com.br\/home\/wp-content\/uploads\/2020\/04\/Bozo-e-Mandetta-450x283.jpg 450w, https:\/\/jornalcontato.com.br\/home\/wp-content\/uploads\/2020\/04\/Bozo-e-Mandetta-300x189.jpg 300w, https:\/\/jornalcontato.com.br\/home\/wp-content\/uploads\/2020\/04\/Bozo-e-Mandetta-768x483.jpg 768w, https:\/\/jornalcontato.com.br\/home\/wp-content\/uploads\/2020\/04\/Bozo-e-Mandetta.jpg 1200w\" sizes=\"auto, (max-width: 450px) 100vw, 450px\" \/><\/a><\/p>\n<p style=\"text-align: center;\"><em><strong>Tempos que n\u00e3o voltam mais: troca de sorrisos sob o olhar do vice-presidente<\/strong><\/em><\/p>\n<p>O ministro foi claro: quem combate o isolamento joga a favor da doen\u00e7a e ajuda a disseminar o coronav\u00edrus. Com isso, colabora para aumentar o n\u00famero de v\u00edtimas. \u201cRio e S\u00e3o Paulo s\u00e3o duas cidades que relaxaram. V\u00e3o pagar o pre\u00e7o\u201d, avisou.<\/p>\n<p>Sem nada a perder, Mandetta aproveitou para estocar alguns de seus algozes. \u201cN\u00f3s n\u00e3o somos astr\u00f3logos, n\u00e3o fazemos previs\u00f5es\u201d, provocou, numa alus\u00e3o ao guru bolsonarista Olavo de Carvalho. Em outro momento, ele debochou das teses do deputado Osmar Terra, que rasteja para ocupar sua cadeira.<\/p>\n<p>Para definir Bolsonaro, o ministro preferiu o discurso indireto. Numa frase ensaiada para os telejornais, ele disse que milita em defesa \u201cda vida, do SUS e da ci\u00eancia\u201d. Ao riscar a linha que divide o campo, deixou claro que o presidente joga no lado oposto.<\/p>\n","protected":false},"excerpt":{"rendered":"<p>O pa\u00eds assistiu a um espet\u00e1culo in\u00e9dito no pr\u00f3prio Pal\u00e1cio do Planalto Prestes a ser demitido em meio a uma pandemia, o ministro da Sa\u00fade &#8230;<\/p>\n","protected":false},"author":1,"featured_media":17817,"comment_status":"open","ping_status":"open","sticky":false,"template":"","format":"standard","meta":{"footnotes":""},"categories":[1],"tags":[],"class_list":["post-17815","post","type-post","status-publish","format-standard","has-post-thumbnail","hentry","category-nacional"],"_links":{"self":[{"href":"https:\/\/www.jornalcontato.com.br\/home\/index.php\/wp-json\/wp\/v2\/posts\/17815","targetHints":{"allow":["GET"]}}],"collection":[{"href":"https:\/\/www.jornalcontato.com.br\/home\/index.php\/wp-json\/wp\/v2\/posts"}],"about":[{"href":"https:\/\/www.jornalcontato.com.br\/home\/index.php\/wp-json\/wp\/v2\/types\/post"}],"author":[{"embeddable":true,"href":"https:\/\/www.jornalcontato.com.br\/home\/index.php\/wp-json\/wp\/v2\/users\/1"}],"replies":[{"embeddable":true,"href":"https:\/\/www.jornalcontato.com.br\/home\/index.php\/wp-json\/wp\/v2\/comments?post=17815"}],"version-history":[{"count":1,"href":"https:\/\/www.jornalcontato.com.br\/home\/index.php\/wp-json\/wp\/v2\/posts\/17815\/revisions"}],"predecessor-version":[{"id":17818,"href":"https:\/\/www.jornalcontato.com.br\/home\/index.php\/wp-json\/wp\/v2\/posts\/17815\/revisions\/17818"}],"wp:featuredmedia":[{"embeddable":true,"href":"https:\/\/www.jornalcontato.com.br\/home\/index.php\/wp-json\/wp\/v2\/media\/17817"}],"wp:attachment":[{"href":"https:\/\/www.jornalcontato.com.br\/home\/index.php\/wp-json\/wp\/v2\/media?parent=17815"}],"wp:term":[{"taxonomy":"category","embeddable":true,"href":"https:\/\/www.jornalcontato.com.br\/home\/index.php\/wp-json\/wp\/v2\/categories?post=17815"},{"taxonomy":"post_tag","embeddable":true,"href":"https:\/\/www.jornalcontato.com.br\/home\/index.php\/wp-json\/wp\/v2\/tags?post=17815"}],"curies":[{"name":"wp","href":"https:\/\/api.w.org\/{rel}","templated":true}]}}