{"id":17705,"date":"2020-03-21T20:12:58","date_gmt":"2020-03-21T23:12:58","guid":{"rendered":"http:\/\/www.jornalcontato.com.br\/home\/?p=17705"},"modified":"2020-03-21T20:12:58","modified_gmt":"2020-03-21T23:12:58","slug":"pandemia-premonicao-pedro-venceslau","status":"publish","type":"post","link":"https:\/\/www.jornalcontato.com.br\/home\/index.php\/pandemia-premonicao-pedro-venceslau\/","title":{"rendered":"Pandemia: premoni\u00e7\u00e3o? (Pedro Venceslau)"},"content":{"rendered":"<p>Uma das afirma\u00e7\u00f5es mais repetidas por m\u00e9dicos, virologistas e pesquisadores na s\u00e9rie Pandemia, que estreou na Netflix, em janeiro, \u00e9 sobre a inevitabilidade de uma pandemia. O document\u00e1rio chegou ao <em>streaming<\/em> com um <em>timing<\/em> assustador: praticamente no momento em que o coronav\u00edrus surgia na China e come\u00e7ava a assustar o mundo.<\/p>\n<p>Faltava ainda algum tempo para o mundo conhecer o corona, mas a s\u00e9rie j\u00e1 alertava que um v\u00edrus letal e devastador, como o da gripe espanhola, que deixou mais de 20 milh\u00f5es de mortos ao redor do mundo no in\u00edcio do s\u00e9culo 20, estava para surgir.<\/p>\n<p>A s\u00e9rie, que foi produzida ano passado, j\u00e1 alertava que uma come\u00e7aria na China e mataria centenas de milhares de pessoas. E mais: a maioria dos pa\u00edses n\u00e3o est\u00e1 preparado e investe pouco em medidas para lidar com essa amea\u00e7a global.<\/p>\n<p><a href=\"http:\/\/jornalcontato.com.br\/home\/wp-content\/uploads\/2020\/03\/wu-han.jpg\"><img loading=\"lazy\" decoding=\"async\" class=\"aligncenter size-large wp-image-17706\" src=\"http:\/\/jornalcontato.com.br\/home\/wp-content\/uploads\/2020\/03\/wu-han-450x300.jpg\" alt=\"wu-han\" width=\"450\" height=\"300\" srcset=\"https:\/\/jornalcontato.com.br\/home\/wp-content\/uploads\/2020\/03\/wu-han-450x300.jpg 450w, https:\/\/jornalcontato.com.br\/home\/wp-content\/uploads\/2020\/03\/wu-han-300x200.jpg 300w, https:\/\/jornalcontato.com.br\/home\/wp-content\/uploads\/2020\/03\/wu-han-768x511.jpg 768w, https:\/\/jornalcontato.com.br\/home\/wp-content\/uploads\/2020\/03\/wu-han.jpg 1008w\" sizes=\"auto, (max-width: 450px) 100vw, 450px\" \/><\/a><\/p>\n<p style=\"text-align: center;\"><em><strong>Atendimento num hospital de Wuhan, foco da crise chinesa<\/strong><\/em><\/p>\n<p>Os pesquisadores, em um dos epis\u00f3dios, dizem que precisam ir para a China em algum momento\u00a0 e alertam: temos que estar preparados. A s\u00e9rie Pandemia acompanha v\u00e1rios profissionais de sa\u00fade que est\u00e3o na linha de frente na luta contra as epidemias de gripe, especialmente as causadas pelo v\u00edrus H1N1, respons\u00e1vel pelo surto de influenza em 2009. Na \u00cdndia, um m\u00e9dico dedica a vida a pacientes de uma \u00e1rea rural com pouqu\u00edssimos recursos: o grande drama do profissional \u00e9 conseguir que os diagn\u00f3sticos sejam precoces, j\u00e1 que isso aumenta em muito as chances de cura.<\/p>\n<p>O document\u00e1rio viaja pela \u00cdndia, Egito, EUA, Congo e outros pa\u00edses, contextualizando epidemias como a Gripe Espanhola, Ebola e a Gripe Avi\u00e1ria, tudo pontuado pelo dia a dia de profissionais que trabalham no combate a surtos como o do Coronav\u00edrus.<\/p>\n<p>A s\u00e9rie tamb\u00e9m revela outro v\u00edrus perigoso:\u00a0 a desinforma\u00e7\u00e3o. No Congo, o discurso antivacina ganha for\u00e7a e provoca ataques a m\u00e9dicos e profissionais de sa\u00fade. Enquanto isso, os pesquisadores norte-americanos lutam contra o corte de verbas para pesquisas.<\/p>\n","protected":false},"excerpt":{"rendered":"<p>Uma das afirma\u00e7\u00f5es mais repetidas por m\u00e9dicos, virologistas e pesquisadores na s\u00e9rie Pandemia, que estreou na Netflix, em janeiro, \u00e9 sobre a inevitabilidade de uma &#8230;<\/p>\n","protected":false},"author":1,"featured_media":17707,"comment_status":"open","ping_status":"open","sticky":false,"template":"","format":"standard","meta":{"footnotes":""},"categories":[1],"tags":[],"class_list":["post-17705","post","type-post","status-publish","format-standard","has-post-thumbnail","hentry","category-nacional"],"_links":{"self":[{"href":"https:\/\/www.jornalcontato.com.br\/home\/index.php\/wp-json\/wp\/v2\/posts\/17705","targetHints":{"allow":["GET"]}}],"collection":[{"href":"https:\/\/www.jornalcontato.com.br\/home\/index.php\/wp-json\/wp\/v2\/posts"}],"about":[{"href":"https:\/\/www.jornalcontato.com.br\/home\/index.php\/wp-json\/wp\/v2\/types\/post"}],"author":[{"embeddable":true,"href":"https:\/\/www.jornalcontato.com.br\/home\/index.php\/wp-json\/wp\/v2\/users\/1"}],"replies":[{"embeddable":true,"href":"https:\/\/www.jornalcontato.com.br\/home\/index.php\/wp-json\/wp\/v2\/comments?post=17705"}],"version-history":[{"count":1,"href":"https:\/\/www.jornalcontato.com.br\/home\/index.php\/wp-json\/wp\/v2\/posts\/17705\/revisions"}],"predecessor-version":[{"id":17708,"href":"https:\/\/www.jornalcontato.com.br\/home\/index.php\/wp-json\/wp\/v2\/posts\/17705\/revisions\/17708"}],"wp:featuredmedia":[{"embeddable":true,"href":"https:\/\/www.jornalcontato.com.br\/home\/index.php\/wp-json\/wp\/v2\/media\/17707"}],"wp:attachment":[{"href":"https:\/\/www.jornalcontato.com.br\/home\/index.php\/wp-json\/wp\/v2\/media?parent=17705"}],"wp:term":[{"taxonomy":"category","embeddable":true,"href":"https:\/\/www.jornalcontato.com.br\/home\/index.php\/wp-json\/wp\/v2\/categories?post=17705"},{"taxonomy":"post_tag","embeddable":true,"href":"https:\/\/www.jornalcontato.com.br\/home\/index.php\/wp-json\/wp\/v2\/tags?post=17705"}],"curies":[{"name":"wp","href":"https:\/\/api.w.org\/{rel}","templated":true}]}}