{"id":17677,"date":"2020-03-19T12:46:46","date_gmt":"2020-03-19T15:46:46","guid":{"rendered":"http:\/\/www.jornalcontato.com.br\/home\/?p=17677"},"modified":"2020-03-19T12:49:38","modified_gmt":"2020-03-19T15:49:38","slug":"bolsonaro-nao-sabe-de-nada-nem-controla-coisa-alguma-ascanio-leme-o-globo","status":"publish","type":"post","link":"https:\/\/www.jornalcontato.com.br\/home\/index.php\/bolsonaro-nao-sabe-de-nada-nem-controla-coisa-alguma-ascanio-leme-o-globo\/","title":{"rendered":"Bolsonaro n\u00e3o sabe de nada nem controla coisa alguma (Asc\u00e2nio Leme, O Globo)"},"content":{"rendered":"<p style=\"text-align: center;\"><em><strong>Presidente atrapalhado com a m\u00e1scara usada indevidamente<\/strong><\/em><\/p>\n<p>Pronto. Bolsonaro outra vez deu um passo atr\u00e1s, e l\u00e1 vamos n\u00f3s passar a m\u00e3o na sua cabe\u00e7a. A hist\u00f3ria se repete. Como um moleque bagunceiro que faz arte, depois carinha de beb\u00ea chor\u00e3o, e todos acham que ele realmente se arrependeu e ficam felizes porque o menino finalmente se emendou e agora vai ser um bom rapaz. Bobagem! Bolsonaro n\u00e3o se emenda.<\/p>\n<p>Primeiro ele convoca uma manifesta\u00e7\u00e3o contra o Supremo e o Congresso, depois volta atr\u00e1s e diz que n\u00e3o \u00e9 bem assim. Com o coronav\u00edrus na porta, faz pronunciamento dizendo que n\u00e3o \u00e9 hora de aglomera\u00e7\u00e3o. Depois, incontido e falso, vai \u00e0 manifesta\u00e7\u00e3o e se esbalda com os manifestantes. N\u00e3o bastasse o gesto pol\u00edtico, o menino travesso se agarra \u00e0 turba e, mais do que se submeter ao cont\u00e1gio, pode estar contaminando as pessoas, j\u00e1 que ele \u00e9 o risco. Dezessete dos seus mais pr\u00f3ximos assessores testaram positivo, at\u00e9 o bra\u00e7o-direito general Heleno.<\/p>\n<p><a href=\"http:\/\/jornalcontato.com.br\/home\/wp-content\/uploads\/2020\/03\/Bozo-em-Brasilia.jpg\"><img loading=\"lazy\" decoding=\"async\" class=\"aligncenter size-large wp-image-17675\" src=\"http:\/\/jornalcontato.com.br\/home\/wp-content\/uploads\/2020\/03\/Bozo-em-Brasilia-450x331.jpg\" alt=\"Bozo em Brasilia\" width=\"450\" height=\"331\" srcset=\"https:\/\/jornalcontato.com.br\/home\/wp-content\/uploads\/2020\/03\/Bozo-em-Brasilia-450x331.jpg 450w, https:\/\/jornalcontato.com.br\/home\/wp-content\/uploads\/2020\/03\/Bozo-em-Brasilia-300x221.jpg 300w, https:\/\/jornalcontato.com.br\/home\/wp-content\/uploads\/2020\/03\/Bozo-em-Brasilia-768x566.jpg 768w, https:\/\/jornalcontato.com.br\/home\/wp-content\/uploads\/2020\/03\/Bozo-em-Brasilia.jpg 1761w\" sizes=\"auto, (max-width: 450px) 100vw, 450px\" \/><\/a><\/p>\n<p style=\"text-align: center;\"><em><strong>Domingo, 15, Presidente participa de manifesta\u00e7\u00e3o contra STF e Legislativo<\/strong><\/em><\/p>\n<p>Mais adiante reclama da \u201chisteria\u201d que toma conta do pa\u00eds, ataca governadores por tomarem corretas medidas de controle e diz que isso atrapalha a economia, lamenta que vendedores de mate perder\u00e3o seu sustento com o cancelamento de jogos de futebol e se diz preocupado com flanelinhas porque ningu\u00e9m sai de casa. Todos condenam o comportamento absurdo do presidente, e ele volta atr\u00e1s. Mas depois faz um post dizendo que ele e a mulher v\u00e3o fazer uma festinha para comemorar seus anivers\u00e1rios que est\u00e3o chegando. \u00c9 um aloprado. Algu\u00e9m tem d\u00favida?<\/p>\n<p>Em seguida, por orienta\u00e7\u00e3o do Minist\u00e9rio da Economia, manda mensagem ao Congresso pedindo autoriza\u00e7\u00e3o para decretar estado de calamidade. Com o decreto, o governo pode remanejar despesas e fazer gastos n\u00e3o previstos sem infringir a Lei de Responsabilidade Fiscal. Medida vital num momento como este. Ah, que bom, o moleque se corrigiu, nem tudo est\u00e1 perdido. Ser\u00edamos tolos se acredit\u00e1ssemos em mais essa. O fato \u00e9 que ele n\u00e3o est\u00e1 mais no comando. Bolsonaro n\u00e3o importa. N\u00e3o deve ser levado a s\u00e9rio. Ele n\u00e3o conta.<\/p>\n<p>Somos condescendentes com ele porque, afinal, se trata do presidente. Foi eleito pelo voto para governar o pa\u00eds. S\u00f3 que n\u00e3o governa. Bolsonaro \u00e9 um irrespons\u00e1vel. Fica cada vez mais claro mesmo para os que o cercam e usufruem do poder que a ele foi concedido pelos eleitores. Ministros, secret\u00e1rios, assessores fora do c\u00edrculo infernal da fam\u00edlia n\u00e3o suportam mais nem ouvir a sua voz. Suas audi\u00eancias continuam acontecendo, mas muitos dos seus subordinados s\u00f3 v\u00e3o a ele quando s\u00e3o chamados, n\u00e3o pedem despacho.<\/p>\n<p>Bolsonaro \u00e9 um problem\u00e3o que precisa ser resolvido. E j\u00e1 est\u00e1 sendo, aos poucos. As medidas contra o v\u00edrus tomadas acertadamente pelos minist\u00e9rios da Sa\u00fade e da Economia ocorrem \u00e0 revelia do presidente, como o decreto de calamidade p\u00fablica. Ele n\u00e3o sabe de nada, n\u00e3o controla coisa alguma e n\u00e3o comanda ningu\u00e9m al\u00e9m da turma ideol\u00f3gica que o cerca, o contamina e por ele \u00e9 contaminada.<\/p>\n<p><a href=\"http:\/\/jornalcontato.com.br\/home\/wp-content\/uploads\/2020\/03\/Coletiva-imprensa.jpg\"><img loading=\"lazy\" decoding=\"async\" class=\"size-large wp-image-17678 aligncenter\" src=\"http:\/\/jornalcontato.com.br\/home\/wp-content\/uploads\/2020\/03\/Coletiva-imprensa-450x300.jpg\" alt=\"(Bras\u00edlia - DF, 18\/03\/2020) Coletiva \u00e0 Imprensa do Presidente da Rep\u00fablica, Jair Bolsonaro e Ministros de Estado. Foto: Carolina Antunes\/PR\" width=\"450\" height=\"300\" srcset=\"https:\/\/jornalcontato.com.br\/home\/wp-content\/uploads\/2020\/03\/Coletiva-imprensa-450x300.jpg 450w, https:\/\/jornalcontato.com.br\/home\/wp-content\/uploads\/2020\/03\/Coletiva-imprensa-300x200.jpg 300w, https:\/\/jornalcontato.com.br\/home\/wp-content\/uploads\/2020\/03\/Coletiva-imprensa.jpg 754w\" sizes=\"auto, (max-width: 450px) 100vw, 450px\" \/><\/a><\/p>\n<p style=\"text-align: center;\"><em><strong>Presidente e ministros preparando-se para coletiva \u00e0 imprensa na quarta-feira,18<\/strong><\/em><\/p>\n<p>Ontem, o capit\u00e3o se materializou liderando um grupo de ministros mascarados no Pal\u00e1cio do Planalto. Falaram das medidas j\u00e1 em curso e anunciaram o decreto de calamidade p\u00fablica. Foi uma pajelan\u00e7a desenhada para reconstruir a imagem do presidente. Ao ser perguntado sobre as declara\u00e7\u00f5es de histeria, disse que cumpria seu papel de tranquilizar a na\u00e7\u00e3o. Sobre seu encontro com os manifestantes de domingo, falou que se comportava como o l\u00edder de uma batalha. Disse que estava dando um bom exemplo e ainda jurou amor ao Congresso e ao Supremo. Francamente, algu\u00e9m cai nessa? No auge da maior crise sanit\u00e1ria dos \u00faltimos cem anos, nem mesmo o super esquisito Boris Johnson conseguiu superar o extra ordin\u00e1rio Jair Bolsonaro. Como ele, apenas o presidente do M\u00e9xico, Andr\u00e9s Manuel L\u00f3pez Obrador, que no fim de semana saiu \u00e0s ruas abra\u00e7ando e beijando populares. Obrador faz discurso muito parecido com o do capit\u00e3o brasileiro. Claro que estamos falando de um populista, como Bolsonaro, s\u00f3 que de esquerda. Opostos politicamente, mas iguais na estupidez. Nem Lula seria capaz de ir t\u00e3o longe.<\/p>\n","protected":false},"excerpt":{"rendered":"<p>Presidente atrapalhado com a m\u00e1scara usada indevidamente Pronto. Bolsonaro outra vez deu um passo atr\u00e1s, e l\u00e1 vamos n\u00f3s passar a m\u00e3o na sua cabe\u00e7a. &#8230;<\/p>\n","protected":false},"author":1,"featured_media":17679,"comment_status":"open","ping_status":"open","sticky":false,"template":"","format":"standard","meta":{"footnotes":""},"categories":[1],"tags":[],"class_list":["post-17677","post","type-post","status-publish","format-standard","has-post-thumbnail","hentry","category-nacional"],"_links":{"self":[{"href":"https:\/\/www.jornalcontato.com.br\/home\/index.php\/wp-json\/wp\/v2\/posts\/17677","targetHints":{"allow":["GET"]}}],"collection":[{"href":"https:\/\/www.jornalcontato.com.br\/home\/index.php\/wp-json\/wp\/v2\/posts"}],"about":[{"href":"https:\/\/www.jornalcontato.com.br\/home\/index.php\/wp-json\/wp\/v2\/types\/post"}],"author":[{"embeddable":true,"href":"https:\/\/www.jornalcontato.com.br\/home\/index.php\/wp-json\/wp\/v2\/users\/1"}],"replies":[{"embeddable":true,"href":"https:\/\/www.jornalcontato.com.br\/home\/index.php\/wp-json\/wp\/v2\/comments?post=17677"}],"version-history":[{"count":3,"href":"https:\/\/www.jornalcontato.com.br\/home\/index.php\/wp-json\/wp\/v2\/posts\/17677\/revisions"}],"predecessor-version":[{"id":17682,"href":"https:\/\/www.jornalcontato.com.br\/home\/index.php\/wp-json\/wp\/v2\/posts\/17677\/revisions\/17682"}],"wp:featuredmedia":[{"embeddable":true,"href":"https:\/\/www.jornalcontato.com.br\/home\/index.php\/wp-json\/wp\/v2\/media\/17679"}],"wp:attachment":[{"href":"https:\/\/www.jornalcontato.com.br\/home\/index.php\/wp-json\/wp\/v2\/media?parent=17677"}],"wp:term":[{"taxonomy":"category","embeddable":true,"href":"https:\/\/www.jornalcontato.com.br\/home\/index.php\/wp-json\/wp\/v2\/categories?post=17677"},{"taxonomy":"post_tag","embeddable":true,"href":"https:\/\/www.jornalcontato.com.br\/home\/index.php\/wp-json\/wp\/v2\/tags?post=17677"}],"curies":[{"name":"wp","href":"https:\/\/api.w.org\/{rel}","templated":true}]}}