{"id":17592,"date":"2020-02-19T18:22:30","date_gmt":"2020-02-19T21:22:30","guid":{"rendered":"http:\/\/www.jornalcontato.com.br\/home\/?p=17592"},"modified":"2020-02-19T18:22:30","modified_gmt":"2020-02-19T21:22:30","slug":"liberticidas-hubert-alqueres","status":"publish","type":"post","link":"https:\/\/www.jornalcontato.com.br\/home\/index.php\/liberticidas-hubert-alqueres\/","title":{"rendered":"Liberticidas  (Hubert Alqu\u00e9res*)"},"content":{"rendered":"<p>&nbsp;<\/p>\n<p style=\"text-align: center;\"><strong><em>Hans River mentiu \u00e0 CPI, ao caluniar a jornalista. Bolsonaro deu f\u00f3rum de verdade \u00e0s suas palavras abjetas<\/em><\/strong><\/p>\n<p>Liberdades que nos s\u00e3o caras, conquistadas com tantos sacrif\u00edcios, v\u00eam sofrendo ataques quase di\u00e1rios, muitas vezes por figuras obscuras que saem do anonimato para chocar a na\u00e7\u00e3o. Mal esfriou o caso da censura a cl\u00e1ssicos da nossa literatura como \u201cOs Sert\u00f5es\u201d de Euclides da Cunha, \u201cMem\u00f3rias P\u00f3stumas de Br\u00e1s Cubas\u201d, de Machado de Assis, ou \u201cMacuna\u00edma\u201d, de M\u00e1rio de Andrade, surge um novo epis\u00f3dio de arrepiar. A liberdade de imprensa \u2013 sem a qual n\u00e3o se pode falar em ordenamento democr\u00e1tico \u2013 volta a ser agredida, desta vez pelo depoimento de Hans River do Rio Nascimento na CPMI das Fake News.<\/p>\n<p>A ofensa, por si s\u00f3 grav\u00edssima, foi amplificada de forma ultrajante pelo presidente Jair Bolsonaro. Sem qualquer respeito ao decoro e \u00e0 liturgia, ele ultrapassou todos os limites ao difamar a jornalista Patr\u00edcia Campos de Melo, ofendendo ainda todas as mulheres com seu machismo chulo.<\/p>\n<p><a href=\"http:\/\/jornalcontato.com.br\/home\/wp-content\/uploads\/2020\/02\/Bolsonaro-1.jpg\"><img loading=\"lazy\" decoding=\"async\" class=\"aligncenter size-full wp-image-17593\" src=\"http:\/\/jornalcontato.com.br\/home\/wp-content\/uploads\/2020\/02\/Bolsonaro-1.jpg\" alt=\"Bolsonaro\" width=\"275\" height=\"183\" \/><\/a><\/p>\n<p style=\"text-align: center;\"><em><strong>Bolsonaro agrediu a imprensa na conversa com apoiadores em frente ao Pal\u00e1cio do Alvorada<\/strong><\/em><\/p>\n<p>Nunca um presidente da Rep\u00fablica desceu tanto como nesse lament\u00e1vel epis\u00f3dio que envergonha o pa\u00eds. Talvez tenha perdido o controle dos nervos com o notici\u00e1rio sobre a morte do capit\u00e3o miliciano Adriano N\u00f3brega, ou escolhido o caminho do insulto para encobrir manchetes que o desagradam.<\/p>\n<p>A inf\u00e2mia \u00e9 t\u00e3o absurda, que seria absolutamente desnecess\u00e1rio defender a jornalista se n\u00e3o estiv\u00e9ssemos vivendo tempos de ignor\u00e2ncia e do uso da mentira com fins intimidat\u00f3rios e de destrui\u00e7\u00e3o de reputa\u00e7\u00f5es.<\/p>\n<p>Mais do que apenas defend\u00ea-la das acusa\u00e7\u00f5es s\u00f3rdidas, o momento exige defesa da liberdade de imprensa. \u00c9 ela que foi ofendida, \u00e9 ela que constantemente tem sido agredida por um presidente que d\u00e1 banana aos jornalistas, encerra de forma autorit\u00e1ria entrevistas e manipula verba publicit\u00e1ria com fins persecut\u00f3rios aos meios de comunica\u00e7\u00e3o que n\u00e3o se disp\u00f5em a fazer coberturas chapa-branca.<\/p>\n<p>Bolsonaro nutre um \u00f3dio particular \u00e0 TV Globo e ao jornal Folha de S.Paulo, mas sua guerra \u00e9 contra a liberdade de imprensa. At\u00e9 agora, j\u00e1 proferiu cerca de 120 ataques a meios de comunica\u00e7\u00e3o e a seus profissionais. Suas ofensas s\u00e3o amplificadas pelas brigadas virtuais do bolsonarismo, numa tentativa de impedir que jornalistas exer\u00e7am sua fun\u00e7\u00e3o de investigar e informar.<\/p>\n<p>No campo da cultura, a censura est\u00e1 de volta. N\u00e3o da forma institucional, mas pela manipula\u00e7\u00e3o de verbas e da utiliza\u00e7\u00e3o enviesada de espa\u00e7os p\u00fablicos. Em nome da defesa de \u201cvalores crist\u00e3os\u201d centros culturais p\u00fablicos passaram a adotar filtros ideol\u00f3gicos e deixaram de exibir pe\u00e7as teatrais, filmes ou qualquer evento cujo conte\u00fado desagrade os novos cruzados.<\/p>\n<p>Cultura virou trincheira da guerra contra o \u201cmarxismo cultural\u201d e da defesa dos \u201cvalores crist\u00e3os\u201d. O macartismo tupiniquim criou seu index. \u00cdcones como Chico Buarque de Holanda e Fernanda Montenegro s\u00e3o vistos como malditos. A monumental produ\u00e7\u00e3o cultural de um povo \u00e9 tachada de esquerdista por quem se julga com a miss\u00e3o divina de criar uma \u201carte heroica, nacional e crist\u00e3\u201d.<\/p>\n<p><a href=\"http:\/\/jornalcontato.com.br\/home\/wp-content\/uploads\/2020\/02\/Banana-do-Zero-Um.jpg\"><img loading=\"lazy\" decoding=\"async\" class=\"aligncenter size-large wp-image-17594\" src=\"http:\/\/jornalcontato.com.br\/home\/wp-content\/uploads\/2020\/02\/Banana-do-Zero-Um-450x253.jpg\" alt=\"Banana do Zero Um\" width=\"450\" height=\"253\" srcset=\"https:\/\/jornalcontato.com.br\/home\/wp-content\/uploads\/2020\/02\/Banana-do-Zero-Um-450x253.jpg 450w, https:\/\/jornalcontato.com.br\/home\/wp-content\/uploads\/2020\/02\/Banana-do-Zero-Um-300x169.jpg 300w, https:\/\/jornalcontato.com.br\/home\/wp-content\/uploads\/2020\/02\/Banana-do-Zero-Um-768x432.jpg 768w, https:\/\/jornalcontato.com.br\/home\/wp-content\/uploads\/2020\/02\/Banana-do-Zero-Um-750x420.jpg 750w, https:\/\/jornalcontato.com.br\/home\/wp-content\/uploads\/2020\/02\/Banana-do-Zero-Um-1140x641.jpg 1140w, https:\/\/jornalcontato.com.br\/home\/wp-content\/uploads\/2020\/02\/Banana-do-Zero-Um.jpg 1280w\" sizes=\"auto, (max-width: 450px) 100vw, 450px\" \/><\/a><\/p>\n<p style=\"text-align: center;\"><em><strong>Eduardo Zero Um imita o pai na agress\u00e3o a jornalista da Folha de S.Paulo<\/strong><\/em><\/p>\n<p>Os direitos humanos, cuja observ\u00e2ncia \u00e9 definidora do est\u00e1gio civilizat\u00f3rio de um pa\u00eds, tamb\u00e9m s\u00e3o alvos de deboche e desrespeito. A ideologia oficial o v\u00ea aplic\u00e1vel apenas aos \u201ccidad\u00e3os do bem\u201d. Nessa categoria mental, um sic\u00e1rio como Adriano N\u00f3brega, \u00e9 al\u00e7ado \u00e0 condi\u00e7\u00e3o de her\u00f3i e inocentado pelo presidente por n\u00e3o ter senten\u00e7a transitada em julgado.<\/p>\n<p>O p\u00e9ssimo exemplo vem de cima. O livro de cabeceira de Bolsonaro \u00e9 \u201cA verdade sufocada\u201d, do torturador Brilhante Ustra, outro her\u00f3i do presidente. E ele n\u00e3o est\u00e1 s\u00f3 nessa subvers\u00e3o de valores na qual torturados viram algozes e torturadores v\u00edtimas. O general Luiz Eduardo Rocha Paiva, conselheiro da Comiss\u00e3o da Anistia, leva o livro de Ustra para orientar seu voto nas reuni\u00f5es da comiss\u00e3o.<\/p>\n<p>Como o presidente n\u00e3o d\u00e1 exemplo que preste, os liberticidas se sentem estimulados para conspirar contra as liberdades. Seu pr\u00f3prio cl\u00e3 defende o AI-5 ou dissemina mentiras nas redes sociais. T\u00e3o ou mais grave do que as inf\u00e2mias ditas foi a panfletagem em defesa de Hans River nas redes pelo deputado e filho do presidente, Eduardo Bolsonaro.<\/p>\n<p>Hans River n\u00e3o \u00e9 um lobo solit\u00e1rio. A ele somam-se torquemadas de esquina que associam o rock \u00e0s drogas e ao satanismo, fazem elegia \u00e0 escravid\u00e3o, quando n\u00e3o psicografam Goebbels. Est\u00e3o encastelados no poder, em casamatas como as da Educa\u00e7\u00e3o e da Cultura, e no pr\u00f3prio Pal\u00e1cio do Planalto.<\/p>\n<p style=\"text-align: right;\"><strong><em>*Membro da Academia Paulista de Educa\u00e7\u00e3o<\/em><\/strong><\/p>\n","protected":false},"excerpt":{"rendered":"<p>&nbsp; Hans River mentiu \u00e0 CPI, ao caluniar a jornalista. Bolsonaro deu f\u00f3rum de verdade \u00e0s suas palavras abjetas Liberdades que nos s\u00e3o caras, conquistadas &#8230;<\/p>\n","protected":false},"author":1,"featured_media":17595,"comment_status":"open","ping_status":"open","sticky":false,"template":"","format":"standard","meta":{"footnotes":""},"categories":[1],"tags":[],"class_list":["post-17592","post","type-post","status-publish","format-standard","has-post-thumbnail","hentry","category-nacional"],"_links":{"self":[{"href":"https:\/\/www.jornalcontato.com.br\/home\/index.php\/wp-json\/wp\/v2\/posts\/17592","targetHints":{"allow":["GET"]}}],"collection":[{"href":"https:\/\/www.jornalcontato.com.br\/home\/index.php\/wp-json\/wp\/v2\/posts"}],"about":[{"href":"https:\/\/www.jornalcontato.com.br\/home\/index.php\/wp-json\/wp\/v2\/types\/post"}],"author":[{"embeddable":true,"href":"https:\/\/www.jornalcontato.com.br\/home\/index.php\/wp-json\/wp\/v2\/users\/1"}],"replies":[{"embeddable":true,"href":"https:\/\/www.jornalcontato.com.br\/home\/index.php\/wp-json\/wp\/v2\/comments?post=17592"}],"version-history":[{"count":1,"href":"https:\/\/www.jornalcontato.com.br\/home\/index.php\/wp-json\/wp\/v2\/posts\/17592\/revisions"}],"predecessor-version":[{"id":17596,"href":"https:\/\/www.jornalcontato.com.br\/home\/index.php\/wp-json\/wp\/v2\/posts\/17592\/revisions\/17596"}],"wp:featuredmedia":[{"embeddable":true,"href":"https:\/\/www.jornalcontato.com.br\/home\/index.php\/wp-json\/wp\/v2\/media\/17595"}],"wp:attachment":[{"href":"https:\/\/www.jornalcontato.com.br\/home\/index.php\/wp-json\/wp\/v2\/media?parent=17592"}],"wp:term":[{"taxonomy":"category","embeddable":true,"href":"https:\/\/www.jornalcontato.com.br\/home\/index.php\/wp-json\/wp\/v2\/categories?post=17592"},{"taxonomy":"post_tag","embeddable":true,"href":"https:\/\/www.jornalcontato.com.br\/home\/index.php\/wp-json\/wp\/v2\/tags?post=17592"}],"curies":[{"name":"wp","href":"https:\/\/api.w.org\/{rel}","templated":true}]}}