{"id":17586,"date":"2020-02-19T15:54:52","date_gmt":"2020-02-19T18:54:52","guid":{"rendered":"http:\/\/www.jornalcontato.com.br\/home\/?p=17586"},"modified":"2020-02-19T15:55:18","modified_gmt":"2020-02-19T18:55:18","slug":"milagres-de-adriano-bernardo-mello-franco-oglobo","status":"publish","type":"post","link":"https:\/\/www.jornalcontato.com.br\/home\/index.php\/milagres-de-adriano-bernardo-mello-franco-oglobo\/","title":{"rendered":"Milagres de Adriano (Bernardo Mello Franco, OGlobo)"},"content":{"rendered":"<p style=\"text-align: center;\"><strong><em>Premiado pela fam\u00edlia Bolsonaro, o miliciano Adriano da N\u00f3brega come\u00e7ou a produzir milagres. Depois de morto, fez o presidente defender os direitos humanos e criticar a brutalidade policial<\/em><\/strong><\/p>\n<p>Abatido no interior da Bahia, o miliciano Adriano da N\u00f3brega come\u00e7ou a produzir milagres. Depois de morto, fez Jair Bolsonaro defender os direitos humanos e criticara brutalidade policial.<\/p>\n<p>O presidente passou avida repetindo que \u201cbandido bom \u00e9 bandido morto\u201d. Subitamente, p\u00f4s-se a protestar contra o passamento de um pistoleiro de aluguel.<\/p>\n<p>No s\u00e1bado, ele reclamou que a pol\u00edcia baiana \u201cn\u00e3o procurou preservar a vida de um foragido, e sim sua prov\u00e1vel execu\u00e7\u00e3o sum\u00e1ria\u201d. O autor da frase \u00e9 o mesmo pol\u00edtico que, anos atr\u00e1s, subiu \u00e0 tribuna da C\u00e2mara para elogiar um grupo de exterm\u00ednio da &#8230; Bahia.<\/p>\n<p>O capit\u00e3o tamb\u00e9m disse que a morte de Adriano \u201cn\u00e3o pode deixar de ser esclarecida\u201d. A pol\u00edcia do Rio matou 1.810 pessoas no ano passado, mas ele n\u00e3o manifestou interesse em apurar um \u00fanico caso.<\/p>\n<p style=\"text-align: left;\"><a href=\"http:\/\/jornalcontato.com.br\/home\/wp-content\/uploads\/2020\/02\/Bolsonaro.jpg\"><img loading=\"lazy\" decoding=\"async\" class=\"aligncenter size-full wp-image-17587\" src=\"http:\/\/jornalcontato.com.br\/home\/wp-content\/uploads\/2020\/02\/Bolsonaro.jpg\" alt=\"Bolsonaro\" width=\"275\" height=\"183\" \/><\/a><\/p>\n<p style=\"text-align: center;\"><em><strong>&#8220;Bandido bom \u00e9 bandido morto&#8221;, repetiu Bolsonaro ao longo da carreira pol\u00edtica<\/strong><\/em><\/p>\n<p>Al\u00e9m de converter Bolsonaro ao pacifismo, a morte de Adriano fez nascer um novo defensor da presun\u00e7\u00e3o de inoc\u00eancia. No domingo, o presidente disse que n\u00e3o havia \u201cnenhuma senten\u00e7a tramitada e julgada\u201d contra o miliciano. Pode ser, mas acumulava tr\u00eas passagens pela cadeia e estava em fuga para n\u00e3o ser preso pela quarta vez.<\/p>\n<p>O capit\u00e3o tamb\u00e9m disse que Adriano era \u201cum her\u00f3i\u201d quando seu filho Fl\u00e1vio resolveu condecor\u00e1-lo com a Medalha Tiradentes. O discurso poderia colar se a honraria n\u00e3o tivesse sido entregue na cadeia.<\/p>\n<p>Num lapso de mem\u00f3ria, Bolsonaro se esqueceu de explicar por que o gabinete do Zero Um empregava a m\u00e3e e a ex-mulher do miliciano. Na \u00e9poca, ele j\u00e1 havia sido expulso da PM por envolvimento com bicheiros.<\/p>\n<p><a href=\"http:\/\/jornalcontato.com.br\/home\/wp-content\/uploads\/2020\/02\/Adriano-Zero-Um-e-Queiroz.jpg\"><img loading=\"lazy\" decoding=\"async\" class=\"aligncenter size-full wp-image-17588\" src=\"http:\/\/jornalcontato.com.br\/home\/wp-content\/uploads\/2020\/02\/Adriano-Zero-Um-e-Queiroz.jpg\" alt=\"Adriano, Zero Um e Queiroz\" width=\"301\" height=\"167\" srcset=\"https:\/\/jornalcontato.com.br\/home\/wp-content\/uploads\/2020\/02\/Adriano-Zero-Um-e-Queiroz.jpg 301w, https:\/\/jornalcontato.com.br\/home\/wp-content\/uploads\/2020\/02\/Adriano-Zero-Um-e-Queiroz-300x166.jpg 300w, https:\/\/jornalcontato.com.br\/home\/wp-content\/uploads\/2020\/02\/Adriano-Zero-Um-e-Queiroz-265x147.jpg 265w\" sizes=\"auto, (max-width: 301px) 100vw, 301px\" \/><\/a><\/p>\n<p style=\"text-align: center;\"><em><strong>Velhos amigos: Adriano, Fl\u00e1vio Bolsonaro e Queiroz<\/strong><\/em><\/p>\n<p>Ontem o presidente sugeriu que Adriano foi v\u00edtima de queima de arquivo, mas fez quest\u00e3o de dizer que n\u00e3o tinha interesse em seu sil\u00eancio. \u201cO que ele teria para falar? Contra mim \u00e9 que n\u00e3o era nada\u201d, jurou.<\/p>\n<p>No Twitter, Bolsonaro tamb\u00e9m se mostrou preocupado com os 13 celulares apreendidos no esconderijo do milagreiro. \u201cQuem far\u00e1 a per\u00edcia nos telefones do Adriano? Poderiam forjar trocas de mensagens e \u00e1udios recebidos? Inocentes seriam acusados do crime?\u201d, questionou. Pelo tom das perguntas, parece que ele j\u00e1 sabe o que vem por a\u00ed.<\/p>\n","protected":false},"excerpt":{"rendered":"<p>Premiado pela fam\u00edlia Bolsonaro, o miliciano Adriano da N\u00f3brega come\u00e7ou a produzir milagres. Depois de morto, fez o presidente defender os direitos humanos e criticar &#8230;<\/p>\n","protected":false},"author":1,"featured_media":17589,"comment_status":"open","ping_status":"open","sticky":false,"template":"","format":"standard","meta":{"footnotes":""},"categories":[1],"tags":[],"class_list":["post-17586","post","type-post","status-publish","format-standard","has-post-thumbnail","hentry","category-nacional"],"_links":{"self":[{"href":"https:\/\/www.jornalcontato.com.br\/home\/index.php\/wp-json\/wp\/v2\/posts\/17586","targetHints":{"allow":["GET"]}}],"collection":[{"href":"https:\/\/www.jornalcontato.com.br\/home\/index.php\/wp-json\/wp\/v2\/posts"}],"about":[{"href":"https:\/\/www.jornalcontato.com.br\/home\/index.php\/wp-json\/wp\/v2\/types\/post"}],"author":[{"embeddable":true,"href":"https:\/\/www.jornalcontato.com.br\/home\/index.php\/wp-json\/wp\/v2\/users\/1"}],"replies":[{"embeddable":true,"href":"https:\/\/www.jornalcontato.com.br\/home\/index.php\/wp-json\/wp\/v2\/comments?post=17586"}],"version-history":[{"count":2,"href":"https:\/\/www.jornalcontato.com.br\/home\/index.php\/wp-json\/wp\/v2\/posts\/17586\/revisions"}],"predecessor-version":[{"id":17591,"href":"https:\/\/www.jornalcontato.com.br\/home\/index.php\/wp-json\/wp\/v2\/posts\/17586\/revisions\/17591"}],"wp:featuredmedia":[{"embeddable":true,"href":"https:\/\/www.jornalcontato.com.br\/home\/index.php\/wp-json\/wp\/v2\/media\/17589"}],"wp:attachment":[{"href":"https:\/\/www.jornalcontato.com.br\/home\/index.php\/wp-json\/wp\/v2\/media?parent=17586"}],"wp:term":[{"taxonomy":"category","embeddable":true,"href":"https:\/\/www.jornalcontato.com.br\/home\/index.php\/wp-json\/wp\/v2\/categories?post=17586"},{"taxonomy":"post_tag","embeddable":true,"href":"https:\/\/www.jornalcontato.com.br\/home\/index.php\/wp-json\/wp\/v2\/tags?post=17586"}],"curies":[{"name":"wp","href":"https:\/\/api.w.org\/{rel}","templated":true}]}}