{"id":17578,"date":"2020-02-14T18:12:43","date_gmt":"2020-02-14T21:12:43","guid":{"rendered":"http:\/\/www.jornalcontato.com.br\/home\/?p=17578"},"modified":"2020-02-14T18:21:38","modified_gmt":"2020-02-14T21:21:38","slug":"o-palacio-do-planalto-virou-um-puxadinho-do-qg-do-exercito-ou-nao-segundo-o-exercito-ricardo-noblat-veja","status":"publish","type":"post","link":"https:\/\/www.jornalcontato.com.br\/home\/index.php\/o-palacio-do-planalto-virou-um-puxadinho-do-qg-do-exercito-ou-nao-segundo-o-exercito-ricardo-noblat-veja\/","title":{"rendered":"O Pal\u00e1cio do Planalto virou um puxadinho do QG do Ex\u00e9rcito (Ou n\u00e3o, segundo o Ex\u00e9rcito)  Ricardo Noblat &#8211; Veja"},"content":{"rendered":"<p style=\"text-align: center;\"><em><strong>General Braga Netto, da ativa, \u00e9 o novo ministro chefe da Casa Civil<\/strong><\/em><\/p>\n<p>Seus colegas de farda ainda se lembram dos argumentos esgrimidos pelo general Walter Souza Braga Netto em 2018 quando ele era Interventor Federal na Seguran\u00e7a P\u00fablica do Rio de Janeiro depois de ter sido Comandante Militar do Leste.<\/p>\n<p>Nas reuni\u00f5es, em Bras\u00edlia, do Alto Comando do Ex\u00e9rcito, Braga Neto se destacava por defender a tese de que a Arma \u00e0 qual servia com muito orgulho deveria manter-se distante das elei\u00e7\u00f5es, especialmente do candidato Jair Bolsonaro.<\/p>\n<p>Que a soldadesca reverenciasse o ex-capit\u00e3o, afastado do Ex\u00e9rcito por indisciplina e conduta anti\u00e9tica, tudo bem. Ou melhor: ningu\u00e9m poderia impedi-la de agir assim. Mas n\u00e3o faria bem \u00e0 imagem do Ex\u00e9rcito se oficiais se comportassem da mesma forma.<\/p>\n<p><a href=\"http:\/\/jornalcontato.com.br\/home\/wp-content\/uploads\/2020\/02\/Villas-Boas-e-Bolsonaro.jpg\"><img loading=\"lazy\" decoding=\"async\" class=\"aligncenter size-full wp-image-17579\" src=\"http:\/\/jornalcontato.com.br\/home\/wp-content\/uploads\/2020\/02\/Villas-Boas-e-Bolsonaro.jpg\" alt=\"Villas Boas e Bolsonaro\" width=\"275\" height=\"183\" \/><\/a><\/p>\n<p style=\"text-align: center;\"><em><strong>General Villas B\u00f4as deu sustenta\u00e7\u00e3o \u00e0 candidatura de Bolsonaro<\/strong><\/em><\/p>\n<p>Como Braga Neto, sempre pensou a maioria do Alto Comando \u2013 \u00e0 frente o general Eduardo Villas Boas. Contudo, quando a vit\u00f3ria de Bolsonaro desenhou-se como quase certa, alguns generais debandaram ostensivamente para o lado dele.<\/p>\n<p>Foi um desses generais, o atual ministro da Secretaria de Governo Luiz Eduardo Ramos, quem ajudou Bolsonaro a convencer Braga Neto para que aceitasse a vaga de Chefe da Casa Civil da presid\u00eancia da Rep\u00fablica aberta com a sa\u00edda de Onyx Lorenzonni.<\/p>\n<p>O an\u00fancio do nome de Braga Neto s\u00f3 foi feito ontem porque Bolsonaro quis saber antes do Comandante do Ex\u00e9rcito, general Edson Pujol, e do ministro da Defesa, general Fernando Azevedo, se o Ex\u00e9rcito estava de acordo com a escolha que ele fizera.<\/p>\n<p>Os dois responderam que sim. Braga Neto ser\u00e1 o segundo general da ativa a ter um cargo no governo. O primeiro foi Eduardo Ramos, que continua na ativa. O Pal\u00e1cio do Planalto virou uma esp\u00e9cie de quartel. Ali, doravante, s\u00f3 haver\u00e1 ministros militares.<\/p>\n<p>Em nenhum governo anterior foi assim \u2013 nem na \u00e9poca da ditadura e dos seus generais-presidentes. Dos 22 ministros de Bolsonaro, seis s\u00e3o militares. De 1964 para c\u00e1, a Casa Civil coube a 27 civis e apenas a um militar. Braga Neto ser\u00e1 o segundo.<\/p>\n<p><a href=\"http:\/\/jornalcontato.com.br\/home\/wp-content\/uploads\/2020\/02\/Olavo-de-Carvalho-e-Villas-Boas.jpg\"><img loading=\"lazy\" decoding=\"async\" class=\"aligncenter size-large wp-image-17580\" src=\"http:\/\/jornalcontato.com.br\/home\/wp-content\/uploads\/2020\/02\/Olavo-de-Carvalho-e-Villas-Boas-450x280.jpg\" alt=\"Olavo de Carvalho e Villas Boas\" width=\"450\" height=\"280\" srcset=\"https:\/\/jornalcontato.com.br\/home\/wp-content\/uploads\/2020\/02\/Olavo-de-Carvalho-e-Villas-Boas-450x280.jpg 450w, https:\/\/jornalcontato.com.br\/home\/wp-content\/uploads\/2020\/02\/Olavo-de-Carvalho-e-Villas-Boas-300x187.jpg 300w, https:\/\/jornalcontato.com.br\/home\/wp-content\/uploads\/2020\/02\/Olavo-de-Carvalho-e-Villas-Boas-768x478.jpg 768w, https:\/\/jornalcontato.com.br\/home\/wp-content\/uploads\/2020\/02\/Olavo-de-Carvalho-e-Villas-Boas.jpg 940w\" sizes=\"auto, (max-width: 450px) 100vw, 450px\" \/><\/a><\/p>\n<p style=\"text-align: center;\"><em><strong>Militares no Pal\u00e1cio da Alvorada pode enfraquecer os seguidores de Olavo de Carvalho<\/strong><\/em><\/p>\n<p>Generais da reserva presidem os Correios, a Itaipu Binacional, a Empresa Brasileira de Servi\u00e7os Hospitalares e o Departamento Nacional de Infraestrutura de Transportes. Um coronel, a Telebr\u00e1s. Um delegado, a Ag\u00eancia Brasileira de Intelig\u00eancia.<\/p>\n<p>Nos primeiros nove meses de governo, segundo levantamento da Folha de S. Paulo, havia pelo menos 2.500 militares em cargos de chefia ou de assessoramento. Bolsonaro admite que h\u00e1 \u201ccivis excepcionais\u201d. Mas prefere a companhia de fardados e ex-fardados.<\/p>\n<p>\u201cA gente (os militares) tem a caracter\u00edstica de ser muito quadradinho, mais cartesiano\u201d, disse ao GLOBO o general Eduardo Ramos, da Secretaria de Governo. E completou: \u201c\u00c9 o que o presidente quer. O pol\u00edtico tem que pensar em pol\u00edtica\u201d.<\/p>\n<p>\u00c9 Ramos que cuida da coordena\u00e7\u00e3o pol\u00edtica do governo. Faz o meio do campo com deputados, senadores e governadores. Aprende r\u00e1pido. Onyx prometera 40 milh\u00f5es de reais por cada voto pela aprova\u00e7\u00e3o da reforma da Previd\u00eancia. Foi o general que pagou.<\/p>\n<p>Em tempo: por seus porta-vozes formais e informais, o Ex\u00e9rcito renova o aviso de que nada tem a ver com o governo Bolsonaro, como nada teve a ver com governo nenhum da redemocratiza\u00e7\u00e3o do pa\u00eds em 1985 para c\u00e1. At\u00e9m-se ao que manda a Constitui\u00e7\u00e3o.<\/p>\n","protected":false},"excerpt":{"rendered":"<p>General Braga Netto, da ativa, \u00e9 o novo ministro chefe da Casa Civil Seus colegas de farda ainda se lembram dos argumentos esgrimidos pelo general &#8230;<\/p>\n","protected":false},"author":1,"featured_media":17581,"comment_status":"open","ping_status":"open","sticky":false,"template":"","format":"standard","meta":{"footnotes":""},"categories":[1],"tags":[],"class_list":["post-17578","post","type-post","status-publish","format-standard","has-post-thumbnail","hentry","category-nacional"],"_links":{"self":[{"href":"https:\/\/www.jornalcontato.com.br\/home\/index.php\/wp-json\/wp\/v2\/posts\/17578","targetHints":{"allow":["GET"]}}],"collection":[{"href":"https:\/\/www.jornalcontato.com.br\/home\/index.php\/wp-json\/wp\/v2\/posts"}],"about":[{"href":"https:\/\/www.jornalcontato.com.br\/home\/index.php\/wp-json\/wp\/v2\/types\/post"}],"author":[{"embeddable":true,"href":"https:\/\/www.jornalcontato.com.br\/home\/index.php\/wp-json\/wp\/v2\/users\/1"}],"replies":[{"embeddable":true,"href":"https:\/\/www.jornalcontato.com.br\/home\/index.php\/wp-json\/wp\/v2\/comments?post=17578"}],"version-history":[{"count":3,"href":"https:\/\/www.jornalcontato.com.br\/home\/index.php\/wp-json\/wp\/v2\/posts\/17578\/revisions"}],"predecessor-version":[{"id":17584,"href":"https:\/\/www.jornalcontato.com.br\/home\/index.php\/wp-json\/wp\/v2\/posts\/17578\/revisions\/17584"}],"wp:featuredmedia":[{"embeddable":true,"href":"https:\/\/www.jornalcontato.com.br\/home\/index.php\/wp-json\/wp\/v2\/media\/17581"}],"wp:attachment":[{"href":"https:\/\/www.jornalcontato.com.br\/home\/index.php\/wp-json\/wp\/v2\/media?parent=17578"}],"wp:term":[{"taxonomy":"category","embeddable":true,"href":"https:\/\/www.jornalcontato.com.br\/home\/index.php\/wp-json\/wp\/v2\/categories?post=17578"},{"taxonomy":"post_tag","embeddable":true,"href":"https:\/\/www.jornalcontato.com.br\/home\/index.php\/wp-json\/wp\/v2\/tags?post=17578"}],"curies":[{"name":"wp","href":"https:\/\/api.w.org\/{rel}","templated":true}]}}