{"id":17572,"date":"2020-02-12T13:16:41","date_gmt":"2020-02-12T16:16:41","guid":{"rendered":"http:\/\/www.jornalcontato.com.br\/home\/?p=17572"},"modified":"2020-02-12T13:16:41","modified_gmt":"2020-02-12T16:16:41","slug":"morte-de-adriano-aumenta-trevas-que-protegem-milicias-elio-gaspari","status":"publish","type":"post","link":"https:\/\/www.jornalcontato.com.br\/home\/index.php\/morte-de-adriano-aumenta-trevas-que-protegem-milicias-elio-gaspari\/","title":{"rendered":"Morte de Adriano aumenta trevas que protegem mil\u00edcias (Elio Gaspari)"},"content":{"rendered":"<p style=\"text-align: center;\"><em><strong>Imagem do local onde Adriano foi morto pelo BOPE baiano<\/strong><\/em><\/p>\n<p>Ganha um fim de semana em Rio das Pedras quem conseguir montar um cen\u00e1rio plaus\u00edvel para a seguinte situa\u00e7\u00e3o:<\/p>\n<p>Setenta policiais participam de uma opera\u00e7\u00e3o para a captura do \u201cCapit\u00e3o Adriano\u201d, foragido desde o ano passado. Suspeitando-se que ele se escondeu na ch\u00e1cara do vereador Gilsinho da Ded\u00e9 (PSL), alguns deles formam um tri\u00e2ngulo e cercam a casa. Tratava-se de uma \u00e1rea rural, sem vizinhos.<\/p>\n<p>Segundo a vers\u00e3o da pol\u00edcia baiana, ratificada pelo governador Wilson Witzel (Harvard Fake \u201915), \u201cchegamos ao local do crime para prender mas, infelizmente, o bandido (Medalha Tiradentes \u201905) que ali estava n\u00e3o quis se entregar, trocou tiros com a pol\u00edcia e infelizmente faleceu\u201d.<\/p>\n<p><a href=\"http:\/\/jornalcontato.com.br\/home\/wp-content\/uploads\/2020\/02\/Com-o-cla.jpg\"><img loading=\"lazy\" decoding=\"async\" class=\"aligncenter size-full wp-image-17573\" src=\"http:\/\/jornalcontato.com.br\/home\/wp-content\/uploads\/2020\/02\/Com-o-cla.jpg\" alt=\"Com o cla\" width=\"324\" height=\"155\" srcset=\"https:\/\/jornalcontato.com.br\/home\/wp-content\/uploads\/2020\/02\/Com-o-cla.jpg 324w, https:\/\/jornalcontato.com.br\/home\/wp-content\/uploads\/2020\/02\/Com-o-cla-300x144.jpg 300w\" sizes=\"auto, (max-width: 324px) 100vw, 324px\" \/><\/a><\/p>\n<p style=\"text-align: center;\"><em><strong>Ex-capit\u00e3o Adriano tinha livre tr\u00e2nsito junto ao cl\u00e3 Bolsonaro<\/strong><\/em><\/p>\n<p>Conta outra, doutor. Ou, pelo menos, conta essa direito. Adriano da N\u00f3brega estava cercado. O bord\u00e3o \u201ctrocou tiros\u201d \u00e9 um recurso gasto. Antes da chegada da pol\u00edcia, o miliciano j\u00e1 fugira da casa onde estava com a fam\u00edlia, na Costa do Sau\u00edpe, e do esconderijo onde se abrigara, numa fazenda pr\u00f3xima. Os policiais podiam ficar a quil\u00f4metros da casa, e o bandido poderia atirar o quanto quisesse, mas continuaria cercado. Se a inten\u00e7\u00e3o fosse captur\u00e1-lo vivo, isso seria apenas uma quest\u00e3o de tempo. Tr\u00eas dias depois da opera\u00e7\u00e3o, as informa\u00e7\u00f5es divulgadas pelas pol\u00edcias foram gen\u00e9ricas e insuficientes para se entender o que aconteceu.<\/p>\n<p>Na melhor das hip\u00f3teses, os policiais foram incompetentes. Na pior, prevaleceu o protocolo de sil\u00eancio seguido pelo ex-PM Fabr\u00edcio Queiroz, <em>chevalier servant<\/em> da fam\u00edlia Bolsonaro e administrador da \u201crachadinha\u201d de seus gabinetes parlamentares, onde estiveram aninhadas a m\u00e3e e a mulher de Adriano. O sil\u00eancio de Queiroz \u00e9 volunt\u00e1rio, o do miliciano foi inevit\u00e1vel. Fica no ar um trecho da fala triunfalista de Witzel, no qual ele disse que a opera\u00e7\u00e3o \u201cobteve o resultado que se esperava\u201d.<\/p>\n<p><a href=\"http:\/\/jornalcontato.com.br\/home\/wp-content\/uploads\/2020\/02\/Na-cadeia.jpg\"><img loading=\"lazy\" decoding=\"async\" class=\"aligncenter size-full wp-image-17574\" src=\"http:\/\/jornalcontato.com.br\/home\/wp-content\/uploads\/2020\/02\/Na-cadeia.jpg\" alt=\"Na cadeia\" width=\"275\" height=\"183\" \/><\/a><\/p>\n<p style=\"text-align: center;\"><em><strong>Recebeu na cadeia a maior homenagem fluminense da ALERJ proposta pelo Zero 1<\/strong><\/em><\/p>\n<p>Quando a pol\u00edcia estava no rastro de Adriano, o ministro Sergio Moro vangloriou-se de ter organizado uma lista dos criminosos mais procurados. Nela estavam 27 bandidos, mas faltava o \u201cCapit\u00e3o Adriano\u201d. No melhor burocrat\u00eas, o minist\u00e9rio explicou: \u201cAs acusa\u00e7\u00f5es contra ele n\u00e3o possuem car\u00e1ter interestadual, requisito essencial para figurar no banco de criminosos de car\u00e1ter nacional\u201d. Conta outra, doutor. Dois dos listados eram milicianos municipais do Rio de Janeiro. Ademais, a interestadual idade de Adriano foi comprovada na cena de sua morte, com policiais baianos e fluminenses.<\/p>\n<p>O secret\u00e1rio de Seguran\u00e7a do governo petista da Bahia prometeu transpar\u00eancia na investiga\u00e7\u00e3o da morte do miliciano. Seria um apenas e acenado tiroteio tiver sido alterada. Nu matroca de tiros deveriam existir c\u00e1psulas da arma de Adriano. Seria razo\u00e1vel supor que a pol\u00edcia disparou mais tiros, al\u00e9m dos dois que atingiram o bandido. A cena poderia ter sido filmada, mas isso seria pedir demais, mesmo sabendo-se que se tratava de uma opera\u00e7\u00e3o de relev\u00e2ncia nacional. A captura de Adriano lustraria a pol\u00edcia e jogaria luz sobre suas conex\u00f5es. A morte do ex-capit\u00e3o serviu apenas para aumentar as trevas que protegem essa banda das mil\u00edcias do Rio.<\/p>\n<p><a href=\"http:\/\/jornalcontato.com.br\/home\/wp-content\/uploads\/2020\/02\/A-cavalo.jpg\"><img loading=\"lazy\" decoding=\"async\" class=\"aligncenter size-full wp-image-17575\" src=\"http:\/\/jornalcontato.com.br\/home\/wp-content\/uploads\/2020\/02\/A-cavalo.jpg\" alt=\"A cavalo\" width=\"300\" height=\"168\" srcset=\"https:\/\/jornalcontato.com.br\/home\/wp-content\/uploads\/2020\/02\/A-cavalo.jpg 300w, https:\/\/jornalcontato.com.br\/home\/wp-content\/uploads\/2020\/02\/A-cavalo-265x147.jpg 265w\" sizes=\"auto, (max-width: 300px) 100vw, 300px\" \/><\/a><\/p>\n<p style=\"text-align: center;\"><em><strong>Adriano se encontrava no interior da Bahia quando foi morto pela Pol\u00edcia Militar<\/strong><\/em><\/p>\n<p>Faz tempo, uma patrulha do Ex\u00e9rcito perseguiu outro ex-militar foragido pelo interior da Bahia. Chamava-se Carlos Lamarca. Apesar de ter teatralizado a cena de sua morte, o oficial que comandava a patrulha n\u00e3o falou em troca de tiros. Narrou uma execu\u00e7\u00e3o.<\/p>\n","protected":false},"excerpt":{"rendered":"<p>Imagem do local onde Adriano foi morto pelo BOPE baiano Ganha um fim de semana em Rio das Pedras quem conseguir montar um cen\u00e1rio plaus\u00edvel &#8230;<\/p>\n","protected":false},"author":1,"featured_media":17576,"comment_status":"open","ping_status":"open","sticky":false,"template":"","format":"standard","meta":{"footnotes":""},"categories":[1],"tags":[],"class_list":["post-17572","post","type-post","status-publish","format-standard","has-post-thumbnail","hentry","category-nacional"],"_links":{"self":[{"href":"https:\/\/www.jornalcontato.com.br\/home\/index.php\/wp-json\/wp\/v2\/posts\/17572","targetHints":{"allow":["GET"]}}],"collection":[{"href":"https:\/\/www.jornalcontato.com.br\/home\/index.php\/wp-json\/wp\/v2\/posts"}],"about":[{"href":"https:\/\/www.jornalcontato.com.br\/home\/index.php\/wp-json\/wp\/v2\/types\/post"}],"author":[{"embeddable":true,"href":"https:\/\/www.jornalcontato.com.br\/home\/index.php\/wp-json\/wp\/v2\/users\/1"}],"replies":[{"embeddable":true,"href":"https:\/\/www.jornalcontato.com.br\/home\/index.php\/wp-json\/wp\/v2\/comments?post=17572"}],"version-history":[{"count":1,"href":"https:\/\/www.jornalcontato.com.br\/home\/index.php\/wp-json\/wp\/v2\/posts\/17572\/revisions"}],"predecessor-version":[{"id":17577,"href":"https:\/\/www.jornalcontato.com.br\/home\/index.php\/wp-json\/wp\/v2\/posts\/17572\/revisions\/17577"}],"wp:featuredmedia":[{"embeddable":true,"href":"https:\/\/www.jornalcontato.com.br\/home\/index.php\/wp-json\/wp\/v2\/media\/17576"}],"wp:attachment":[{"href":"https:\/\/www.jornalcontato.com.br\/home\/index.php\/wp-json\/wp\/v2\/media?parent=17572"}],"wp:term":[{"taxonomy":"category","embeddable":true,"href":"https:\/\/www.jornalcontato.com.br\/home\/index.php\/wp-json\/wp\/v2\/categories?post=17572"},{"taxonomy":"post_tag","embeddable":true,"href":"https:\/\/www.jornalcontato.com.br\/home\/index.php\/wp-json\/wp\/v2\/tags?post=17572"}],"curies":[{"name":"wp","href":"https:\/\/api.w.org\/{rel}","templated":true}]}}