{"id":17565,"date":"2020-02-11T10:21:57","date_gmt":"2020-02-11T13:21:57","guid":{"rendered":"http:\/\/www.jornalcontato.com.br\/home\/?p=17565"},"modified":"2020-02-11T10:21:57","modified_gmt":"2020-02-11T13:21:57","slug":"as-memorias-do-chefe-de-milicias-valiam-muito-bernardo-mello-franco","status":"publish","type":"post","link":"https:\/\/www.jornalcontato.com.br\/home\/index.php\/as-memorias-do-chefe-de-milicias-valiam-muito-bernardo-mello-franco\/","title":{"rendered":"As mem\u00f3rias do chefe de mil\u00edcias valiam muito (Bernardo Mello Franco)"},"content":{"rendered":"<p>Durou ao menos 17 anos a rela\u00e7\u00e3o entre a fam\u00edlia Bolsonaro e o miliciano Adriano da N\u00f3brega, morto na madrugada de domingo. Em 2003, o herdeiro Fl\u00e1vio prop\u00f4s uma men\u00e7\u00e3o de louvor ao \u201cilustre tenente\u201d. \u201cDesenvolve sua fun\u00e7\u00e3o com dedica\u00e7\u00e3o, brilhantismo e galhardia\u201d, justificou.<\/p>\n<p>Em julho de 2005, o primeiro-filho voltou a premiar o PM com a Medalha Tiradentes, a mais importante do Estado. A honraria foi entregue na cadeia. Adriano estava preso pelo assassinato de um guardador de carros que acusou policiais de extors\u00e3o.<\/p>\n<p>Tr\u00eas meses depois, o patriarca Jair saiu em defesa do detento. Na tribuna da C\u00e2mara, disse que Adriano era um \u201cbrilhante oficial\u201d que n\u00e3o merecia estar em cana. \u201cCoitado, um jovem de vinte e poucos anos\u201d, lamentou. Ao fim do discurso, ele informou que o advogado do r\u00e9u recorreria da senten\u00e7a.<\/p>\n<p>O miliciano ainda seria preso outras duas vezes at\u00e9 receber o cart\u00e3o vermelho da PM, em 2013. Sua expuls\u00e3o do Bope n\u00e3o abalou a rela\u00e7\u00e3o com o cl\u00e3 presidencial. At\u00e9 o fim de 2018, Fl\u00e1vio empregou a m\u00e3e e mulher de Adriano na Alerj. As duas repassaram R$ 203 mil a Fabr\u00edcio Queiroz, apontado como o operador da \u201crachadinha\u201d do gabinete do primeiro-filho.<\/p>\n<p><a href=\"http:\/\/jornalcontato.com.br\/home\/wp-content\/uploads\/2020\/02\/Homenagem.jpg\"><img loading=\"lazy\" decoding=\"async\" class=\"aligncenter size-full wp-image-17566\" src=\"http:\/\/jornalcontato.com.br\/home\/wp-content\/uploads\/2020\/02\/Homenagem.jpg\" alt=\"Homenagem\" width=\"300\" height=\"168\" srcset=\"https:\/\/jornalcontato.com.br\/home\/wp-content\/uploads\/2020\/02\/Homenagem.jpg 300w, https:\/\/jornalcontato.com.br\/home\/wp-content\/uploads\/2020\/02\/Homenagem-265x147.jpg 265w\" sizes=\"auto, (max-width: 300px) 100vw, 300px\" \/><\/a><\/p>\n<p style=\"text-align: center;\"><em><strong>Filho Zero Um apresentou e aprovou a homenagem mais importante da ALERJ<\/strong><\/em><\/p>\n<p>Considera doum ex\u00edmio atirador, o ex-caveira encarnou como poucos abanda podre da pol\u00edcia do Rio. Enquanto ainda vestia a farda, vendeu prote\u00e7\u00e3o \u00e0 c\u00fapula do bicho e integrou o grupo de exterm\u00ednio conhecido como Escrit\u00f3rio do Crime.<\/p>\n<p>Nos \u00faltimos anos, Adriano tamb\u00e9m comandou a mil\u00edcia de Rio das Pedras, na Zona Oeste. Al\u00e9m de cobrar taxas dos moradores, passou a erguer pr\u00e9dios fantasmas \u2014o neg\u00f3cio da constru\u00e7\u00e3o irregular j\u00e1 matou 24 pessoas e continua a prosperar na cidade, coma leni\u00eancia do Estado e da prefeitura.<\/p>\n<p>As mem\u00f3rias do chefe de mil\u00edcias valiam muito. E ele sabia. Cinco dias antes de morrer, disse ao advogado que temia ser silenciado numa queima de arquivo. Ontem a defesa do senador Fl\u00e1vio negou as liga\u00e7\u00f5es de sua fam\u00edlia com o ex-caveira. O presidente mudou a rotina e cancelou a entrevista di\u00e1ria na porta do Alvorada.<\/p>\n<p>A rela\u00e7\u00e3o entre o cl\u00e3 Bolsonaro e Adriano da N\u00f3brega durou ao menos 17 anos. Ontem o presidente n\u00e3o quis comentar a morte do miliciano, a quem j\u00e1 chamou de \u201cbrilhante oficial\u201d<\/p>\n","protected":false},"excerpt":{"rendered":"<p>Durou ao menos 17 anos a rela\u00e7\u00e3o entre a fam\u00edlia Bolsonaro e o miliciano Adriano da N\u00f3brega, morto na madrugada de domingo. Em 2003, o &#8230;<\/p>\n","protected":false},"author":1,"featured_media":17567,"comment_status":"open","ping_status":"open","sticky":false,"template":"","format":"standard","meta":{"footnotes":""},"categories":[1],"tags":[],"class_list":["post-17565","post","type-post","status-publish","format-standard","has-post-thumbnail","hentry","category-nacional"],"_links":{"self":[{"href":"https:\/\/www.jornalcontato.com.br\/home\/index.php\/wp-json\/wp\/v2\/posts\/17565","targetHints":{"allow":["GET"]}}],"collection":[{"href":"https:\/\/www.jornalcontato.com.br\/home\/index.php\/wp-json\/wp\/v2\/posts"}],"about":[{"href":"https:\/\/www.jornalcontato.com.br\/home\/index.php\/wp-json\/wp\/v2\/types\/post"}],"author":[{"embeddable":true,"href":"https:\/\/www.jornalcontato.com.br\/home\/index.php\/wp-json\/wp\/v2\/users\/1"}],"replies":[{"embeddable":true,"href":"https:\/\/www.jornalcontato.com.br\/home\/index.php\/wp-json\/wp\/v2\/comments?post=17565"}],"version-history":[{"count":1,"href":"https:\/\/www.jornalcontato.com.br\/home\/index.php\/wp-json\/wp\/v2\/posts\/17565\/revisions"}],"predecessor-version":[{"id":17568,"href":"https:\/\/www.jornalcontato.com.br\/home\/index.php\/wp-json\/wp\/v2\/posts\/17565\/revisions\/17568"}],"wp:featuredmedia":[{"embeddable":true,"href":"https:\/\/www.jornalcontato.com.br\/home\/index.php\/wp-json\/wp\/v2\/media\/17567"}],"wp:attachment":[{"href":"https:\/\/www.jornalcontato.com.br\/home\/index.php\/wp-json\/wp\/v2\/media?parent=17565"}],"wp:term":[{"taxonomy":"category","embeddable":true,"href":"https:\/\/www.jornalcontato.com.br\/home\/index.php\/wp-json\/wp\/v2\/categories?post=17565"},{"taxonomy":"post_tag","embeddable":true,"href":"https:\/\/www.jornalcontato.com.br\/home\/index.php\/wp-json\/wp\/v2\/tags?post=17565"}],"curies":[{"name":"wp","href":"https:\/\/api.w.org\/{rel}","templated":true}]}}