{"id":17561,"date":"2020-02-09T13:12:27","date_gmt":"2020-02-09T16:12:27","guid":{"rendered":"http:\/\/www.jornalcontato.com.br\/home\/?p=17561"},"modified":"2020-02-09T13:12:27","modified_gmt":"2020-02-09T16:12:27","slug":"ex-capitao-adriano-e-morto-em-troca-de-tiros-com-o-bope-da-bahia-oglobo","status":"publish","type":"post","link":"https:\/\/www.jornalcontato.com.br\/home\/index.php\/ex-capitao-adriano-e-morto-em-troca-de-tiros-com-o-bope-da-bahia-oglobo\/","title":{"rendered":"Ex-capit\u00e3o Adriano \u00e9 morto em troca de tiros com o Bope da Bahia (OGLOBO)"},"content":{"rendered":"<p><strong>EM PRIMEIRA M\u00c3O<\/strong><\/p>\n<p style=\"text-align: center;\"><strong><em>Apontado como chefe de um grupo de matadores de aluguel e investigado na morte de Marielle, ele reagiu \u00e0 pris\u00e3o<\/em><\/strong><\/p>\n<p>\u00a0 \u00a0 \u00a0 \u00a0 \u00a0 RIO \u2014 O ex-capit\u00e3o do Bope Adriano Magalh\u00e3es da N\u00f3brega foi morto na manh\u00e3 deste domingo durante uma troca de tiros com policiais de Batalh\u00e3o de Opera\u00e7\u00f5es Especiais (Bope) da Bahia, com apoio do setor de intelig\u00eancia da Pol\u00edcia Civil do Rio. Apontado como autor de diversos homic\u00eddios, o ex-militar era um dos criminosos mais procurados do Rio de Janeiro, inclusive com alerta vermelho da Interpol. O ex-policial militar foi localizado numa \u00e1rea rural do estado da Bahia, no munic\u00edpio de Esplanada. A a\u00e7\u00e3o teve apoio da Secretaria de Estado de Seguran\u00e7a da Bahia. No in\u00edcio deste m\u00eas, a Pol\u00edcia Civil fez uma opera\u00e7\u00e3o na Costa do Sau\u00edpe para prend\u00ea-lo, mas n\u00e3o o encontrou. Na ocasi\u00e3o, Adriano deixou para tr\u00e1s uma identidade falsa.<\/p>\n<p>H\u00e1 cerca de um ano, capit\u00e3o Adriano vinha sendo investigado e monitorado pela intelig\u00eancia da Secretaria de Pol\u00edcia Civil, que conseguiu chegar ao paradeiro dele na Bahia. Com apoio operacional do Batalh\u00e3o de Opera\u00e7\u00f5es Especiais da Pol\u00edcia Militar da Bahia, foi realizada uma a\u00e7\u00e3o com o uso de helic\u00f3ptero. Segundo a pol\u00edcia, Adriano era acusado de ser o chefe de um grupo criminoso formado por matadores de aluguel, que ficou conhecido como Escrit\u00f3rio do Crime \u2014 investigado por suspeita de envolvimento nas mortes de Marielle Franco e Anderson Gomes. Ele era r\u00e9u na Opera\u00e7\u00e3o Intoc\u00e1veis do Minist\u00e9rio P\u00fablico do Rio (MP-RJ), que apura a mil\u00edcia de Rio das Pedras.<\/p>\n<p>Deflagrada em 22 de janeiro do ano passado, com base em investiga\u00e7\u00f5es do Grupo de Atua\u00e7\u00e3o Especial no Combate ao Crime Organizado (Gaeco) do MP-RJ, a \u201cIntoc\u00e1veis\u201d revelou que o ex-capit\u00e3o comandava um esquema de agiotagem, grilagem de terras e constru\u00e7\u00f5es ilegais, com o pagamento de propina a agentes p\u00fablicos, a fim de manter seus neg\u00f3cios il\u00edcitos, \u201csempre de forma violenta e por meio de amea\u00e7as\u201d. Adriano era o \u00fanico foragido da &#8220;Intocaveis&#8221;. Os outros 12 integrantes da mil\u00edcia de Rio das Pedras est\u00e3o presos.<\/p>\n<p><a href=\"http:\/\/jornalcontato.com.br\/home\/wp-content\/uploads\/2020\/02\/Armas-apreendidas-com-Adriano.jpg\"><img loading=\"lazy\" decoding=\"async\" class=\"aligncenter size-large wp-image-17562\" src=\"http:\/\/jornalcontato.com.br\/home\/wp-content\/uploads\/2020\/02\/Armas-apreendidas-com-Adriano-450x270.jpg\" alt=\"Armas apreendidas com Adriano\" width=\"450\" height=\"270\" srcset=\"https:\/\/jornalcontato.com.br\/home\/wp-content\/uploads\/2020\/02\/Armas-apreendidas-com-Adriano-450x270.jpg 450w, https:\/\/jornalcontato.com.br\/home\/wp-content\/uploads\/2020\/02\/Armas-apreendidas-com-Adriano-300x180.jpg 300w, https:\/\/jornalcontato.com.br\/home\/wp-content\/uploads\/2020\/02\/Armas-apreendidas-com-Adriano-768x461.jpg 768w, https:\/\/jornalcontato.com.br\/home\/wp-content\/uploads\/2020\/02\/Armas-apreendidas-com-Adriano.jpg 1086w\" sizes=\"auto, (max-width: 450px) 100vw, 450px\" \/><\/a><\/p>\n<p style=\"text-align: center;\"><em><strong>Armas apreendidas com o ex-capit\u00e3o Adriano pelo BOPE da Bahia e Pol\u00edcia Civil fluminense<\/strong><\/em><\/p>\n<p><strong>Homenagens<\/strong><\/p>\n<p>O ex-capit\u00e3o Adriano Magalh\u00e3es da N\u00f3brega foi alvo de duas honrarias, de louvor e congratula\u00e7\u00f5es por servi\u00e7os prestados \u00e0 corpora\u00e7\u00e3o. A primeira, uma mo\u00e7\u00e3o, ocorreu em outubro de 2003, por comandar um patrulhamento t\u00e1tico-m\u00f3vel, quando estava no 16\u00ba BPM (Olaria). Na \u00e9poca, o militar era primeiro-tenente.<\/p>\n<p>O texto da mo\u00e7\u00e3o de n\u00famero 2.650\/2003 dizia que ele era homenageado &#8220;pelos in\u00fameros servi\u00e7os prestados \u00e0 sociedade&#8221;. Fl\u00e1vio Bolsonaro justificou o ato: &#8220;no decorrer de sua carreira, atuou direta e indiretamente em a\u00e7\u00f5es promotoras de seguran\u00e7a e tranquilidade para a sociedade, recebendo v\u00e1rios elogios curriculares consignados em seus assentamentos funcionais. Imbu\u00eddo de esp\u00edrito comunit\u00e1rio, o que sempre pautou sua vida profissional, atua no cumprimento do seu dever de policial militar no atendimento ao cidad\u00e3o. \u00c9 com sentimento de orgulho e satisfa\u00e7\u00e3o que presto esta homenagem&#8221;.<\/p>\n<p>As liga\u00e7\u00f5es de Adriano com o senador Fl\u00e1vio Bolsonaro n\u00e3o param por a\u00ed. A m\u00e3e e a ex-mulher do ex-capit\u00e3o do Bope, Raimunda Veras Magalh\u00e3es e Danielle Mendon\u00e7a da Costa, foram lotadas no gabinete dele quando era deputado estadual, em 2018. No m\u00eas passado, a fam\u00edlia do miliciano foi acusada pelo MP de participar de um suposto esquema de rachadinha no gabinete de Fl\u00e1vio Bolsonaro, na Alerj. Segundo o pedido de busca e apreens\u00e3o feito pelos promotores, as duas teriam transferido R$ 203 mil para Fabr\u00edcio Queiroz, ex-assessor do filho do presidente. acusado de receber, entre 2014 e 2016, 22 pagamentos no valor de R$ 60 mil, para proteger os empres\u00e1rios do setor de transportes do Rio de eventuais a\u00e7\u00f5es judiciais.<\/p>\n<p><strong>Alerta internacional<\/strong><\/p>\n<p>Em janeiro do ano passado, o Minist\u00e9rio P\u00fablico estadual pediu \u00e0 Pol\u00edcia Federal que fosse emitido um alerta \u00e0 Interpol para incluir os sete foragidos da Opera\u00e7\u00e3o Os Intoc\u00e1veis em sua lista de procurados. O principal nome era de Adriano Magalh\u00e3es da N\u00f3brega. A ca\u00e7ada \u00e0 quadrilha teve in\u00edcio em 2019, quando o Grupo de Atua\u00e7\u00e3o Especial de Repress\u00e3o ao Crime Organizado (Gaeco) do MP do Rio, com o apoio da Delegacia de Repress\u00e3o a A\u00e7\u00f5es Criminosas Organizadas (Draco), deflagrou a opera\u00e7\u00e3o para desarticular o grupo paramilitar, considerado um dos mais perigosos da cidade.<\/p>\n<p>Na opera\u00e7\u00e3o, promotores e policiais tentaram cumprir 63 mandados de busca e apreens\u00e3o nas resid\u00eancias de 13 suspeitos e em locais considerados poss\u00edveis esconderijos. Um dos endere\u00e7os visitados foi o da associa\u00e7\u00e3o de moradores da comunidade, que \u00e9, segundo a investiga\u00e7\u00e3o, controlada pela quadrilha. Seis pessoas foram presas.<\/p>\n","protected":false},"excerpt":{"rendered":"<p>EM PRIMEIRA M\u00c3O Apontado como chefe de um grupo de matadores de aluguel e investigado na morte de Marielle, ele reagiu \u00e0 pris\u00e3o \u00a0 \u00a0 &#8230;<\/p>\n","protected":false},"author":1,"featured_media":17563,"comment_status":"open","ping_status":"open","sticky":false,"template":"","format":"standard","meta":{"footnotes":""},"categories":[1],"tags":[],"class_list":["post-17561","post","type-post","status-publish","format-standard","has-post-thumbnail","hentry","category-nacional"],"_links":{"self":[{"href":"https:\/\/www.jornalcontato.com.br\/home\/index.php\/wp-json\/wp\/v2\/posts\/17561","targetHints":{"allow":["GET"]}}],"collection":[{"href":"https:\/\/www.jornalcontato.com.br\/home\/index.php\/wp-json\/wp\/v2\/posts"}],"about":[{"href":"https:\/\/www.jornalcontato.com.br\/home\/index.php\/wp-json\/wp\/v2\/types\/post"}],"author":[{"embeddable":true,"href":"https:\/\/www.jornalcontato.com.br\/home\/index.php\/wp-json\/wp\/v2\/users\/1"}],"replies":[{"embeddable":true,"href":"https:\/\/www.jornalcontato.com.br\/home\/index.php\/wp-json\/wp\/v2\/comments?post=17561"}],"version-history":[{"count":1,"href":"https:\/\/www.jornalcontato.com.br\/home\/index.php\/wp-json\/wp\/v2\/posts\/17561\/revisions"}],"predecessor-version":[{"id":17564,"href":"https:\/\/www.jornalcontato.com.br\/home\/index.php\/wp-json\/wp\/v2\/posts\/17561\/revisions\/17564"}],"wp:featuredmedia":[{"embeddable":true,"href":"https:\/\/www.jornalcontato.com.br\/home\/index.php\/wp-json\/wp\/v2\/media\/17563"}],"wp:attachment":[{"href":"https:\/\/www.jornalcontato.com.br\/home\/index.php\/wp-json\/wp\/v2\/media?parent=17561"}],"wp:term":[{"taxonomy":"category","embeddable":true,"href":"https:\/\/www.jornalcontato.com.br\/home\/index.php\/wp-json\/wp\/v2\/categories?post=17561"},{"taxonomy":"post_tag","embeddable":true,"href":"https:\/\/www.jornalcontato.com.br\/home\/index.php\/wp-json\/wp\/v2\/tags?post=17561"}],"curies":[{"name":"wp","href":"https:\/\/api.w.org\/{rel}","templated":true}]}}