{"id":17556,"date":"2020-02-06T17:44:18","date_gmt":"2020-02-06T20:44:18","guid":{"rendered":"http:\/\/www.jornalcontato.com.br\/home\/?p=17556"},"modified":"2020-02-06T17:45:23","modified_gmt":"2020-02-06T20:45:23","slug":"o-presidente-contra-os-indios-bernardo-mello-franco","status":"publish","type":"post","link":"https:\/\/www.jornalcontato.com.br\/home\/index.php\/o-presidente-contra-os-indios-bernardo-mello-franco\/","title":{"rendered":"O presidente contra os \u00edndios (Bernardo Mello Franco)"},"content":{"rendered":"<p>Jair Bolsonaro nunca escondeu o que pensa dos povos ind\u00edgenas. O presidente j\u00e1 comparou os brasileiros que vivem em \u00e1reas demarcadas a \u201canimais no zool\u00f3gico\u201d. H\u00e1 duas semanas, disse que eles \u201cest\u00e3o evoluindo\u201d. \u201cCada vez mais, o \u00edndio \u00e9 um ser humano igual a n\u00f3s\u201d, afirmou.<\/p>\n<p>Ontem o governo passou da ret\u00f3rica \u00e0 a\u00e7\u00e3o. De manh\u00e3, o \u201cDi\u00e1rio Oficial\u201d confirmou a entrega de um cargo-chave da Funai a um mission\u00e1rio evang\u00e9lico. \u00c0 tarde, o presidente assinou projeto que libera a extra\u00e7\u00e3o de min\u00e9rio em terras ind\u00edgenas.<\/p>\n<p>Ligado a uma organiza\u00e7\u00e3o americana, o evangelizador Ricardo Lopes Dias assumir\u00e1 o setor de prote\u00e7\u00e3o aos \u00edndios isolados. Para permitir sua posse, a Funai mudou a regra que reservava o cargo a servidores de carreira. nomea\u00e7\u00e3o assustou antrop\u00f3logos e indigenistas. Eles temem que a estrutura da Funai seja usada para for\u00e7ar contato com os \u00edndios isolados e facilitar o proselitismo religioso na floresta.<\/p>\n<p><a href=\"http:\/\/jornalcontato.com.br\/home\/wp-content\/uploads\/2020\/02\/Bolsonaro-recebe-indios.jpeg\"><img loading=\"lazy\" decoding=\"async\" class=\"aligncenter size-large wp-image-17557\" src=\"http:\/\/jornalcontato.com.br\/home\/wp-content\/uploads\/2020\/02\/Bolsonaro-recebe-indios-450x300.jpeg\" alt=\"Bolsonaro recebe indios\" width=\"450\" height=\"300\" srcset=\"https:\/\/jornalcontato.com.br\/home\/wp-content\/uploads\/2020\/02\/Bolsonaro-recebe-indios-450x300.jpeg 450w, https:\/\/jornalcontato.com.br\/home\/wp-content\/uploads\/2020\/02\/Bolsonaro-recebe-indios-300x200.jpeg 300w, https:\/\/jornalcontato.com.br\/home\/wp-content\/uploads\/2020\/02\/Bolsonaro-recebe-indios-768x512.jpeg 768w, https:\/\/jornalcontato.com.br\/home\/wp-content\/uploads\/2020\/02\/Bolsonaro-recebe-indios.jpeg 960w\" sizes=\"auto, (max-width: 450px) 100vw, 450px\" \/><\/a><\/p>\n<p style=\"text-align: center;\"><em><strong>Bolsonaro recebe ind\u00edgenas e promete integr\u00e1-los ao garimpo<\/strong><\/em><\/p>\n<p>Em outra frente, Bolsonaro assinou projeto que libera o garimpo em terras ind\u00edgenas. A proposta abre caminho para uma antiga bandeira do capit\u00e3o. Ele sempre fez lobby para entregar \u00e1reas protegidas da Amaz\u00f4nia \u00e0 cobi\u00e7a das mineradoras.<\/p>\n<p>Para o indigenista M\u00e1rcio Santilli, do Instituto Socioambiental, as a\u00e7\u00f5es do governo afrontam direitos garantidos na Constitui\u00e7\u00e3o. Ele diz que Bolsonaro usa o poder para executar uma \u201cpol\u00edtica anti-ind\u00edgena\u201d. \u201cAs declara\u00e7\u00f5es do presidente s\u00e3o toscas e preconceituosas. Revelam uma vis\u00e3o prim\u00e1ria das rela\u00e7\u00f5es da sociedade com os povos ind\u00edgenas\u201d, afirma.<\/p>\n<p>Em solenidade no Planalto, o ministro Onyx Lorenzoni definiu o projeto que libera o garimpo como uma \u201cnova Lei \u00c1urea\u201d. Ele disse que os \u00edndios v\u00e3o ganhar \u201cautonomia\u201d, como se o objetivo n\u00e3o fosse entregar as riquezas do subsolo a grandes mineradoras.<\/p>\n<p>Neste ponto, Bolsonaro foi mais sincero. Ele admitiu que a proposta pr\u00f3-garimpo sofrer\u00e1 duras cr\u00edticas dos ambientalistas. Em seguida, disse o que gostaria de fazer com o \u201cpessoal do meio ambiente\u201d. \u201cSe um dia eu puder, confino-os na Amaz\u00f4nia\u201d, afirmou.<\/p>\n","protected":false},"excerpt":{"rendered":"<p>Jair Bolsonaro nunca escondeu o que pensa dos povos ind\u00edgenas. O presidente j\u00e1 comparou os brasileiros que vivem em \u00e1reas demarcadas a \u201canimais no zool\u00f3gico\u201d. &#8230;<\/p>\n","protected":false},"author":1,"featured_media":17558,"comment_status":"open","ping_status":"open","sticky":false,"template":"","format":"standard","meta":{"footnotes":""},"categories":[1],"tags":[],"class_list":["post-17556","post","type-post","status-publish","format-standard","has-post-thumbnail","hentry","category-nacional"],"_links":{"self":[{"href":"https:\/\/www.jornalcontato.com.br\/home\/index.php\/wp-json\/wp\/v2\/posts\/17556","targetHints":{"allow":["GET"]}}],"collection":[{"href":"https:\/\/www.jornalcontato.com.br\/home\/index.php\/wp-json\/wp\/v2\/posts"}],"about":[{"href":"https:\/\/www.jornalcontato.com.br\/home\/index.php\/wp-json\/wp\/v2\/types\/post"}],"author":[{"embeddable":true,"href":"https:\/\/www.jornalcontato.com.br\/home\/index.php\/wp-json\/wp\/v2\/users\/1"}],"replies":[{"embeddable":true,"href":"https:\/\/www.jornalcontato.com.br\/home\/index.php\/wp-json\/wp\/v2\/comments?post=17556"}],"version-history":[{"count":2,"href":"https:\/\/www.jornalcontato.com.br\/home\/index.php\/wp-json\/wp\/v2\/posts\/17556\/revisions"}],"predecessor-version":[{"id":17560,"href":"https:\/\/www.jornalcontato.com.br\/home\/index.php\/wp-json\/wp\/v2\/posts\/17556\/revisions\/17560"}],"wp:featuredmedia":[{"embeddable":true,"href":"https:\/\/www.jornalcontato.com.br\/home\/index.php\/wp-json\/wp\/v2\/media\/17558"}],"wp:attachment":[{"href":"https:\/\/www.jornalcontato.com.br\/home\/index.php\/wp-json\/wp\/v2\/media?parent=17556"}],"wp:term":[{"taxonomy":"category","embeddable":true,"href":"https:\/\/www.jornalcontato.com.br\/home\/index.php\/wp-json\/wp\/v2\/categories?post=17556"},{"taxonomy":"post_tag","embeddable":true,"href":"https:\/\/www.jornalcontato.com.br\/home\/index.php\/wp-json\/wp\/v2\/tags?post=17556"}],"curies":[{"name":"wp","href":"https:\/\/api.w.org\/{rel}","templated":true}]}}