{"id":17550,"date":"2020-02-05T18:58:24","date_gmt":"2020-02-05T21:58:24","guid":{"rendered":"http:\/\/www.jornalcontato.com.br\/home\/?p=17550"},"modified":"2020-02-05T18:58:24","modified_gmt":"2020-02-05T21:58:24","slug":"a-verdade-voz-fara-livre-e-entao-e-carnaval-eh-mestre-jc-sebe-bom-meihy","status":"publish","type":"post","link":"https:\/\/www.jornalcontato.com.br\/home\/index.php\/a-verdade-voz-fara-livre-e-entao-e-carnaval-eh-mestre-jc-sebe-bom-meihy\/","title":{"rendered":"A VERDADE VOZ FAR\u00c1 LIVRE: e ent\u00e3o \u00e9 carnaval, eh?! (Mestre JC Sebe Bom Meihy)"},"content":{"rendered":"<p>Nossa!&#8230; nem vi o tempo passar. Ainda ontem era Natal, depois veio o Ano Novo, dia de Reis e o calend\u00e1rio j\u00e1 pontifica os dias de carnaval. Meu Deus, o que aconteceu com os marcadores do tempo? Aceleraram demais, perderam o controle? Ou eu que desaprendi que uma coisa vem depois da outra, que as datas se sucedem obedecendo a rituais diferentes? \u00c9 tanta coisa que come\u00e7o a me confundir, a misturar tudo e n\u00e3o saber mais onde guardei a m\u00e1scara de \u201cantigos carnavais\u201d.<\/p>\n<p>Lembro-me dos tempos em que pelas ondas do r\u00e1dio as marchinhas irreverentes se sucediam e por concursos eleg\u00edamos a melhor do ano; e a briga para saber quem seria a rainha do carnaval movimentava opini\u00f5es. Jo\u00e3o Roberto Kelly se superava nas irrever\u00eancias alongando a presen\u00e7a de tantos como Ary Barroso. Como o mundo ainda era redondo (ah, os terraplanistas!) nos giros do globo a Globeleza sem roupa brilhava nas telas com vinhetas das escolas de samba. Sabia-se que a folia estava pr\u00f3xima e era contagiante. Como tudo mudou!<\/p>\n<p><a href=\"http:\/\/jornalcontato.com.br\/home\/wp-content\/uploads\/2020\/02\/Valeria-Valenssa.jpg\"><img loading=\"lazy\" decoding=\"async\" class=\"aligncenter size-large wp-image-17551\" src=\"http:\/\/jornalcontato.com.br\/home\/wp-content\/uploads\/2020\/02\/Valeria-Valenssa-300x450.jpg\" alt=\"Valeria Valenssa\" width=\"300\" height=\"450\" srcset=\"https:\/\/jornalcontato.com.br\/home\/wp-content\/uploads\/2020\/02\/Valeria-Valenssa-300x450.jpg 300w, https:\/\/jornalcontato.com.br\/home\/wp-content\/uploads\/2020\/02\/Valeria-Valenssa-200x300.jpg 200w, https:\/\/jornalcontato.com.br\/home\/wp-content\/uploads\/2020\/02\/Valeria-Valenssa.jpg 533w\" sizes=\"auto, (max-width: 300px) 100vw, 300px\" \/><\/a><\/p>\n<p style=\"text-align: center;\"><em><strong>Val\u00e9ria Valenssa, uma globeleza que nunca foi desbancada de rainha do Carnaval<\/strong><\/em><\/p>\n<p>Sabe, me vem a cabe\u00e7a triste profecia de Carlos Lyra em parceria com Vin\u00edcius de Moraes: \u201cacabou nosso carnaval\/ ningu\u00e9m ouve cantar can\u00e7\u00f5es\/ ningu\u00e9m passa mais brincando feliz\/ e nos cora\u00e7\u00f5es\/ saudades e cinzas foi o que restou\u201d. Pior mesmo \u00e9 a continuidade fatalista desta \u201cMarcha da quarta-feira de cinzas\u201d: \u201cpelas ruas o que se v\u00ea\/ \u00e9 uma gente que nem se v\u00ea\/ que nem se sorri\/ se beija e se abra\u00e7a\/ e sai caminhando\/ dan\u00e7ando e cantando cantigas de amor\u201d. Triste,\u00a0 n\u00e9?&#8230;<\/p>\n<p>Mas se fosse questionado sobre o que mais me abate na considera\u00e7\u00e3o sobre este nosso carnaval de 2020 n\u00e3o titubearia em responder que \u00e9 a fal\u00eancia do humor. Independente das origens variadas da celebra\u00e7\u00e3o mom\u00edstica (africana, ind\u00edgena, europeia, ou todas juntas), o abra\u00e7o do humor com a gra\u00e7a \u00e9 o que mais me acabrunha. Carnaval \u00e9\/era irrever\u00eancia pura e a permiss\u00e3o de homem se vestir de mulher e vice-versa, de pobre virar rico (\u201crei, pirata ou jardineira\u201d como queriam Vin\u00edcius e Jobim) dimensionava picardia engra\u00e7ada. E ent\u00e3o t\u00ednhamos \u201cnega maluca\u201d, \u201c\u00edndio quer apito\u201d, \u201ctouradas em Madri\u201d \u201co rala, rala, rala, coitado do Abdala\u201d, \u201cMaria sapat\u00e3o\u201d, e \u00e9ramos mais felizes na irrever\u00eancia que n\u00e3o ofendia e fazia rir. No reino de permiss\u00e3o (n\u00e3o permissividade) o devaneio da liberdade vestia a fantasia do poss\u00edvel e todos brincavam (\u201cbrincar carnaval\u201d, lindo n\u00e3o?!).<\/p>\n<p><a href=\"http:\/\/jornalcontato.com.br\/home\/wp-content\/uploads\/2020\/02\/bloco-das-carmelitas.jpg\"><img loading=\"lazy\" decoding=\"async\" class=\"aligncenter size-large wp-image-17552\" src=\"http:\/\/jornalcontato.com.br\/home\/wp-content\/uploads\/2020\/02\/bloco-das-carmelitas-450x215.jpg\" alt=\"bloco das carmelitas\" width=\"450\" height=\"215\" srcset=\"https:\/\/jornalcontato.com.br\/home\/wp-content\/uploads\/2020\/02\/bloco-das-carmelitas-450x215.jpg 450w, https:\/\/jornalcontato.com.br\/home\/wp-content\/uploads\/2020\/02\/bloco-das-carmelitas-300x144.jpg 300w, https:\/\/jornalcontato.com.br\/home\/wp-content\/uploads\/2020\/02\/bloco-das-carmelitas-768x368.jpg 768w, https:\/\/jornalcontato.com.br\/home\/wp-content\/uploads\/2020\/02\/bloco-das-carmelitas.jpg 1078w\" sizes=\"auto, (max-width: 450px) 100vw, 450px\" \/><\/a><\/p>\n<p style=\"text-align: center;\"><em><strong>O irreverente Bloco das Carmelitas<\/strong><\/em><\/p>\n<p>O qu\u00ea e como tudo mudou? Tenho um palpite: a falsa moralidade, aquela que n\u00e3o permite mais o \u201cteu cabelo n\u00e3o nega\u201d ou a \u201cmulata bossa-nova\u201d. \u00c9 claro que professo todas as causas feministas, as escolhas sexuais, o respeito a todos cultos, sem d\u00favida alguma, mas pe\u00e7o licen\u00e7a para manter o pressuposto da p\u00e2ndega carnavalesca, da s\u00e1tira democr\u00e1tica, irreverente, provocativa. E \u00e9 exatamente nesta bifurca\u00e7\u00e3o moral que atua o azedo dos detratores da alegria picante. A s\u00e1tira \u00e9 essencial no tempo do carnaval, \u00e9 a alma da folia, \u00e9 gra\u00e7a. Sem este entendimento fundamental, as velhas autoriza\u00e7\u00f5es para humanizar deuses e orix\u00e1s correm o risco da censura. Censura burra, hip\u00f3crita, rid\u00edcula e agressiva. E penso nas batinas irreverentes de padres; nos h\u00e1bitos provocantes de freiras lascivas, nos turbantes de aiatol\u00e1s e nas vestes de rabinos. E sa\u00fado o humor do Bloco da Carmelitas e entoo feliz da vida \u201cAl\u00e1, meu bom Al\u00e1\u201d (Lamartine), e junto festejo os trajes de anjos e diabos, tudo numa brincadeira que pretende inverter o duro cotidiano t\u00e3o cheio de regras de moralismo falso, patriotices tolas, zangas politiqueiras.<\/p>\n<p><a href=\"http:\/\/jornalcontato.com.br\/home\/wp-content\/uploads\/2020\/02\/Mangueira-2019.jpg\"><img loading=\"lazy\" decoding=\"async\" class=\"aligncenter size-large wp-image-17553\" src=\"http:\/\/jornalcontato.com.br\/home\/wp-content\/uploads\/2020\/02\/Mangueira-2019-450x300.jpg\" alt=\"Mangueira 2019\" width=\"450\" height=\"300\" srcset=\"https:\/\/jornalcontato.com.br\/home\/wp-content\/uploads\/2020\/02\/Mangueira-2019-450x300.jpg 450w, https:\/\/jornalcontato.com.br\/home\/wp-content\/uploads\/2020\/02\/Mangueira-2019-300x200.jpg 300w, https:\/\/jornalcontato.com.br\/home\/wp-content\/uploads\/2020\/02\/Mangueira-2019-768x512.jpg 768w, https:\/\/jornalcontato.com.br\/home\/wp-content\/uploads\/2020\/02\/Mangueira-2019.jpg 1024w\" sizes=\"auto, (max-width: 450px) 100vw, 450px\" \/><\/a><\/p>\n<p style=\"text-align: center;\"><em><strong>Comiss\u00e3o de Frente da Esta\u00e7\u00e3o Primeira de Mangueira no Carnaval de 2019<\/strong><\/em><\/p>\n<p>Virando a chave da cr\u00edtica, devo reverenciar o samba da Esta\u00e7\u00e3o Primeira de Mangueira que, ali\u00e1s, retoma o teor cr\u00edtico inerente ao carnaval e sob o t\u00edtulo \u201cA verdade vos far\u00e1 livre\u201d, na composi\u00e7\u00e3o de Luiz Carlos M\u00e1ximo \/ Manu da Cu\u00edca, legitima o ensinamento crist\u00e3o. Evocando passagens b\u00edblicas diz a letra elaborada: \u201cSenhor, tenha piedade\/ Olhai para a terra\/ Veja quanta maldade\u201d e progride \u201cMangueira\/ Samba, teu samba \u00e9 uma reza\/ Pela for\u00e7a que ele tem\u201d e desdobra \u201cMangueira v\u00e3o te inventar mil pecados\/ mas eu estou do seu lado\/ e do lado do samba tamb\u00e9m\u201d. Talvez o que fira a vis\u00e3o med\u00edocre de cr\u00edticos \u00e9 a identifica\u00e7\u00e3o com o Cristo popular de \u201crosto negro, sangue \u00edndio, corpo de mulher\/ moleque pelintra no buraco quente\u201d, isto para concluir um \u201cJesus da Gente\u201d com perfil leg\u00edtimo e biografia de exclu\u00eddo \u201cnasci de peito aberto, de punho cerrado\/ meu pai carpinteiro, desempregado\/ minha m\u00e3e \u00e9 Maria das Dores Brasil\u201d. Sem subterf\u00fagio, num desafio expl\u00edcito o samba-ora\u00e7\u00e3o continua \u201cfavela, pega a vis\u00e3o\/ n\u00e3o tem futuro sem partilha\/ Nem messias de arma na m\u00e3o\u201d.<\/p>\n<p>Aposto na Esta\u00e7\u00e3o Primeira, na Mangueira querida. Sat\u00edrica, mordaz, picante, explicando a car\u00eancia da alegria p\u00e2ndega, ela permite retomar o princ\u00edpio ditado por Vin\u00edcius e Carlinhos Lyra \u201cE no entanto \u00e9 preciso cantar\/ Mais que nunca \u00e9 preciso cantar\/ \u00c9 preciso cantar e alegrar a cidade\u201d&#8230; Alegrar a cidade e calar a boca de fieis \u00e0 opress\u00e3o, ao mau humor e \u00e0 ignor\u00e2ncia.<\/p>\n","protected":false},"excerpt":{"rendered":"<p>Nossa!&#8230; nem vi o tempo passar. Ainda ontem era Natal, depois veio o Ano Novo, dia de Reis e o calend\u00e1rio j\u00e1 pontifica os dias &#8230;<\/p>\n","protected":false},"author":1,"featured_media":17554,"comment_status":"open","ping_status":"open","sticky":false,"template":"","format":"standard","meta":{"footnotes":""},"categories":[1],"tags":[],"class_list":["post-17550","post","type-post","status-publish","format-standard","has-post-thumbnail","hentry","category-nacional"],"_links":{"self":[{"href":"https:\/\/www.jornalcontato.com.br\/home\/index.php\/wp-json\/wp\/v2\/posts\/17550","targetHints":{"allow":["GET"]}}],"collection":[{"href":"https:\/\/www.jornalcontato.com.br\/home\/index.php\/wp-json\/wp\/v2\/posts"}],"about":[{"href":"https:\/\/www.jornalcontato.com.br\/home\/index.php\/wp-json\/wp\/v2\/types\/post"}],"author":[{"embeddable":true,"href":"https:\/\/www.jornalcontato.com.br\/home\/index.php\/wp-json\/wp\/v2\/users\/1"}],"replies":[{"embeddable":true,"href":"https:\/\/www.jornalcontato.com.br\/home\/index.php\/wp-json\/wp\/v2\/comments?post=17550"}],"version-history":[{"count":1,"href":"https:\/\/www.jornalcontato.com.br\/home\/index.php\/wp-json\/wp\/v2\/posts\/17550\/revisions"}],"predecessor-version":[{"id":17555,"href":"https:\/\/www.jornalcontato.com.br\/home\/index.php\/wp-json\/wp\/v2\/posts\/17550\/revisions\/17555"}],"wp:featuredmedia":[{"embeddable":true,"href":"https:\/\/www.jornalcontato.com.br\/home\/index.php\/wp-json\/wp\/v2\/media\/17554"}],"wp:attachment":[{"href":"https:\/\/www.jornalcontato.com.br\/home\/index.php\/wp-json\/wp\/v2\/media?parent=17550"}],"wp:term":[{"taxonomy":"category","embeddable":true,"href":"https:\/\/www.jornalcontato.com.br\/home\/index.php\/wp-json\/wp\/v2\/categories?post=17550"},{"taxonomy":"post_tag","embeddable":true,"href":"https:\/\/www.jornalcontato.com.br\/home\/index.php\/wp-json\/wp\/v2\/tags?post=17550"}],"curies":[{"name":"wp","href":"https:\/\/api.w.org\/{rel}","templated":true}]}}