{"id":17473,"date":"2020-01-16T10:03:30","date_gmt":"2020-01-16T13:03:30","guid":{"rendered":"http:\/\/www.jornalcontato.com.br\/home\/?p=17473"},"modified":"2020-01-16T10:03:30","modified_gmt":"2020-01-16T13:03:30","slug":"a-vinganca-de-voltar-a-rosetar-joaquim-ferreira-dos-santos","status":"publish","type":"post","link":"https:\/\/www.jornalcontato.com.br\/home\/index.php\/a-vinganca-de-voltar-a-rosetar-joaquim-ferreira-dos-santos\/","title":{"rendered":"A vingan\u00e7a de voltar a rosetar (Joaquim Ferreira dos Santos)"},"content":{"rendered":"<p>&nbsp;<\/p>\n<p style=\"text-align: center;\"><em><strong>O carnaval de 2020 promete vingan\u00e7a contra o baixo astral de 2019<\/strong><\/em><\/p>\n<p>Prepare-se porque vai ser o carnaval da revanche, do quebra-quebra-gabiroba no lombo daqueles que passaram 2019 querendo acabar com o tanto riso e a tanta alegria que nos eram inerentes. As \u00e1guas v\u00e3o rolar. Recomendaram a dieta do \u00f3dio, do luto de tr\u00eas dias e da abstin\u00eancia dos bons sentimentos &#8211; agora empurra a carrocinha que a vingan\u00e7a ser\u00e1 quentinha.<\/p>\n<p>L\u00e1 vem o Z\u00e9 Pereira armado com seu bumbo insaci\u00e1vel, seu bigorrilho incomensur\u00e1vel, e ele est\u00e1 pronto para cobrar a conta por um ano inteiro de tristeza e decep\u00e7\u00e3o. Segura a chupeta, general da banda. No turbilh\u00e3o desta galeria chamada Brasil, o Z\u00e9 Pereira, e mais a mulata bossa nova, e ainda mais o \u201cseu\u201d China na ponta do p\u00e9, todos querem realizar o castigo momescamente implac\u00e1vel de instalar a desordem, beijar sem preconceito todas as bocas de g\u00eaneros e, seguindo os ensinamentos de Paulo Freire, tirar o cavaco do pau.<\/p>\n<p><a href=\"http:\/\/jornalcontato.com.br\/home\/wp-content\/uploads\/2020\/01\/Rodo-metalica.jpg\"><img loading=\"lazy\" decoding=\"async\" class=\"aligncenter size-large wp-image-17474\" src=\"http:\/\/jornalcontato.com.br\/home\/wp-content\/uploads\/2020\/01\/Rodo-metalica-450x225.jpg\" alt=\"Rodo metalica\" width=\"450\" height=\"225\" srcset=\"https:\/\/jornalcontato.com.br\/home\/wp-content\/uploads\/2020\/01\/Rodo-metalica-450x225.jpg 450w, https:\/\/jornalcontato.com.br\/home\/wp-content\/uploads\/2020\/01\/Rodo-metalica-300x150.jpg 300w, https:\/\/jornalcontato.com.br\/home\/wp-content\/uploads\/2020\/01\/Rodo-metalica-768x384.jpg 768w, https:\/\/jornalcontato.com.br\/home\/wp-content\/uploads\/2020\/01\/Rodo-metalica.jpg 960w\" sizes=\"auto, (max-width: 450px) 100vw, 450px\" \/><\/a><\/p>\n<p style=\"text-align: center;\"><em><strong>Lan\u00e7a-perfume rodo met\u00e1lica encantou os sal\u00f5es at\u00e9 meados do s\u00e9culo passado<\/strong><\/em><\/p>\n<p>As negas malucas v\u00e3o enfrentar as mil\u00edcias do condom\u00ednio com a prise orgi\u00e1stica de suas garrafas de lan\u00e7a-perfume. O bloco dos pigmeus de boulevard, p\u00f3 de mico em riste, far\u00e1 co\u00e7ar quem, em nome de Deus, tentou censurar a felicidade de ser brasileiro, se orgulhar de Fernanda Montenegro e respeitar meninos de rosa, meninas de azul.<\/p>\n<p>J\u00e1 aconteceu no carnaval de 1920, quando os que sobreviveram \u00e0 gripe espanhola de 1919 (mais de 15 mil mortos no Rio) deram a resposta ao medo e fizeram o maior carnaval de todos os tempos. Vai ser assim de novo, o ronca ronca da cu\u00edca, o pirulito que bate-bate, o recordar \u00e9 viver, em 2020. O \u00edndio que sempre quis apito, desta vez vai ter. N\u00e3o vai faltar mais um zero no ordenado de ningu\u00e9m.<\/p>\n<p>Em 2019, um ano a ser esquecido, o gafanhoto deu na minha horta, a jardineira nunca esteve t\u00e3o triste e Madureira chorou. Reinou a grosseria do pirata da cara de mau, um sujeito sem no\u00e7\u00e3o do que seja esse mundo de zinco que \u00e9 Mangueira &#8211; e um dia ser\u00e1 capaz de cantar em rede nacional a marcha do \u201ccoelhinho se eu fosse como tu\u201d. A resposta a esse ano infeliz da nossa hist\u00f3ria come\u00e7ou ontem e se estender\u00e1 pelo in\u00e9dito calend\u00e1rio de 50 dias de uma folia inesquec\u00edvel. O velhinho da porta da Colombo h\u00e1 de aguentar.<\/p>\n<p><a href=\"http:\/\/jornalcontato.com.br\/home\/wp-content\/uploads\/2020\/01\/Educacao-e-investimento.jpg\"><img loading=\"lazy\" decoding=\"async\" class=\"aligncenter size-full wp-image-17475\" src=\"http:\/\/jornalcontato.com.br\/home\/wp-content\/uploads\/2020\/01\/Educacao-e-investimento.jpg\" alt=\"Educacao e investimento\" width=\"290\" height=\"174\" \/><\/a><\/p>\n<p style=\"text-align: center;\"><em><strong>2019, um ano a ser esquecido<\/strong><\/em><\/p>\n<p>Est\u00e3o para chegar tamb\u00e9m as Piranhas de Madureira de bra\u00e7os dados com os batuqueiros do Cacique de Ramos. Depois de lhes terem roubado o sossego, depois de lhes terem roubado a santa paz, todos trazem no peito a obsess\u00e3o de ir \u00e0 forra. A Lapa vai voltar a ser a Lapa. Se a radiopatrulha chegasse aqui agora submeteria o respons\u00e1vel por toda essa infelicidade a um duro interrogat\u00f3rio de nacionalidade. Voc\u00ea conhece o pedreiro Valdemar? Voc\u00ea sabe a que horas o Z\u00e9 Marmita pega o trem? E desses confetes e serpentinas, o energ\u00fameno tamb\u00e9m nada saberia.<\/p>\n<p><a href=\"http:\/\/jornalcontato.com.br\/home\/wp-content\/uploads\/2020\/01\/Beth-Carvalho.jpg\"><img loading=\"lazy\" decoding=\"async\" class=\"aligncenter size-full wp-image-17476\" src=\"http:\/\/jornalcontato.com.br\/home\/wp-content\/uploads\/2020\/01\/Beth-Carvalho.jpg\" alt=\"Beth Carvalho\" width=\"293\" height=\"172\" \/><\/a><\/p>\n<p style=\"text-align: center;\"><em><strong>Beth Carvalho, uma perda irrepar\u00e1vel para o samba e o carnaval<\/strong><\/em><\/p>\n<p>Beth Carvalho, outra maldade que 2019 fez com o Brasil, n\u00e3o estar\u00e1 mais \u00e0 frente do carro de som, mas a Maria Candel\u00e1ria, o moleque bamba, a turma do funil e at\u00e9 o gato na tuba, eles v\u00e3o festejar o teu sofrer, o teu penar. Te cuida, seu Queiroz, porque, se essa porra n\u00e3o virar, a multid\u00e3o enfurecida vai realizar a maravilhosa vingan\u00e7a, carnavalescamente constitucional, de voltar a rosetar.<\/p>\n","protected":false},"excerpt":{"rendered":"<p>&nbsp; O carnaval de 2020 promete vingan\u00e7a contra o baixo astral de 2019 Prepare-se porque vai ser o carnaval da revanche, do quebra-quebra-gabiroba no lombo &#8230;<\/p>\n","protected":false},"author":1,"featured_media":17477,"comment_status":"open","ping_status":"open","sticky":false,"template":"","format":"standard","meta":{"footnotes":""},"categories":[1],"tags":[],"class_list":["post-17473","post","type-post","status-publish","format-standard","has-post-thumbnail","hentry","category-nacional"],"_links":{"self":[{"href":"https:\/\/www.jornalcontato.com.br\/home\/index.php\/wp-json\/wp\/v2\/posts\/17473","targetHints":{"allow":["GET"]}}],"collection":[{"href":"https:\/\/www.jornalcontato.com.br\/home\/index.php\/wp-json\/wp\/v2\/posts"}],"about":[{"href":"https:\/\/www.jornalcontato.com.br\/home\/index.php\/wp-json\/wp\/v2\/types\/post"}],"author":[{"embeddable":true,"href":"https:\/\/www.jornalcontato.com.br\/home\/index.php\/wp-json\/wp\/v2\/users\/1"}],"replies":[{"embeddable":true,"href":"https:\/\/www.jornalcontato.com.br\/home\/index.php\/wp-json\/wp\/v2\/comments?post=17473"}],"version-history":[{"count":1,"href":"https:\/\/www.jornalcontato.com.br\/home\/index.php\/wp-json\/wp\/v2\/posts\/17473\/revisions"}],"predecessor-version":[{"id":17478,"href":"https:\/\/www.jornalcontato.com.br\/home\/index.php\/wp-json\/wp\/v2\/posts\/17473\/revisions\/17478"}],"wp:featuredmedia":[{"embeddable":true,"href":"https:\/\/www.jornalcontato.com.br\/home\/index.php\/wp-json\/wp\/v2\/media\/17477"}],"wp:attachment":[{"href":"https:\/\/www.jornalcontato.com.br\/home\/index.php\/wp-json\/wp\/v2\/media?parent=17473"}],"wp:term":[{"taxonomy":"category","embeddable":true,"href":"https:\/\/www.jornalcontato.com.br\/home\/index.php\/wp-json\/wp\/v2\/categories?post=17473"},{"taxonomy":"post_tag","embeddable":true,"href":"https:\/\/www.jornalcontato.com.br\/home\/index.php\/wp-json\/wp\/v2\/tags?post=17473"}],"curies":[{"name":"wp","href":"https:\/\/api.w.org\/{rel}","templated":true}]}}