{"id":17449,"date":"2019-12-20T16:26:55","date_gmt":"2019-12-20T19:26:55","guid":{"rendered":"http:\/\/www.jornalcontato.com.br\/home\/?p=17449"},"modified":"2019-12-20T16:26:55","modified_gmt":"2019-12-20T19:26:55","slug":"o-chefe-de-queiroz-era-jair-bernardo-mello-franco","status":"publish","type":"post","link":"https:\/\/www.jornalcontato.com.br\/home\/index.php\/o-chefe-de-queiroz-era-jair-bernardo-mello-franco\/","title":{"rendered":"O chefe de Queiroz era Jair (Bernardo Mello Franco)"},"content":{"rendered":"<p>Em 2016, Donald Trump disse que nem um flagrante de homic\u00eddio abalaria a fidelidade de seus eleitores. \u201cEu poderia atirar em algu\u00e9m no meio da Quinta Avenida e n\u00e3o perderia nenhum voto, ok? \u00c9 incr\u00edvel!\u201d, gabou-se.<\/p>\n<p>Ao que tudo indica, Jair Bolsonaro acredita dispor dos mesmos superpoderes. S\u00f3 isso pode explicar o fato de o presidente ter se referido \u00e0s investiga\u00e7\u00f5es conduzidas pelo Minist\u00e9rio P\u00fablico do Rio como \u201cpequenos problemas\u201d.<\/p>\n<p>O presidente disse ontem que n\u00e3o tem \u201cnada a ver\u201d com o vaiv\u00e9m de dinheiro no gabinete de Fl\u00e1vio Bolsonaro na Assembleia Legislativa do Rio. \u00c9 uma vers\u00e3o capenga, porque as principais decis\u00f5es tomadas ali passavam pelo chefe do cl\u00e3.<\/p>\n<p>Jair \u00e9 um velho parceiro de Fabr\u00edcio Queiroz, apontado como operador da rachadinha do Zero Um. Quando os dois ficaram amigos, Fl\u00e1vio tinha apenas 3 anos. O ex-PM estava lotado no gabinete do filho, mas seu verdadeiro chefe era o pai.<\/p>\n<p>\u201cConhe\u00e7o o senhor Queiroz desde 1984. N\u00f3s somos paraquedistas. Nasceu ali, e continua, uma amizade\u201d, disse Bolsonaro quando o esc\u00e2ndalo veio \u00e0 tona. Em maio, ele contou que o amigo lhe pediu ajuda quando enfrentava \u201cproblemas\u201d na pol\u00edcia. \u201cA\u00ed ele come\u00e7ou a trabalhar conosco\u201d, relatou, usando a primeira pessoa do plural.<\/p>\n<p><a href=\"http:\/\/jornalcontato.com.br\/home\/wp-content\/uploads\/2019\/12\/Jair-Eduardo-e-Queiroz.jpg\"><img loading=\"lazy\" decoding=\"async\" class=\"aligncenter size-large wp-image-17450\" src=\"http:\/\/jornalcontato.com.br\/home\/wp-content\/uploads\/2019\/12\/Jair-Eduardo-e-Queiroz-450x326.jpg\" alt=\"Jair, Eduardo e Queiroz\" width=\"450\" height=\"326\" srcset=\"https:\/\/jornalcontato.com.br\/home\/wp-content\/uploads\/2019\/12\/Jair-Eduardo-e-Queiroz-450x326.jpg 450w, https:\/\/jornalcontato.com.br\/home\/wp-content\/uploads\/2019\/12\/Jair-Eduardo-e-Queiroz-300x218.jpg 300w, https:\/\/jornalcontato.com.br\/home\/wp-content\/uploads\/2019\/12\/Jair-Eduardo-e-Queiroz.jpg 600w\" sizes=\"auto, (max-width: 450px) 100vw, 450px\" \/><\/a><\/p>\n<p style=\"text-align: center;\"><em><strong>Jair e Eduardo Bolsonaro com o amigo Fabr\u00edcio Queiroz<\/strong><\/em><\/p>\n<p>Queiroz depositou R$ 24 mil na conta da primeira-dama Michelle Bolsonaro. O presidente atribuiu os repasses a um empr\u00e9stimo informal. Nunca explicou por que o ex-PM precisaria de sua ajuda financeira \u2014 de acordo com o Coaf, ele movimentou R$ 7 milh\u00f5es em tr\u00eas anos.<\/p>\n<p>O amigo de Bolsonaro recebeu ao menos R$ 203 mil da m\u00e3e e da mulher do miliciano Adriano da N\u00f3brega, hoje foragido da pol\u00edcia. As duas estavam penduradas no gabinete do Zero Um, que condecorou o ex-capit\u00e3o do Bope quando ele estava preso por homic\u00eddio. O dinheiro passou por contas de Adriano antes de ser devolvido a Queiroz.<\/p>\n<p>O presidente nunca disfar\u00e7ou sua simpatia pelas mil\u00edcias. Essas organiza\u00e7\u00f5es operam no submundo policial e movimentam grandes quantidades de dinheiro vivo. As investiga\u00e7\u00f5es da rachadinha tamb\u00e9m lidam com transa\u00e7\u00f5es em esp\u00e9cie. A cada passo do Minist\u00e9rio P\u00fablico, ficar\u00e1 mais dif\u00edcil para Bolsonaro dizer que n\u00e3o tem nada com a hist\u00f3ria.<\/p>\n","protected":false},"excerpt":{"rendered":"<p>Em 2016, Donald Trump disse que nem um flagrante de homic\u00eddio abalaria a fidelidade de seus eleitores. \u201cEu poderia atirar em algu\u00e9m no meio da &#8230;<\/p>\n","protected":false},"author":1,"featured_media":17451,"comment_status":"open","ping_status":"open","sticky":false,"template":"","format":"standard","meta":{"footnotes":""},"categories":[1],"tags":[],"class_list":["post-17449","post","type-post","status-publish","format-standard","has-post-thumbnail","hentry","category-nacional"],"_links":{"self":[{"href":"https:\/\/www.jornalcontato.com.br\/home\/index.php\/wp-json\/wp\/v2\/posts\/17449","targetHints":{"allow":["GET"]}}],"collection":[{"href":"https:\/\/www.jornalcontato.com.br\/home\/index.php\/wp-json\/wp\/v2\/posts"}],"about":[{"href":"https:\/\/www.jornalcontato.com.br\/home\/index.php\/wp-json\/wp\/v2\/types\/post"}],"author":[{"embeddable":true,"href":"https:\/\/www.jornalcontato.com.br\/home\/index.php\/wp-json\/wp\/v2\/users\/1"}],"replies":[{"embeddable":true,"href":"https:\/\/www.jornalcontato.com.br\/home\/index.php\/wp-json\/wp\/v2\/comments?post=17449"}],"version-history":[{"count":1,"href":"https:\/\/www.jornalcontato.com.br\/home\/index.php\/wp-json\/wp\/v2\/posts\/17449\/revisions"}],"predecessor-version":[{"id":17452,"href":"https:\/\/www.jornalcontato.com.br\/home\/index.php\/wp-json\/wp\/v2\/posts\/17449\/revisions\/17452"}],"wp:featuredmedia":[{"embeddable":true,"href":"https:\/\/www.jornalcontato.com.br\/home\/index.php\/wp-json\/wp\/v2\/media\/17451"}],"wp:attachment":[{"href":"https:\/\/www.jornalcontato.com.br\/home\/index.php\/wp-json\/wp\/v2\/media?parent=17449"}],"wp:term":[{"taxonomy":"category","embeddable":true,"href":"https:\/\/www.jornalcontato.com.br\/home\/index.php\/wp-json\/wp\/v2\/categories?post=17449"},{"taxonomy":"post_tag","embeddable":true,"href":"https:\/\/www.jornalcontato.com.br\/home\/index.php\/wp-json\/wp\/v2\/tags?post=17449"}],"curies":[{"name":"wp","href":"https:\/\/api.w.org\/{rel}","templated":true}]}}