{"id":17415,"date":"2019-11-21T19:17:05","date_gmt":"2019-11-21T22:17:05","guid":{"rendered":"http:\/\/www.jornalcontato.com.br\/home\/?p=17415"},"modified":"2019-11-21T19:17:05","modified_gmt":"2019-11-21T22:17:05","slug":"um-ministro-contra-a-republica-bernardo-mello-franco","status":"publish","type":"post","link":"https:\/\/www.jornalcontato.com.br\/home\/index.php\/um-ministro-contra-a-republica-bernardo-mello-franco\/","title":{"rendered":"Um ministro contra a Rep\u00fablica (Bernardo Mello Franco)"},"content":{"rendered":"<p style=\"text-align: center;\"><em><strong>Ministro da Educa\u00e7\u00e3o afirma que a proclama\u00e7\u00e3o da Rep\u00fablica foi uma inf\u00e2mia, ganhou um editorial do Estad\u00e3o intitulado de Linha Vermelha diante da diatribes incompat\u00edveis com o cargo<\/strong><\/em><\/p>\n<p>O ministro da Educa\u00e7\u00e3o, Abraham Weintraub, \u00e9 um fanfarr\u00e3o em tempo integral. N\u00e3o d\u00e1 tr\u00e9gua nem nos feriados. Na semana passada, ele tirou o 15 de Novembro para praguejar contra a Rep\u00fablica. \u201cO que diabos estamos comemorando hoje? H\u00e1 130 anos foi cometida uma inf\u00e2mia\u201d, escreveu, nas redes sociais.<\/p>\n<p>Uma seguidora respondeu que, em caso de volta da monarquia, o ministro seria nomeado bobo da corte. Ele se destemperou e reagiu como um menino enfezado: \u201cEu prefiro cuidar dos est\u00e1bulos. Ficaria mais perto da \u00e9gua sarnenta e desdentada da sua m\u00e3e\u201d.<\/p>\n<p>Falta de decoro \u00e0 parte, a fala de Weintraub mostrou que a monarquia est\u00e1 em alta no bolsonarismo. As bandeiras do Imp\u00e9rio reapareceram nas manifesta\u00e7\u00f5es a favor do impeachment de Dilma Rousseff. Eram empunhadas por grupos pequenos, que depois se incorporaram \u00e0 campanha pelo atual presidente.<\/p>\n<p>O chefe da turma \u00e9 dom Bertrand de Orleans e Bragan\u00e7a, bisneto da princesa Isabel. Ligado \u00e0 velha TFP (Tradi\u00e7\u00e3o Fam\u00edlia e Propriedade), ele defende a restaura\u00e7\u00e3o da Coroa em causa pr\u00f3pria. Em outubro, participou de uma confer\u00eancia organizada pelo cl\u00e3 Bolsonaro.<\/p>\n<p><a href=\"http:\/\/jornalcontato.com.br\/home\/wp-content\/uploads\/2019\/11\/Ministro-fanfarrao.jpg\"><img loading=\"lazy\" decoding=\"async\" class=\"aligncenter size-full wp-image-17416\" src=\"http:\/\/jornalcontato.com.br\/home\/wp-content\/uploads\/2019\/11\/Ministro-fanfarrao.jpg\" alt=\"Ministro fanfarrao\" width=\"299\" height=\"168\" \/><\/a><\/p>\n<p style=\"text-align: center;\"><em><strong>Para o ministro despreparado, &#8220;a Globo j\u00e1 era&#8221;<\/strong><\/em><\/p>\n<p>O monarquismo de Weintraub faz parte de um movimento de revisionismo hist\u00f3rico. Reescrever o passado virou <em>hobby<\/em> da ultradireita brasileira. Em outra frente, o presidente e seus filhos exaltam a ditadura militar e tratam torturadores como her\u00f3is.<\/p>\n<p>A ideia de que a proclama\u00e7\u00e3o foi uma \u201cinf\u00e2mia\u201d n\u00e3o se sustenta em fatos. O novo \u201cDicion\u00e1rio da Rep\u00fablica\u201d (Companhia das Letras), organizado pelas historiadoras Lilia M. Schwarcz e Heloisa M. Starling, oferece um bom ant\u00eddoto contra a mistifica\u00e7\u00e3o.<\/p>\n<p>Num dos ensaios, a soci\u00f3loga \u00c2ngela Alonso reconstitui o 15 de Novembro. \u201cEmbora a imagem p\u00f3stera seja de golpe da caserna, sem povo e de escravistas ressentidos, a Rep\u00fablica se inaugurou com mobiliza\u00e7\u00e3o civil-militar e gente nas ruas\u201d, escreve.<\/p>\n<p>Ela lembra que o movimento nasceu bem antes de 1889, com demandas como o fim da escravid\u00e3o e o combate a privil\u00e9gios. N\u00e3o cumpriu todas as promessas, mas \u201cderrubou um regime arcaico, excludente e desigual\u201d.<\/p>\n","protected":false},"excerpt":{"rendered":"<p>Ministro da Educa\u00e7\u00e3o afirma que a proclama\u00e7\u00e3o da Rep\u00fablica foi uma inf\u00e2mia, ganhou um editorial do Estad\u00e3o intitulado de Linha Vermelha diante da diatribes incompat\u00edveis &#8230;<\/p>\n","protected":false},"author":1,"featured_media":17417,"comment_status":"open","ping_status":"open","sticky":false,"template":"","format":"standard","meta":{"footnotes":""},"categories":[1],"tags":[],"class_list":["post-17415","post","type-post","status-publish","format-standard","has-post-thumbnail","hentry","category-nacional"],"_links":{"self":[{"href":"https:\/\/www.jornalcontato.com.br\/home\/index.php\/wp-json\/wp\/v2\/posts\/17415","targetHints":{"allow":["GET"]}}],"collection":[{"href":"https:\/\/www.jornalcontato.com.br\/home\/index.php\/wp-json\/wp\/v2\/posts"}],"about":[{"href":"https:\/\/www.jornalcontato.com.br\/home\/index.php\/wp-json\/wp\/v2\/types\/post"}],"author":[{"embeddable":true,"href":"https:\/\/www.jornalcontato.com.br\/home\/index.php\/wp-json\/wp\/v2\/users\/1"}],"replies":[{"embeddable":true,"href":"https:\/\/www.jornalcontato.com.br\/home\/index.php\/wp-json\/wp\/v2\/comments?post=17415"}],"version-history":[{"count":1,"href":"https:\/\/www.jornalcontato.com.br\/home\/index.php\/wp-json\/wp\/v2\/posts\/17415\/revisions"}],"predecessor-version":[{"id":17418,"href":"https:\/\/www.jornalcontato.com.br\/home\/index.php\/wp-json\/wp\/v2\/posts\/17415\/revisions\/17418"}],"wp:featuredmedia":[{"embeddable":true,"href":"https:\/\/www.jornalcontato.com.br\/home\/index.php\/wp-json\/wp\/v2\/media\/17417"}],"wp:attachment":[{"href":"https:\/\/www.jornalcontato.com.br\/home\/index.php\/wp-json\/wp\/v2\/media?parent=17415"}],"wp:term":[{"taxonomy":"category","embeddable":true,"href":"https:\/\/www.jornalcontato.com.br\/home\/index.php\/wp-json\/wp\/v2\/categories?post=17415"},{"taxonomy":"post_tag","embeddable":true,"href":"https:\/\/www.jornalcontato.com.br\/home\/index.php\/wp-json\/wp\/v2\/tags?post=17415"}],"curies":[{"name":"wp","href":"https:\/\/api.w.org\/{rel}","templated":true}]}}