{"id":17409,"date":"2019-11-21T18:48:48","date_gmt":"2019-11-21T21:48:48","guid":{"rendered":"http:\/\/www.jornalcontato.com.br\/home\/?p=17409"},"modified":"2019-11-21T18:59:47","modified_gmt":"2019-11-21T21:59:47","slug":"francis-hime-hoje-o-album-aquiles-do-mpb4","status":"publish","type":"post","link":"https:\/\/www.jornalcontato.com.br\/home\/index.php\/francis-hime-hoje-o-album-aquiles-do-mpb4\/","title":{"rendered":"Francis Hime: &#8220;HOJE&#8221;, o album (Aquiles, do MPB4)"},"content":{"rendered":"<p>Problemas com grana? A vida t\u00e1 chata? Pois saiba que os seus problemas acabaram&#8230; Basta ouvir o novo CD de Francis Hime: \u201c<em>Hoje<\/em>\u201d (Biscoito Fino). \u00c1lbum de in\u00e9ditas feito para comemorar os 80 anos de Francis (um menino!) e seus 50 anos de m\u00fasica.<\/p>\n<p>Olivia fez a produ\u00e7\u00e3o executiva, o violonista Paulo Arag\u00e3o cuidou da grava\u00e7\u00e3o e da mixagem. E Francis a tudo dirigiu, fez arranjos, tocou piano e cantou com alguns de seus convidados. O resultado \u00e9 um solu\u00e7o de l\u00e1grimas, de euforia e harmonia, envoltas num companheirismo virtuoso.<\/p>\n<p>\u201c<em>Voc\u00ea<\/em>\u201d, o \u00e1lbum, \u00e9 tocante, comovedor. E feliz est\u00e1 Hime ao abri-lo cantando \u201cDesdenhosa\u201d (dele e Herm\u00ednio Bello de Carvalho). Absolutamente geniais, melodia, harmonia e versos t\u00eam a profundez de um bom choro.<\/p>\n<p>\u201cSofr\u00eancia\u201d (Francis e Thiago Amud) tem intro citando \u201cConsola\u00e7\u00e3o\u201d e \u201cLamento do Morro\u201d, dois belos sambas antigos de Tom e Vin\u00edcius.<\/p>\n<p>Chico Buarque canta \u201cLaura\u201d (Francis e Olivia Hime), dando ainda mais maciez aos versos carinhosos de Olivia, feitos em amor \u00e0 neta.<\/p>\n<p><a href=\"http:\/\/jornalcontato.com.br\/home\/wp-content\/uploads\/2019\/11\/Olivia-e-Francis-Hime.jpg\"><img loading=\"lazy\" decoding=\"async\" class=\"aligncenter size-full wp-image-17410\" src=\"http:\/\/jornalcontato.com.br\/home\/wp-content\/uploads\/2019\/11\/Olivia-e-Francis-Hime.jpg\" alt=\"Olivia e Francis Hime\" width=\"275\" height=\"183\" \/><\/a><\/p>\n<p style=\"text-align: center;\"><em><strong>Olivia e Francis Hime, unidos pela m\u00fasica<\/strong><\/em><\/p>\n<p>\u201cSamba Dolente\u201d (Francis e Olivia Hime) \u00e9 amor. A harmonia e a melodia de Francis continuam requintadas. Os versos de Olivia ajuntam imagens que de tanto amar se unem. Meu Deus!<\/p>\n<p>Lenine se d\u00e1 por inteiro a \u201cO Tempo e a Vida\u201d (FH e Tiago Torres da Silva) \u2013pois l\u00e1 est\u00e3o a for\u00e7a e a beleza do seu cantar. Com muitas notas mudando a cada s\u00edlaba, a melodia n\u00e3o \u00e9 f\u00e1cil de ser cantada. O resultado \u00e9 inspirador.<\/p>\n<p>De FH e Ana Terra, \u201cMais Sagrado\u201d tem intro afetiva. Francis canta feito gente grande&#8230; como gente que honra a qualidade que tem e a estimula.<\/p>\n<p>\u201cSoneto de Aus\u00eancia\u201d (FH e Paulinho Pinheiro) inicia s\u00f3 com o viol\u00e3o. Logo Francis canta a letra. Feito g\u00eameos, voz e instrumento se abra\u00e7am&#8230; n\u00e3o querem deixar de se tocar.<\/p>\n<p>Em \u201cFlores Pra Ficar\u201d (Adriana Calcanhoto e FH), os parceiros dividem o canto e multiplicam a textura dos versos, como nos do final: \u201c(&#8230;) <em>Existir\u00e1 primavera mais vera\/ Que aquela onde a gente est\u00e1\/ Pelas ruas at\u00e9 o sol se deitar\/ E o medo n\u00e3o lhes faz companhia\u201d<\/em>. Belo!<\/p>\n<p>\u201cSamba Funk\u201d (FH e Geraldo Carneiro) tem intro dos metais. A letra \u00e9 tiro e queda. O <em>intermezzo<\/em> do trompete \u00e9 papo reto, enquanto Francis se esbalda no samba sincopado.<\/p>\n<p>Francis e Olivia, como sempre, e para sempre, grudados ao sabor das voltas do mundo, cantam juntos a sua bela can\u00e7\u00e3o \u201cMenino do Mar\u201d. Emocionante.<\/p>\n<p>\u201cPieta\u201d (FH e Silvana Gontijo) tem Olivia com voz madura e empoderada. Violino e piano tocam a intro. O piano segue. Viol\u00e3o e cello d\u00e3o ares de solene atmosfera ao arranjo que liga \u201cPieta\u201d a \u201cJogo da Vida\u201d, outra parceria de FH e Gontijo, cujos versos revelam: \u201c(&#8230;) <em>Mesmo a morte n\u00e3o impedir\u00e1\/ Mesmo a morte\/ S\u00f3 a morte me permitir\u00e1\/ Afinal te encontrar<\/em> (&#8230;)\u201d.<\/p>\n<p>Para fechar a tampa, Olivia se ajunta a S\u00e9rgio Santos e a euforia toma conta do peda\u00e7o. Com vocalises energizados de Sergio Santos, e num <em>affretando<\/em> porreta, o arranjo \u00e9 casca grossa&#8230;.<\/p>\n<p>\u00c9 quando <strong><em>Hoje<\/em><\/strong>, o \u00e1lbum, deixa ser apenas um momento para ser um dia na eternidade da m\u00fasica.<\/p>\n<p style=\"text-align: right;\"><strong><em>Aquiles Rique Reis<\/em><\/strong><em>, vocalista do MPB4<\/em><\/p>\n","protected":false},"excerpt":{"rendered":"<p>Problemas com grana? A vida t\u00e1 chata? Pois saiba que os seus problemas acabaram&#8230; Basta ouvir o novo CD de Francis Hime: \u201cHoje\u201d (Biscoito Fino). &#8230;<\/p>\n","protected":false},"author":1,"featured_media":17414,"comment_status":"open","ping_status":"open","sticky":false,"template":"","format":"standard","meta":{"footnotes":""},"categories":[1],"tags":[],"class_list":["post-17409","post","type-post","status-publish","format-standard","has-post-thumbnail","hentry","category-nacional"],"_links":{"self":[{"href":"https:\/\/www.jornalcontato.com.br\/home\/index.php\/wp-json\/wp\/v2\/posts\/17409","targetHints":{"allow":["GET"]}}],"collection":[{"href":"https:\/\/www.jornalcontato.com.br\/home\/index.php\/wp-json\/wp\/v2\/posts"}],"about":[{"href":"https:\/\/www.jornalcontato.com.br\/home\/index.php\/wp-json\/wp\/v2\/types\/post"}],"author":[{"embeddable":true,"href":"https:\/\/www.jornalcontato.com.br\/home\/index.php\/wp-json\/wp\/v2\/users\/1"}],"replies":[{"embeddable":true,"href":"https:\/\/www.jornalcontato.com.br\/home\/index.php\/wp-json\/wp\/v2\/comments?post=17409"}],"version-history":[{"count":1,"href":"https:\/\/www.jornalcontato.com.br\/home\/index.php\/wp-json\/wp\/v2\/posts\/17409\/revisions"}],"predecessor-version":[{"id":17412,"href":"https:\/\/www.jornalcontato.com.br\/home\/index.php\/wp-json\/wp\/v2\/posts\/17409\/revisions\/17412"}],"wp:featuredmedia":[{"embeddable":true,"href":"https:\/\/www.jornalcontato.com.br\/home\/index.php\/wp-json\/wp\/v2\/media\/17414"}],"wp:attachment":[{"href":"https:\/\/www.jornalcontato.com.br\/home\/index.php\/wp-json\/wp\/v2\/media?parent=17409"}],"wp:term":[{"taxonomy":"category","embeddable":true,"href":"https:\/\/www.jornalcontato.com.br\/home\/index.php\/wp-json\/wp\/v2\/categories?post=17409"},{"taxonomy":"post_tag","embeddable":true,"href":"https:\/\/www.jornalcontato.com.br\/home\/index.php\/wp-json\/wp\/v2\/tags?post=17409"}],"curies":[{"name":"wp","href":"https:\/\/api.w.org\/{rel}","templated":true}]}}