{"id":17404,"date":"2019-11-20T10:06:43","date_gmt":"2019-11-20T13:06:43","guid":{"rendered":"http:\/\/www.jornalcontato.com.br\/home\/?p=17404"},"modified":"2019-11-20T10:06:43","modified_gmt":"2019-11-20T13:06:43","slug":"elo-entre-moro-e-a-campanha-de-2018-e-um-misterio-elio-gaspari","status":"publish","type":"post","link":"https:\/\/www.jornalcontato.com.br\/home\/index.php\/elo-entre-moro-e-a-campanha-de-2018-e-um-misterio-elio-gaspari\/","title":{"rendered":"Elo entre Moro e a campanha de 2018 \u00e9 um mist\u00e9rio (Elio Gaspari)"},"content":{"rendered":"<p style=\"text-align: center;\"><strong><em>Tudo seria o jogo jogado se Moro n\u00e3o tivesse soltado o anexo da dela\u00e7\u00e3o de Palocci quatro dias antes do primeiro turno<\/em><\/strong><\/p>\n<p>Gustavo Bebianno, ex-secret\u00e1rio-geral da Presid\u00eancia e copiloto da campanha de Jair Bolsonaro quando ela cabia numa Kombi, contou ao rep\u00f3rter F\u00e1bio Pannunzio [Band] que o juiz Sergio Moro j\u00e1 estava convidado para o Minist\u00e9rio da Justi\u00e7a antes que as urnas do segundo turno come\u00e7assem a ser apuradas. Mais: naquela tarde de 28 de outubro, o \u201cPosto Ipiranga\u201d Paulo Guedes revelou-lhe que havia conversado com o juiz \u201ccinco ou seis vezes\u201d.<\/p>\n<p>Talvez o mist\u00e9rio da conex\u00e3o de Moro coma campanha de Jair Bolsonaro pudesse ser desvendado se os envolvidos ralassem nos m\u00e9todos da Lava-Jato: condu\u00e7\u00e3o coercitiva, pris\u00e3o preventiva intermin\u00e1vel e oferta de dela\u00e7\u00e3o premiada. N\u00e3o \u00e9 o caso.<\/p>\n<p>Diversas mensagens trocadas por procuradores da Lava-Jato indicam que eles torciam pela derrota de Fernando Haddad na elei\u00e7\u00e3o. Uma doutora escreveu: \u201cAndo muito preocupada com uma poss\u00edvel volta do PT, mas tenho rezado muito para Deus iluminar nossa popula\u00e7\u00e3o para que um milagre nos salve.\u201d<\/p>\n<p>Num lance inexplic\u00e1vel, seis dias antes do primeiro turno de 7 de outubro, Moro divulgou um dos anexos da colabora\u00e7\u00e3o do ex-ministro petista Antonio Palocci. Era um pastel de vento, com acusa\u00e7\u00f5es vagas que at\u00e9 hoje deram em nada. A oferta de dela\u00e7\u00e3o de Palocci j\u00e1 tinha sido recusada pelo Minist\u00e9rio P\u00fablico, e o pr\u00f3prio Moro havia duvidado de sua consist\u00eancia. Segundo o procurador Carlos Fernando de Souza: \u201cN\u00e3o tinha provas suficientes. N\u00e3o tinha bons caminhos investigativos\u201d.<\/p>\n<p><a href=\"http:\/\/jornalcontato.com.br\/home\/wp-content\/uploads\/2019\/11\/Palocci.jpg\"><img loading=\"lazy\" decoding=\"async\" class=\"aligncenter size-full wp-image-17405\" src=\"http:\/\/jornalcontato.com.br\/home\/wp-content\/uploads\/2019\/11\/Palocci.jpg\" alt=\"Palocci\" width=\"275\" height=\"183\" \/><\/a><\/p>\n<p style=\"text-align: center;\"><em><strong>Palocci n\u00e3o convenceu, mas Moro divulgou suas declara\u00e7\u00f5es<\/strong><\/em><\/p>\n<p>Houve um certo sincronismo entre os vazamentos da dela\u00e7\u00e3o de Palocci e a campanha eleitoral. Moro determinou pris\u00e3o de Lula no in\u00edcio de maio, e semanas depois as confiss\u00f5es do ex-ministro come\u00e7aram a pipocar.<\/p>\n<p>Doze dias depois do primeiro turno e 11 dias antes do segundo, a revista eletr\u00f4nica Cruso\u00e9 informou: \u201cSergio Moro aceitou ser ministro do governo Jair Bolsonaro\u201d. No dia seguinte circulou a not\u00edcia de que Moro aceitaria ser nomeado para o Supremo Tribunal Federal. Mais tarde, o doutor revelaria que no dia 23 de outubro (cinco dias antes do segundo turno) foi sondado por Paulo Guedes para entrar no governo.<\/p>\n<p>No dia do segundo turno, Guedes revelou a Bebianno que Moro havia sido convidado. No dia seguinte, Bolsonaro fez que n\u00e3o sabia de nada: \u201cPretendo conversar com ele para ver h\u00e1 interesse da parte dele. Se eu tivesse falado isso antes soaria como oportunismo.\u201d<\/p>\n<p><a href=\"http:\/\/jornalcontato.com.br\/home\/wp-content\/uploads\/2019\/11\/Bebiano-Moro-e-Guedes.jpeg\"><img loading=\"lazy\" decoding=\"async\" class=\"aligncenter size-large wp-image-17406\" src=\"http:\/\/jornalcontato.com.br\/home\/wp-content\/uploads\/2019\/11\/Bebiano-Moro-e-Guedes-450x216.jpeg\" alt=\"Bebiano, Moro e Guedes\" width=\"450\" height=\"216\" srcset=\"https:\/\/jornalcontato.com.br\/home\/wp-content\/uploads\/2019\/11\/Bebiano-Moro-e-Guedes-450x216.jpeg 450w, https:\/\/jornalcontato.com.br\/home\/wp-content\/uploads\/2019\/11\/Bebiano-Moro-e-Guedes-300x144.jpeg 300w, https:\/\/jornalcontato.com.br\/home\/wp-content\/uploads\/2019\/11\/Bebiano-Moro-e-Guedes-768x369.jpeg 768w, https:\/\/jornalcontato.com.br\/home\/wp-content\/uploads\/2019\/11\/Bebiano-Moro-e-Guedes.jpeg 1250w\" sizes=\"auto, (max-width: 450px) 100vw, 450px\" \/><\/a><\/p>\n<p style=\"text-align: center;\"><em><strong>Paulo Guedes seria o interlocutor junto a Sergio Moro e Bebiano<\/strong><\/em><\/p>\n<p>Bolsonaro n\u00e3o falou com Moro durante a campanha, mas Guedes falou. Moro, por sua vez, informou que \u201ccaso efetivado oportunamente o convite, ser\u00e1 objeto de ponderada discuss\u00e3o e reflex\u00e3o.\u201d Parolagem, o convite j\u00e1 havia sido feito.<\/p>\n<p>Nessa conversa fiada, a \u00fanica voz sincera foi a do general Hamilton Mour\u00e3o: \u201cIsso j\u00e1 faz tempo, durante a campanha foi feito um contato\u201d. Esse contato teria acontecido semanas antes.<\/p>\n<p>Quantas semanas? Se foram duas, as conversas se deram entre os dois turnos. Se foram tr\u00eas, podem ter acontecido antes do primeiro turno. Aquilo que Bebianno chamou de \u201cconversas\u201d n\u00e3o podem ser tomadas como convites. Foram sondagens bem-sucedidas. Como teriam sido cinco ou seis, a alma da manobra est\u00e1 na data da primeira.<\/p>\n<p>Tudo seria o jogo jogado se Moro n\u00e3o tivesse soltado o anexo da dela\u00e7\u00e3o de Palocci quatro dias antes do primeiro turno.<\/p>\n","protected":false},"excerpt":{"rendered":"<p>Tudo seria o jogo jogado se Moro n\u00e3o tivesse soltado o anexo da dela\u00e7\u00e3o de Palocci quatro dias antes do primeiro turno Gustavo Bebianno, ex-secret\u00e1rio-geral &#8230;<\/p>\n","protected":false},"author":1,"featured_media":17407,"comment_status":"open","ping_status":"open","sticky":false,"template":"","format":"standard","meta":{"footnotes":""},"categories":[1],"tags":[],"class_list":["post-17404","post","type-post","status-publish","format-standard","has-post-thumbnail","hentry","category-nacional"],"_links":{"self":[{"href":"https:\/\/www.jornalcontato.com.br\/home\/index.php\/wp-json\/wp\/v2\/posts\/17404","targetHints":{"allow":["GET"]}}],"collection":[{"href":"https:\/\/www.jornalcontato.com.br\/home\/index.php\/wp-json\/wp\/v2\/posts"}],"about":[{"href":"https:\/\/www.jornalcontato.com.br\/home\/index.php\/wp-json\/wp\/v2\/types\/post"}],"author":[{"embeddable":true,"href":"https:\/\/www.jornalcontato.com.br\/home\/index.php\/wp-json\/wp\/v2\/users\/1"}],"replies":[{"embeddable":true,"href":"https:\/\/www.jornalcontato.com.br\/home\/index.php\/wp-json\/wp\/v2\/comments?post=17404"}],"version-history":[{"count":1,"href":"https:\/\/www.jornalcontato.com.br\/home\/index.php\/wp-json\/wp\/v2\/posts\/17404\/revisions"}],"predecessor-version":[{"id":17408,"href":"https:\/\/www.jornalcontato.com.br\/home\/index.php\/wp-json\/wp\/v2\/posts\/17404\/revisions\/17408"}],"wp:featuredmedia":[{"embeddable":true,"href":"https:\/\/www.jornalcontato.com.br\/home\/index.php\/wp-json\/wp\/v2\/media\/17407"}],"wp:attachment":[{"href":"https:\/\/www.jornalcontato.com.br\/home\/index.php\/wp-json\/wp\/v2\/media?parent=17404"}],"wp:term":[{"taxonomy":"category","embeddable":true,"href":"https:\/\/www.jornalcontato.com.br\/home\/index.php\/wp-json\/wp\/v2\/categories?post=17404"},{"taxonomy":"post_tag","embeddable":true,"href":"https:\/\/www.jornalcontato.com.br\/home\/index.php\/wp-json\/wp\/v2\/tags?post=17404"}],"curies":[{"name":"wp","href":"https:\/\/api.w.org\/{rel}","templated":true}]}}