{"id":17396,"date":"2019-11-19T16:13:10","date_gmt":"2019-11-19T19:13:10","guid":{"rendered":"http:\/\/www.jornalcontato.com.br\/home\/?p=17396"},"modified":"2019-11-19T16:15:08","modified_gmt":"2019-11-19T19:15:08","slug":"facilitar-a-vida-de-desmatadores-foi-promessa-de-campanha-bernardo-mello-franco","status":"publish","type":"post","link":"https:\/\/www.jornalcontato.com.br\/home\/index.php\/facilitar-a-vida-de-desmatadores-foi-promessa-de-campanha-bernardo-mello-franco\/","title":{"rendered":"Facilitar a vida de desmatadores foi promessa de campanha (Bernardo Mello Franco)"},"content":{"rendered":"<p style=\"text-align: center;\"><em><strong>Bolsonaro e Salles, ministro do Meio Ambiente<\/strong><\/em><\/p>\n<p style=\"text-align: center;\"><strong><em>Desde a campanha, Bolsonaro promete facilitar a vida dos desmatadores. No poder, ele se aliou aos madeireiros e passou a hostilizar l\u00edderes ind\u00edgenas e ambientalistas<\/em><\/strong><\/p>\n<p>N\u00e3o cabia mais ningu\u00e9m no audit\u00f3rio da Fiesp. Numa noite fria de junho, o presidente cantou o Hino Nacional, posou para fotos e ganhou uma medalha dos capit\u00e3es da ind\u00fastria. Depois caminhou at\u00e9 a tribuna e passou a elogiar o ministro do Meio Ambiente.<\/p>\n<p>\u201cO Ricardo Salles \u00e9 um homem que est\u00e1 no lugar certo\u201d, exaltou. \u201cOs produtores rurais, cada vez mais, t\u00eam menos medo do Ibama. Eu paguei uma miss\u00e3o para ele: \u2018Mete a foice em todo mundo\u2019. N\u00e3o quero xiita ocupando esses cargos\u201d, prosseguiu.<\/p>\n<p>A plateia interrompeu o discurso com aplausos. Animado, Jair Bolsonaro continuou a enaltecer o ministro. \u201cN\u00e3o podemos ter uma pol\u00edtica ambiental como t\u00ednhamos h\u00e1 pouco tempo\u201d, disse. Em seguida, esbravejou contra a demarca\u00e7\u00e3o de terras ind\u00edgenas e prometeu acabar com a \u201cind\u00fastria de esta\u00e7\u00f5es ecol\u00f3gicas\u201d.<\/p>\n<p>Ontem o Inpe divulgou os dados do Prodes, que mede a taxa anual de desmatamento da Amaz\u00f4nia. A devasta\u00e7\u00e3o chegou a 9.762 quil\u00f4metros quadrados, o pior resultado desde 2008. Em 12 meses, o Brasil perdeu o equivalente a um L\u00edbano de florestas.<\/p>\n<div id=\"attachment_17398\" style=\"width: 450px\" class=\"wp-caption aligncenter\"><a href=\"http:\/\/jornalcontato.com.br\/home\/wp-content\/uploads\/2019\/11\/Desmatamento-1.jpeg\"><img loading=\"lazy\" decoding=\"async\" aria-describedby=\"caption-attachment-17398\" class=\"size-large wp-image-17398\" src=\"http:\/\/jornalcontato.com.br\/home\/wp-content\/uploads\/2019\/11\/Desmatamento-1-450x300.jpeg\" alt=\"Bras\u00edlia (13\/06\/2018) \u2013 O Ibama e a Secretaria de Estado de Meio Ambiente (Sema) de Mato Grosso, com apoio do Centro Integrado de Opera\u00e7\u00f5es A\u00e9reas (Ciopaer-MT) e da For\u00e7a Nacional, iniciaram nesta ter\u00e7a-feira (12\/06) opera\u00e7\u00e3o conjunta para coibir o desmatamento ilegal da Amaz\u00f4nia. Na primeira a\u00e7\u00e3o, agentes ambientais flagraram o corte raso de 160 hectares em \u00e1rea de Reserva Legal em Tapurah (MT) por corrent\u00e3o, t\u00e9cnica que usa dois tratores e uma corrente com elos grossos para derrubar a vegeta\u00e7\u00e3o nativa.Na base utilizada pelos infratores foram apreendidos um caminh\u00e3o, uma p\u00e1 carregadeira, uma moto, uma camionete, motosserras e documentos que evidenciam a sa\u00edda da madeira, al\u00e9m de fichas de funcion\u00e1rios e comprovantes de transa\u00e7\u00f5es banc\u00e1rias. A Sema estima que a a\u00e7\u00e3o evitou o desmatamento de outros 800 hectares.Foto: Mayke Toscano\/Gcom-MT\" width=\"450\" height=\"300\" srcset=\"https:\/\/jornalcontato.com.br\/home\/wp-content\/uploads\/2019\/11\/Desmatamento-1-450x300.jpeg 450w, https:\/\/jornalcontato.com.br\/home\/wp-content\/uploads\/2019\/11\/Desmatamento-1-300x200.jpeg 300w, https:\/\/jornalcontato.com.br\/home\/wp-content\/uploads\/2019\/11\/Desmatamento-1-768x512.jpeg 768w, https:\/\/jornalcontato.com.br\/home\/wp-content\/uploads\/2019\/11\/Desmatamento-1.jpeg 1200w\" sizes=\"auto, (max-width: 450px) 100vw, 450px\" \/><\/a><p id=\"caption-attachment-17398\" class=\"wp-caption-text\"><em><strong>Corrent\u00e3o, t\u00e9cnica que usa dois tratores e uma corrente com elos grossos para derrubar a vegeta\u00e7\u00e3o nativa<\/strong><\/em><\/p><\/div>\n<p>\u201cOs n\u00fameros s\u00e3o um atestado do desastre que estamos vivendo\u201d, diz o secret\u00e1rio-executivo do Observat\u00f3rio do Clima, Carlos Rittl. \u201cE o principal motivo \u00e9 a agenda antiambiental de Salles e Bolsonaro\u201d, resume.<\/p>\n<p>Desde a campanha, o presidente promete facilitar a vida dos desmatadores. No poder, ele se aliou a garimpeiros, madeireiros e grileiros de terras. Para agrad\u00e1-los, passou a hostilizar l\u00edderes ind\u00edgenas e ambientalistas que se ariscam na defesa da mata.<\/p>\n<p>Em agosto, Bolsonaro brigou com os n\u00fameros do Inpe e demitiu o cientista que dirigia o instituto. A atitude s\u00f3 serviu para minar a credibilidade do pa\u00eds, que voltou a ser visto como um vil\u00e3o ambiental.<\/p>\n<p>Recrutado no Partido Novo, Salles se revelou o homem certo para \u201cmeter a foice\u201d e desmontar os \u00f3rg\u00e3os de fiscaliza\u00e7\u00e3o. Enquanto a Amaz\u00f4nia ardia, as autua\u00e7\u00f5es por crime ambiental recuaram 23%. Na Fiesp, Bolsonaro disse aos empres\u00e1rios que as puni\u00e7\u00f5es \u201cv\u00e3o continuar diminuindo\u201d. \u201cVamos acabar com essa ind\u00fastria da multa\u201d, prometeu.<\/p>\n","protected":false},"excerpt":{"rendered":"<p>Bolsonaro e Salles, ministro do Meio Ambiente Desde a campanha, Bolsonaro promete facilitar a vida dos desmatadores. No poder, ele se aliou aos madeireiros e &#8230;<\/p>\n","protected":false},"author":1,"featured_media":17399,"comment_status":"open","ping_status":"open","sticky":false,"template":"","format":"standard","meta":{"footnotes":""},"categories":[1],"tags":[],"class_list":["post-17396","post","type-post","status-publish","format-standard","has-post-thumbnail","hentry","category-nacional"],"_links":{"self":[{"href":"https:\/\/www.jornalcontato.com.br\/home\/index.php\/wp-json\/wp\/v2\/posts\/17396","targetHints":{"allow":["GET"]}}],"collection":[{"href":"https:\/\/www.jornalcontato.com.br\/home\/index.php\/wp-json\/wp\/v2\/posts"}],"about":[{"href":"https:\/\/www.jornalcontato.com.br\/home\/index.php\/wp-json\/wp\/v2\/types\/post"}],"author":[{"embeddable":true,"href":"https:\/\/www.jornalcontato.com.br\/home\/index.php\/wp-json\/wp\/v2\/users\/1"}],"replies":[{"embeddable":true,"href":"https:\/\/www.jornalcontato.com.br\/home\/index.php\/wp-json\/wp\/v2\/comments?post=17396"}],"version-history":[{"count":4,"href":"https:\/\/www.jornalcontato.com.br\/home\/index.php\/wp-json\/wp\/v2\/posts\/17396\/revisions"}],"predecessor-version":[{"id":17403,"href":"https:\/\/www.jornalcontato.com.br\/home\/index.php\/wp-json\/wp\/v2\/posts\/17396\/revisions\/17403"}],"wp:featuredmedia":[{"embeddable":true,"href":"https:\/\/www.jornalcontato.com.br\/home\/index.php\/wp-json\/wp\/v2\/media\/17399"}],"wp:attachment":[{"href":"https:\/\/www.jornalcontato.com.br\/home\/index.php\/wp-json\/wp\/v2\/media?parent=17396"}],"wp:term":[{"taxonomy":"category","embeddable":true,"href":"https:\/\/www.jornalcontato.com.br\/home\/index.php\/wp-json\/wp\/v2\/categories?post=17396"},{"taxonomy":"post_tag","embeddable":true,"href":"https:\/\/www.jornalcontato.com.br\/home\/index.php\/wp-json\/wp\/v2\/tags?post=17396"}],"curies":[{"name":"wp","href":"https:\/\/api.w.org\/{rel}","templated":true}]}}